{"id":18977,"date":"2018-03-09T09:07:47","date_gmt":"2018-03-09T09:07:47","guid":{"rendered":"https:\/\/www.deberes.net\/tesis\/sin-categoria\/clero-secular-y-accion-catolica-en-la-galicia-del-nacional-catolicismo-1936-1965\/"},"modified":"2018-03-09T09:07:47","modified_gmt":"2018-03-09T09:07:47","slug":"clero-secular-y-accion-catolica-en-la-galicia-del-nacional-catolicismo-1936-1965","status":"publish","type":"post","link":"https:\/\/www.deberes.net\/tesis\/historia\/clero-secular-y-accion-catolica-en-la-galicia-del-nacional-catolicismo-1936-1965\/","title":{"rendered":"Clero secular y acci\u00f3n cat\u00f3lica en la galicia del nacional-catolicismo (1936-1965)"},"content":{"rendered":"<h2>Tesis doctoral de <strong>  Rodr\u00edguez Lago Jos\u00e9 Ram\u00f3n <\/strong><\/h2>\n<p>An\u00e1lisis de las caracter\u00edsticas y la acci\u00f3n desplegada por las dos organizaciones hegem\u00f3nicas de la instituci\u00f3n eclesial en la galicia del nacional-catolicismo.  los dos primeros cap\u00edtulos nos ofrecen un estudio comparativo de las caracter\u00edsticas estructurales del clero secular y la acci\u00f3n cat\u00f3lica, centrado en diversas facetas como su definici\u00f3n te\u00f3rica, su organizaci\u00f3n, su financiaci\u00f3n y los procesos de selecci\u00f3n, formaci\u00f3n y promoci\u00f3n de sus integrantes.  el tercer cap\u00edtulo se introduce en el discurso p\u00fablico y la acci\u00f3n desplegada por ambas instituciones conjuntamente, en los diferentes \u00e1mbitos de la religiosidad, la sociedad y la pol\u00edtica de aquellos a\u00f1os.  el estudio simult\u00e1neo de las facetas organizativas, con su incidencia en el entorno socio-pol\u00edtico del per\u00edodo hist\u00f3rico elegido, posibilita un an\u00e1lisis explicativo que responde a cuestiones como la repercusi\u00f3n del proyecto de recristilizaci\u00f3n del nacional-catolicismo, en la sociedad gallega, en la pol\u00edtica del r\u00e9gimen dictatorial o en la propia instituci\u00f3n eclesial.<\/p>\n<p>&nbsp;<\/p>\n<h3>Datos acad\u00e9micos de la tesis doctoral \u00ab<strong>Clero secular y acci\u00f3n cat\u00f3lica en la galicia del nacional-catolicismo (1936-1965)<\/strong>\u00ab<\/h3>\n<ul>\n<li><strong>T\u00edtulo de la tesis:<\/strong>\u00a0 Clero secular y acci\u00f3n cat\u00f3lica en la galicia del nacional-catolicismo (1936-1965) <\/li>\n<li><strong>Autor:<\/strong>\u00a0  Rodr\u00edguez Lago Jos\u00e9 Ram\u00f3n <\/li>\n<li><strong>Universidad:<\/strong>\u00a0 Santiago de compostela<\/li>\n<li><strong>Fecha de lectura de la tesis:<\/strong>\u00a0 17\/09\/2002<\/li>\n<\/ul>\n<p>&nbsp;<\/p>\n<h3>Direcci\u00f3n y tribunal<\/h3>\n<ul>\n<li><strong>Director de la tesis<\/strong>\n<ul>\n<li>Xose Ramon Barreiro  Fernandez<\/li>\n<\/ul>\n<\/li>\n<li><strong>Tribunal<\/strong>\n<ul>\n<li>Presidente del tribunal: ramon Villares paz <\/li>\n<li>feliciano Montero garcia (vocal)<\/li>\n<li>Jos\u00e9 Manuel Cuenca toribio (vocal)<\/li>\n<li>glicerio S\u00e1nchez recio (vocal)<\/li>\n<\/ul>\n<\/li>\n<\/ul>\n<p>&nbsp;<\/p>\n","protected":false},"excerpt":{"rendered":"<p>Tesis doctoral de Rodr\u00edguez Lago Jos\u00e9 Ram\u00f3n An\u00e1lisis de las caracter\u00edsticas y la acci\u00f3n desplegada por las dos organizaciones hegem\u00f3nicas [&hellip;]<\/p>\n","protected":false},"author":1,"featured_media":0,"comment_status":"open","ping_status":"open","sticky":false,"template":"","format":"standard","meta":{"site-sidebar-layout":"default","site-content-layout":"","ast-site-content-layout":"","site-content-style":"default","site-sidebar-style":"default","ast-global-header-display":"","ast-banner-title-visibility":"","ast-main-header-display":"","ast-hfb-above-header-display":"","ast-hfb-below-header-display":"","ast-hfb-mobile-header-display":"","site-post-title":"","ast-breadcrumbs-content":"","ast-featured-img":"","footer-sml-layout":"","theme-transparent-header-meta":"","adv-header-id-meta":"","stick-header-meta":"","header-above-stick-meta":"","header-main-stick-meta":"","header-below-stick-meta":"","astra-migrate-meta-layouts":"default","ast-page-background-enabled":"default","ast-page-background-meta":{"desktop":{"background-color":"var(--ast-global-color-4)","background-image":"","background-repeat":"repeat","background-position":"center center","background-size":"auto","background-attachment":"scroll","background-type":"","background-media":"","overlay-type":"","overlay-color":"","overlay-gradient":""},"tablet":{"background-color":"","background-image":"","background-repeat":"repeat","background-position":"center center","background-size":"auto","background-attachment":"scroll","background-type":"","background-media":"","overlay-type":"","overlay-color":"","overlay-gradient":""},"mobile":{"background-color":"","background-image":"","background-repeat":"repeat","background-position":"center center","background-size":"auto","background-attachment":"scroll","background-type":"","background-media":"","overlay-type":"","overlay-color":"","overlay-gradient":""}},"ast-content-background-meta":{"desktop":{"background-color":"var(--ast-global-color-5)","background-image":"","background-repeat":"repeat","background-position":"center center","background-size":"auto","background-attachment":"scroll","background-type":"","background-media":"","overlay-type":"","overlay-color":"","overlay-gradient":""},"tablet":{"background-color":"var(--ast-global-color-5)","background-image":"","background-repeat":"repeat","background-position":"center center","background-size":"auto","background-attachment":"scroll","background-type":"","background-media":"","overlay-type":"","overlay-color":"","overlay-gradient":""},"mobile":{"background-color":"var(--ast-global-color-5)","background-image":"","background-repeat":"repeat","background-position":"center center","background-size":"auto","background-attachment":"scroll","background-type":"","background-media":"","overlay-type":"","overlay-color":"","overlay-gradient":""}},"footnotes":""},"categories":[104,1816,3967,220,222,977],"tags":[6390,8500,2226,2911,58550,34822],"class_list":["post-18977","post","type-post","status-publish","format-standard","hentry","category-historia","category-historia-contemporanea","category-historia-de-la-iglesia","category-historia-por-epocas","category-historias-especializadas","category-santiago-de-compostela","tag-feliciano-montero-garcia","tag-glicerio-sanchez-recio","tag-jose-manuel-cuenca-toribio","tag-ramon-villares-paz","tag-rodriguez-lago-jose-ramon","tag-xose-ramon-barreiro-fernandez"],"_links":{"self":[{"href":"https:\/\/www.deberes.net\/tesis\/wp-json\/wp\/v2\/posts\/18977","targetHints":{"allow":["GET"]}}],"collection":[{"href":"https:\/\/www.deberes.net\/tesis\/wp-json\/wp\/v2\/posts"}],"about":[{"href":"https:\/\/www.deberes.net\/tesis\/wp-json\/wp\/v2\/types\/post"}],"author":[{"embeddable":true,"href":"https:\/\/www.deberes.net\/tesis\/wp-json\/wp\/v2\/users\/1"}],"replies":[{"embeddable":true,"href":"https:\/\/www.deberes.net\/tesis\/wp-json\/wp\/v2\/comments?post=18977"}],"version-history":[{"count":0,"href":"https:\/\/www.deberes.net\/tesis\/wp-json\/wp\/v2\/posts\/18977\/revisions"}],"wp:attachment":[{"href":"https:\/\/www.deberes.net\/tesis\/wp-json\/wp\/v2\/media?parent=18977"}],"wp:term":[{"taxonomy":"category","embeddable":true,"href":"https:\/\/www.deberes.net\/tesis\/wp-json\/wp\/v2\/categories?post=18977"},{"taxonomy":"post_tag","embeddable":true,"href":"https:\/\/www.deberes.net\/tesis\/wp-json\/wp\/v2\/tags?post=18977"}],"curies":[{"name":"wp","href":"https:\/\/api.w.org\/{rel}","templated":true}]}}