{"id":18979,"date":"2018-03-09T09:07:47","date_gmt":"2018-03-09T09:07:47","guid":{"rendered":"https:\/\/www.deberes.net\/tesis\/sin-categoria\/el-espacio-en-la-construccion-de-la-cultura-organizacional-de-la-escuela\/"},"modified":"2018-03-09T09:07:47","modified_gmt":"2018-03-09T09:07:47","slug":"el-espacio-en-la-construccion-de-la-cultura-organizacional-de-la-escuela","status":"publish","type":"post","link":"https:\/\/www.deberes.net\/tesis\/ciencias-de-las-artes-y-las-letras\/el-espacio-en-la-construccion-de-la-cultura-organizacional-de-la-escuela\/","title":{"rendered":"El espacio en la construcci\u00f3n de la cultura organizacional de la escuela"},"content":{"rendered":"<h2>Tesis doctoral de <strong>  Moreira Santos M. Luisa <\/strong><\/h2>\n<p>El espacio constituye un elemento fundamental en el proceso educativo que se desarrolla en el seno de las instituciones educativas.  m\u00e1s que un escenario de las actividades educativas, el espacio (re)nace como una forma de interacci\u00f3n entre el ambiente externo en el que la escuela se inscribe y el ambiente interno en el que aquellas de desenvuelven, transmitiendo mensajes que reflejan un tiempo, una pol\u00edtica, y hasta una ideolog\u00eda, y son expresi\u00f3n de un proyecto educativo que surge de las pr\u00e1cticas de autonom\u00eda asumidas por cada escuela.  la forma en que cada uno de los miembros de las organizaciones analizadas percibe el espacio y sus diversas dimensiones -f\u00edsica, pedag\u00f3gica y social- constituye uno de los objetivos fundamentales de este trabajo.  partimos del presupuesto de que escuelas diversas generan culturas organizacionales tambi\u00e9n diversas del tejido social nacional en el que se integran, a pesar de la forma demasiado centralizadora de administraci\u00f3n a que est\u00e1n sujetas, y se procur\u00f3 dar voz a los actores sociales que interacciona, en las organizaciones, al objeto de dise\u00f1ar un perfil cultural de cada una de las tres instituciones escolares seleccionadas para el estudio emp\u00edrico.<\/p>\n<p>&nbsp;<\/p>\n<h3>Datos acad\u00e9micos de la tesis doctoral \u00ab<strong>El espacio en la construcci\u00f3n de la cultura organizacional de la escuela<\/strong>\u00ab<\/h3>\n<ul>\n<li><strong>T\u00edtulo de la tesis:<\/strong>\u00a0 El espacio en la construcci\u00f3n de la cultura organizacional de la escuela <\/li>\n<li><strong>Autor:<\/strong>\u00a0  Moreira Santos M. Luisa <\/li>\n<li><strong>Universidad:<\/strong>\u00a0 Santiago de compostela<\/li>\n<li><strong>Fecha de lectura de la tesis:<\/strong>\u00a0 17\/09\/2002<\/li>\n<\/ul>\n<p>&nbsp;<\/p>\n<h3>Direcci\u00f3n y tribunal<\/h3>\n<ul>\n<li><strong>Director de la tesis<\/strong>\n<ul>\n<li>Anton Costa Rico<\/li>\n<\/ul>\n<\/li>\n<li><strong>Tribunal<\/strong>\n<ul>\n<li>Presidente del tribunal: agust\u00edn Escolano benito <\/li>\n<li>joao Formosinho (vocal)<\/li>\n<li>Jos\u00e9 Antonio Caride gomez (vocal)<\/li>\n<li> Dias de carvalho adalberto (vocal)<\/li>\n<\/ul>\n<\/li>\n<\/ul>\n<p>&nbsp;<\/p>\n","protected":false},"excerpt":{"rendered":"<p>Tesis doctoral de Moreira Santos M. Luisa El espacio constituye un elemento fundamental en el proceso educativo que se desarrolla [&hellip;]<\/p>\n","protected":false},"author":1,"featured_media":0,"comment_status":"open","ping_status":"open","sticky":false,"template":"","format":"standard","meta":{"site-sidebar-layout":"default","site-content-layout":"","ast-site-content-layout":"","site-content-style":"default","site-sidebar-style":"default","ast-global-header-display":"","ast-banner-title-visibility":"","ast-main-header-display":"","ast-hfb-above-header-display":"","ast-hfb-below-header-display":"","ast-hfb-mobile-header-display":"","site-post-title":"","ast-breadcrumbs-content":"","ast-featured-img":"","footer-sml-layout":"","theme-transparent-header-meta":"","adv-header-id-meta":"","stick-header-meta":"","header-above-stick-meta":"","header-main-stick-meta":"","header-below-stick-meta":"","astra-migrate-meta-layouts":"default","ast-page-background-enabled":"default","ast-page-background-meta":{"desktop":{"background-color":"var(--ast-global-color-4)","background-image":"","background-repeat":"repeat","background-position":"center center","background-size":"auto","background-attachment":"scroll","background-type":"","background-media":"","overlay-type":"","overlay-color":"","overlay-gradient":""},"tablet":{"background-color":"","background-image":"","background-repeat":"repeat","background-position":"center center","background-size":"auto","background-attachment":"scroll","background-type":"","background-media":"","overlay-type":"","overlay-color":"","overlay-gradient":""},"mobile":{"background-color":"","background-image":"","background-repeat":"repeat","background-position":"center center","background-size":"auto","background-attachment":"scroll","background-type":"","background-media":"","overlay-type":"","overlay-color":"","overlay-gradient":""}},"ast-content-background-meta":{"desktop":{"background-color":"var(--ast-global-color-5)","background-image":"","background-repeat":"repeat","background-position":"center center","background-size":"auto","background-attachment":"scroll","background-type":"","background-media":"","overlay-type":"","overlay-color":"","overlay-gradient":""},"tablet":{"background-color":"var(--ast-global-color-5)","background-image":"","background-repeat":"repeat","background-position":"center center","background-size":"auto","background-attachment":"scroll","background-type":"","background-media":"","overlay-type":"","overlay-color":"","overlay-gradient":""},"mobile":{"background-color":"var(--ast-global-color-5)","background-image":"","background-repeat":"repeat","background-position":"center center","background-size":"auto","background-attachment":"scroll","background-type":"","background-media":"","overlay-type":"","overlay-color":"","overlay-gradient":""}},"footnotes":""},"categories":[4509,147,12564,2623,7611,1184,1141,977,1341],"tags":[8656,11368,58557,58556,2625,58555],"class_list":["post-18979","post","type-post","status-publish","format-standard","hentry","category-arquitectura","category-ciencias-de-las-artes-y-las-letras","category-diseno-arquitectonico","category-educacion-basica","category-organizacion-y-direccion-de-las-instituciones-educativas","category-organizacion-y-planificacion-de-la-educacion","category-pedagogia","category-santiago-de-compostela","category-teoria-y-metodos-educativos","tag-agustin-escolano-benito","tag-anton-costa-rico","tag-dias-de-carvalho-adalberto","tag-joao-formosinho","tag-jose-antonio-caride-gomez","tag-moreira-santos-m-luisa"],"_links":{"self":[{"href":"https:\/\/www.deberes.net\/tesis\/wp-json\/wp\/v2\/posts\/18979","targetHints":{"allow":["GET"]}}],"collection":[{"href":"https:\/\/www.deberes.net\/tesis\/wp-json\/wp\/v2\/posts"}],"about":[{"href":"https:\/\/www.deberes.net\/tesis\/wp-json\/wp\/v2\/types\/post"}],"author":[{"embeddable":true,"href":"https:\/\/www.deberes.net\/tesis\/wp-json\/wp\/v2\/users\/1"}],"replies":[{"embeddable":true,"href":"https:\/\/www.deberes.net\/tesis\/wp-json\/wp\/v2\/comments?post=18979"}],"version-history":[{"count":0,"href":"https:\/\/www.deberes.net\/tesis\/wp-json\/wp\/v2\/posts\/18979\/revisions"}],"wp:attachment":[{"href":"https:\/\/www.deberes.net\/tesis\/wp-json\/wp\/v2\/media?parent=18979"}],"wp:term":[{"taxonomy":"category","embeddable":true,"href":"https:\/\/www.deberes.net\/tesis\/wp-json\/wp\/v2\/categories?post=18979"},{"taxonomy":"post_tag","embeddable":true,"href":"https:\/\/www.deberes.net\/tesis\/wp-json\/wp\/v2\/tags?post=18979"}],"curies":[{"name":"wp","href":"https:\/\/api.w.org\/{rel}","templated":true}]}}