{"id":18980,"date":"2018-03-09T09:07:47","date_gmt":"2018-03-09T09:07:47","guid":{"rendered":"https:\/\/www.deberes.net\/tesis\/sin-categoria\/relacion-entre-flexibilidad-y-desempeno-organizativo-una-aproximacion-desde-la-perspectiva-de-la-gestion-de-la-calidad-total\/"},"modified":"2018-03-09T09:07:47","modified_gmt":"2018-03-09T09:07:47","slug":"relacion-entre-flexibilidad-y-desempeno-organizativo-una-aproximacion-desde-la-perspectiva-de-la-gestion-de-la-calidad-total","status":"publish","type":"post","link":"https:\/\/www.deberes.net\/tesis\/ciencias-economicas\/relacion-entre-flexibilidad-y-desempeno-organizativo-una-aproximacion-desde-la-perspectiva-de-la-gestion-de-la-calidad-total\/","title":{"rendered":"Relaci\u00f3n entre flexibilidad y desempe\u00f1o organizativo: una aproximaci\u00f3n desde la perspectiva de la gesti\u00f3n de la calidad total"},"content":{"rendered":"<h2>Tesis doctoral de <strong> Antonio  Jose Verdu Jover <\/strong><\/h2>\n<p>En la tesis se ofrece una revisi\u00f3n te\u00f3rica de la flexibilidad en las organizaciones y de las implicaciones de la gesti\u00f3n de la calidad total sobre la estructura y estrategias de las organizaciones. El objetivo fundamental es determinar el grado de compatibilidad entre la gesti\u00f3n de la calidad total, la gesti\u00f3n de la flexibilidad entre la gesti\u00f3n de la calidad total, la gesti\u00f3n de la flexibilidad y la eficiencia de las organizaciones. Con este fin hemos tenido que validar una escala para medir la flexibilidad en el \u00e1mbito administrativo. Con car\u00e1cter previo hemos identificado las dimensiones que implica el concepto y hemos tratado de recoger una clasificaci\u00f3n de tipos de flexibilidad en las organizaciones. Por otro lado, hemos hecho operativo el concepto de ajuste para medir el grado de adecuaci\u00f3n entre las pr\u00e1cticas que requiere un entorno y las que realiza la empresa.  gracias a nuestro estudio hemos observado un cierto paralelismo entre la gesti\u00f3n de la calidad total y la gesti\u00f3n de la flexibilidad en cuanto a los medios empleados, pero divergencias en su orientaci\u00f3n. Dentro de la flexibilidad administrativa hemos podido distinguir diferentes dimensiones: estructural, estrat\u00e9gica, en sus niveles interno y externo. Por otro lado, hemos hecho operativo el concepto de flexibilidad financiera a trav\u00e9s de un constructo y observamos la influencia que ejerce sobre el desempe\u00f1o, tanto de forma directa como indirectamente a trav\u00e9s de la metaflexibilidad y el mayor ajuste de flexibilidad. A trav\u00e9s de una muestra de 417 empresas de sectores tecnol\u00f3gicos (qu\u00edmico, electr\u00f3nico y automovil\u00edstico) en el \u00e1mbito europeo hemos contrastado una serie de hip\u00f3tesis que apoyan la causalidad entre un mayor ajuste entre lo que requiere el entorno y lo que realizan las empresas y el desempe\u00f1o. Adem\u00e1s, las empresas que aplican la gesti\u00f3n de la calidad total, obtienen una mayor flexibilidad y grado de ajuste, pero este hecho no se tradu<\/p>\n<p>&nbsp;<\/p>\n<h3>Datos acad\u00e9micos de la tesis doctoral \u00ab<strong>Relaci\u00f3n entre flexibilidad y desempe\u00f1o organizativo: una aproximaci\u00f3n desde la perspectiva de la gesti\u00f3n de la calidad total<\/strong>\u00ab<\/h3>\n<ul>\n<li><strong>T\u00edtulo de la tesis:<\/strong>\u00a0 Relaci\u00f3n entre flexibilidad y desempe\u00f1o organizativo: una aproximaci\u00f3n desde la perspectiva de la gesti\u00f3n de la calidad total <\/li>\n<li><strong>Autor:<\/strong>\u00a0 Antonio  Jose Verdu Jover <\/li>\n<li><strong>Universidad:<\/strong>\u00a0 Granada<\/li>\n<li><strong>Fecha de lectura de la tesis:<\/strong>\u00a0 17\/09\/2002<\/li>\n<\/ul>\n<p>&nbsp;<\/p>\n<h3>Direcci\u00f3n y tribunal<\/h3>\n<ul>\n<li><strong>Director de la tesis<\/strong>\n<ul>\n<li>Francisco Javier Llorens Montes<\/li>\n<\/ul>\n<\/li>\n<li><strong>Tribunal<\/strong>\n<ul>\n<li>Presidente del tribunal: Emilio pablo D\u00edez de castro <\/li>\n<li>Mar\u00eda dolores Moreno luz\u00f3n (vocal)<\/li>\n<li>Jos\u00e9 Emilio Navas l\u00f3pez (vocal)<\/li>\n<li>Jos\u00e9 Mar\u00eda Gomez gras (vocal)<\/li>\n<\/ul>\n<\/li>\n<\/ul>\n<p>&nbsp;<\/p>\n","protected":false},"excerpt":{"rendered":"<p>Tesis doctoral de Antonio Jose Verdu Jover En la tesis se ofrece una revisi\u00f3n te\u00f3rica de la flexibilidad en las [&hellip;]<\/p>\n","protected":false},"author":1,"featured_media":0,"comment_status":"open","ping_status":"open","sticky":false,"template":"","format":"standard","meta":{"site-sidebar-layout":"default","site-content-layout":"","ast-site-content-layout":"","site-content-style":"default","site-sidebar-style":"default","ast-global-header-display":"","ast-banner-title-visibility":"","ast-main-header-display":"","ast-hfb-above-header-display":"","ast-hfb-below-header-display":"","ast-hfb-mobile-header-display":"","site-post-title":"","ast-breadcrumbs-content":"","ast-featured-img":"","footer-sml-layout":"","theme-transparent-header-meta":"","adv-header-id-meta":"","stick-header-meta":"","header-above-stick-meta":"","header-main-stick-meta":"","header-below-stick-meta":"","astra-migrate-meta-layouts":"default","ast-page-background-enabled":"default","ast-page-background-meta":{"desktop":{"background-color":"var(--ast-global-color-4)","background-image":"","background-repeat":"repeat","background-position":"center center","background-size":"auto","background-attachment":"scroll","background-type":"","background-media":"","overlay-type":"","overlay-color":"","overlay-gradient":""},"tablet":{"background-color":"","background-image":"","background-repeat":"repeat","background-position":"center center","background-size":"auto","background-attachment":"scroll","background-type":"","background-media":"","overlay-type":"","overlay-color":"","overlay-gradient":""},"mobile":{"background-color":"","background-image":"","background-repeat":"repeat","background-position":"center center","background-size":"auto","background-attachment":"scroll","background-type":"","background-media":"","overlay-type":"","overlay-color":"","overlay-gradient":""}},"ast-content-background-meta":{"desktop":{"background-color":"var(--ast-global-color-5)","background-image":"","background-repeat":"repeat","background-position":"center center","background-size":"auto","background-attachment":"scroll","background-type":"","background-media":"","overlay-type":"","overlay-color":"","overlay-gradient":""},"tablet":{"background-color":"var(--ast-global-color-5)","background-image":"","background-repeat":"repeat","background-position":"center center","background-size":"auto","background-attachment":"scroll","background-type":"","background-media":"","overlay-type":"","overlay-color":"","overlay-gradient":""},"mobile":{"background-color":"var(--ast-global-color-5)","background-image":"","background-repeat":"repeat","background-position":"center center","background-size":"auto","background-attachment":"scroll","background-type":"","background-media":"","overlay-type":"","overlay-color":"","overlay-gradient":""}},"footnotes":""},"categories":[82,7570,6525,1302],"tags":[58558,39404,42061,5987,12332,37085],"class_list":["post-18980","post","type-post","status-publish","format-standard","hentry","category-ciencias-economicas","category-gestion-de-recursos-humanos","category-organizacion-de-la-produccion","category-organizacion-y-gestion-de-empresas","tag-antonio-jose-verdu-jover","tag-emilio-pablo-diez-de-castro","tag-francisco-javier-llorens-montes","tag-jose-emilio-navas-lopez","tag-jose-maria-gomez-gras","tag-maria-dolores-moreno-luzon"],"_links":{"self":[{"href":"https:\/\/www.deberes.net\/tesis\/wp-json\/wp\/v2\/posts\/18980","targetHints":{"allow":["GET"]}}],"collection":[{"href":"https:\/\/www.deberes.net\/tesis\/wp-json\/wp\/v2\/posts"}],"about":[{"href":"https:\/\/www.deberes.net\/tesis\/wp-json\/wp\/v2\/types\/post"}],"author":[{"embeddable":true,"href":"https:\/\/www.deberes.net\/tesis\/wp-json\/wp\/v2\/users\/1"}],"replies":[{"embeddable":true,"href":"https:\/\/www.deberes.net\/tesis\/wp-json\/wp\/v2\/comments?post=18980"}],"version-history":[{"count":0,"href":"https:\/\/www.deberes.net\/tesis\/wp-json\/wp\/v2\/posts\/18980\/revisions"}],"wp:attachment":[{"href":"https:\/\/www.deberes.net\/tesis\/wp-json\/wp\/v2\/media?parent=18980"}],"wp:term":[{"taxonomy":"category","embeddable":true,"href":"https:\/\/www.deberes.net\/tesis\/wp-json\/wp\/v2\/categories?post=18980"},{"taxonomy":"post_tag","embeddable":true,"href":"https:\/\/www.deberes.net\/tesis\/wp-json\/wp\/v2\/tags?post=18980"}],"curies":[{"name":"wp","href":"https:\/\/api.w.org\/{rel}","templated":true}]}}