{"id":19018,"date":"2018-03-09T09:07:50","date_gmt":"2018-03-09T09:07:50","guid":{"rendered":"https:\/\/www.deberes.net\/tesis\/sin-categoria\/repercusion-tributaria-del-principio-comunitario-de-libre-circulacion-de-trabajadores\/"},"modified":"2018-03-09T09:07:50","modified_gmt":"2018-03-09T09:07:50","slug":"repercusion-tributaria-del-principio-comunitario-de-libre-circulacion-de-trabajadores","status":"publish","type":"post","link":"https:\/\/www.deberes.net\/tesis\/ciencias-juridicas-y-derecho\/repercusion-tributaria-del-principio-comunitario-de-libre-circulacion-de-trabajadores\/","title":{"rendered":"Repercusi\u00f3n tributaria del principio comunitario de libre circulaci\u00f3n de trabajadores"},"content":{"rendered":"<h2>Tesis doctoral de <strong>  N\u00fa\u00f1ez Ruiz M. Pilar <\/strong><\/h2>\n<p>La efectividad de la libre circulaci\u00f3n de trabajadores comunitarios y la dificultad de encajar las relaciones entre el derecho comunitario y el marco de la imposici\u00f3n directa de las personas f\u00edsicas han provocado que las distorsiones por las diferencias de los sistemas impositivos de los estados miembros hayan derivado, principalmente, en cuestiones perjudiciales ante el tjce reclamando igualdad de trato ante restricciones y discriminaciones indirectas, por raz\u00f3n de la residencia, en perjuicio de aquellos que se desplazan en el territorio comunitario para ejercer un empleo. El tjce utiliza la igualdad de trato como instrumento para evitar esos obst\u00e1culos al ejercicio de esa libertad fundamental del mercado interior, concluyendo, as\u00ed, la asimilaci\u00f3n de residentes y no residentes del estado de empleo bajo un criterio exclusivamente objetivo que le permite una r\u00e1pida equiparaci\u00f3n del trabajador comunitario con los de ese estado, cuando aquellos obtienen la totalidad o casi del conjunto de las rentas en ese territorio.  la falta de operatividad de este criterio cuando la obtenci\u00f3n de rentas se dispersa en varios estados diferentes al de su origen con una tarea que no les incumbe; la err\u00f3nea equiparaci\u00f3n de sujetos, y la sumisi\u00f3n tributaria a las cl\u00e1usulas de los cdi que sustituyen la tributaci\u00f3n personal por una imposici\u00f3n real muestra el error en el planteamiento de la cuesti\u00f3n, esencialmente por la ausencia de dos permisas. Primero, la falta de consideraci\u00f3n, a priori, del trabajador como ciudadano de una determinada comunidad y del v\u00ednculo personal y estable que lo liga a la misma con un compromiso real y voluntario. Segundo, la no consideraci\u00f3n de este car\u00e1cter de ciudadano-votante del trabajador como contribuyente ha determinado el error al ignorarse el fundamento del deber de contribuir a los gastos p\u00fablicos, que legitima la imposici\u00f3n de un estado. Con la l\u00ednea metodol\u00f3gica establecida hasta este momento que sus<\/p>\n<p>&nbsp;<\/p>\n<h3>Datos acad\u00e9micos de la tesis doctoral \u00ab<strong>Repercusi\u00f3n tributaria del principio comunitario de libre circulaci\u00f3n de trabajadores<\/strong>\u00ab<\/h3>\n<ul>\n<li><strong>T\u00edtulo de la tesis:<\/strong>\u00a0 Repercusi\u00f3n tributaria del principio comunitario de libre circulaci\u00f3n de trabajadores <\/li>\n<li><strong>Autor:<\/strong>\u00a0  N\u00fa\u00f1ez Ruiz M. Pilar <\/li>\n<li><strong>Universidad:<\/strong>\u00a0 Universitat de val\u00e9ncia (estudi general)<\/li>\n<li><strong>Fecha de lectura de la tesis:<\/strong>\u00a0 18\/09\/2002<\/li>\n<\/ul>\n<p>&nbsp;<\/p>\n<h3>Direcci\u00f3n y tribunal<\/h3>\n<ul>\n<li><strong>Director de la tesis<\/strong>\n<ul>\n<li>Carmelo Lozano Serrano<\/li>\n<\/ul>\n<\/li>\n<li><strong>Tribunal<\/strong>\n<ul>\n<li>Presidente del tribunal: \u00e1lvaro Rodr\u00edguez bereijo <\/li>\n<li>Francisco Escribano lopez (vocal)<\/li>\n<li>Juan Ramallo massanet (vocal)<\/li>\n<li>germ\u00e1n Oron moratal (vocal)<\/li>\n<\/ul>\n<\/li>\n<\/ul>\n<p>&nbsp;<\/p>\n","protected":false},"excerpt":{"rendered":"<p>Tesis doctoral de N\u00fa\u00f1ez Ruiz M. Pilar La efectividad de la libre circulaci\u00f3n de trabajadores comunitarios y la dificultad de [&hellip;]<\/p>\n","protected":false},"author":1,"featured_media":0,"comment_status":"open","ping_status":"open","sticky":false,"template":"","format":"standard","meta":{"site-sidebar-layout":"default","site-content-layout":"","ast-site-content-layout":"","site-content-style":"default","site-sidebar-style":"default","ast-global-header-display":"","ast-banner-title-visibility":"","ast-main-header-display":"","ast-hfb-above-header-display":"","ast-hfb-below-header-display":"","ast-hfb-mobile-header-display":"","site-post-title":"","ast-breadcrumbs-content":"","ast-featured-img":"","footer-sml-layout":"","theme-transparent-header-meta":"","adv-header-id-meta":"","stick-header-meta":"","header-above-stick-meta":"","header-main-stick-meta":"","header-below-stick-meta":"","astra-migrate-meta-layouts":"default","ast-page-background-enabled":"default","ast-page-background-meta":{"desktop":{"background-color":"var(--ast-global-color-4)","background-image":"","background-repeat":"repeat","background-position":"center center","background-size":"auto","background-attachment":"scroll","background-type":"","background-media":"","overlay-type":"","overlay-color":"","overlay-gradient":""},"tablet":{"background-color":"","background-image":"","background-repeat":"repeat","background-position":"center center","background-size":"auto","background-attachment":"scroll","background-type":"","background-media":"","overlay-type":"","overlay-color":"","overlay-gradient":""},"mobile":{"background-color":"","background-image":"","background-repeat":"repeat","background-position":"center center","background-size":"auto","background-attachment":"scroll","background-type":"","background-media":"","overlay-type":"","overlay-color":"","overlay-gradient":""}},"ast-content-background-meta":{"desktop":{"background-color":"var(--ast-global-color-5)","background-image":"","background-repeat":"repeat","background-position":"center center","background-size":"auto","background-attachment":"scroll","background-type":"","background-media":"","overlay-type":"","overlay-color":"","overlay-gradient":""},"tablet":{"background-color":"var(--ast-global-color-5)","background-image":"","background-repeat":"repeat","background-position":"center center","background-size":"auto","background-attachment":"scroll","background-type":"","background-media":"","overlay-type":"","overlay-color":"","overlay-gradient":""},"mobile":{"background-color":"var(--ast-global-color-5)","background-image":"","background-repeat":"repeat","background-position":"center center","background-size":"auto","background-attachment":"scroll","background-type":"","background-media":"","overlay-type":"","overlay-color":"","overlay-gradient":""}},"footnotes":""},"categories":[612,2170,797,979],"tags":[15239,15301,2296,38202,15238,58643],"class_list":["post-19018","post","type-post","status-publish","format-standard","hentry","category-ciencias-juridicas-y-derecho","category-derecho-del-trabajo-y-de-la-seguridad-social","category-derecho-fiscal","category-derecho-y-legislacion-nacionales","tag-alvaro-rodriguez-bereijo","tag-carmelo-lozano-serrano","tag-francisco-escribano-lopez","tag-german-oron-moratal","tag-juan-ramallo-massanet","tag-nunez-ruiz-m-pilar"],"_links":{"self":[{"href":"https:\/\/www.deberes.net\/tesis\/wp-json\/wp\/v2\/posts\/19018","targetHints":{"allow":["GET"]}}],"collection":[{"href":"https:\/\/www.deberes.net\/tesis\/wp-json\/wp\/v2\/posts"}],"about":[{"href":"https:\/\/www.deberes.net\/tesis\/wp-json\/wp\/v2\/types\/post"}],"author":[{"embeddable":true,"href":"https:\/\/www.deberes.net\/tesis\/wp-json\/wp\/v2\/users\/1"}],"replies":[{"embeddable":true,"href":"https:\/\/www.deberes.net\/tesis\/wp-json\/wp\/v2\/comments?post=19018"}],"version-history":[{"count":0,"href":"https:\/\/www.deberes.net\/tesis\/wp-json\/wp\/v2\/posts\/19018\/revisions"}],"wp:attachment":[{"href":"https:\/\/www.deberes.net\/tesis\/wp-json\/wp\/v2\/media?parent=19018"}],"wp:term":[{"taxonomy":"category","embeddable":true,"href":"https:\/\/www.deberes.net\/tesis\/wp-json\/wp\/v2\/categories?post=19018"},{"taxonomy":"post_tag","embeddable":true,"href":"https:\/\/www.deberes.net\/tesis\/wp-json\/wp\/v2\/tags?post=19018"}],"curies":[{"name":"wp","href":"https:\/\/api.w.org\/{rel}","templated":true}]}}