{"id":19021,"date":"2018-03-09T09:07:50","date_gmt":"2018-03-09T09:07:50","guid":{"rendered":"https:\/\/www.deberes.net\/tesis\/sin-categoria\/el-practicum-y-la-formacion-inicial-del-profesor-cra%c2%adtico\/"},"modified":"2018-03-09T09:07:50","modified_gmt":"2018-03-09T09:07:50","slug":"el-practicum-y-la-formacion-inicial-del-profesor-cra%c2%adtico","status":"publish","type":"post","link":"https:\/\/www.deberes.net\/tesis\/formacion-y-empleo-de-profesores\/el-practicum-y-la-formacion-inicial-del-profesor-cra%c2%adtico\/","title":{"rendered":"El practicum y la formaci\u00f3n inicial del profesor cr\u00edtico"},"content":{"rendered":"<h2>Tesis doctoral de <strong> Bartolome Rubia Avi <\/strong><\/h2>\n<p>El objetivo de investigaci\u00f3n fue la b\u00fasqueda de los aspectos que determinan la formaci\u00f3n del maestro en su formaci\u00f3n inicial a trav\u00e9s del practicum y la consiguiente inserci\u00f3n en la praxis educativa desde la perspectiva cr\u00edtica de la educaci\u00f3n. Para ello se utiliz\u00f3 metodolog\u00edas de orden cualitativo (estudio de caso) y se sigui\u00f3 el proceso a 10 alumnos de magisterio en su pr\u00e1cticas de 3\u00c2\u00ba curso durante un a\u00f1o acad\u00e9mico y su vinculaci\u00f3n con un centro de pr\u00e1cticas comprometido con la formaci\u00f3n del profesorado, adem\u00e1s de un proceso de reflexi\u00f3n sobre su formaci\u00f3n al curso siguiente.  contiene este estudio un modelo o perfil de profesor cr\u00edtico elaborado, en primer lugar, a partir de las referencias documentales de una serie de autores que se apoyan en esta perspectiva epistemol\u00f3gica. En segundo lugar, analiza una experiencia real pr\u00e1ctica apoyada en un plan de pr\u00e1cticas cr\u00edtico, donde se realiz\u00f3 un estudio de la misma para extraer un modelo o perfil de profesor desde un caso concreto, que tambi\u00e9n fue la base para la formaci\u00f3n pr\u00e1ctica de un grupo de alumnos de magisterio. Y en tercer lugar, este perfil practic\u00f3 sirvi\u00f3 para comparar con el perfil cr\u00edtico del que se part\u00edo te\u00f3ricamente.  los resultados de la investigaci\u00f3n indican que el maestro a trav\u00e9s de sus pr\u00e1cticas escolares recibe un c\u00famulo de contenidos actidudinales, procedimentales y conceptuales, complementarios de la formaci\u00f3n te\u00f3rica, pero con una caracter\u00edstica fundamental: su lejan\u00eda en cuanto a terminolog\u00eda y concreci\u00f3n contextual. esta diferencia teminol\u00f3gica y contextual se ha resaltado en las conclusiones de la investigaci\u00f3n, aportando una serie de indicaciones para la configuraci\u00f3n de la formaci\u00f3n inicial de profesorado y la planificaci\u00f3n del practicum. tambi\u00e9n entendemos que dicha organizaci\u00f3n y planificaci\u00f3n de sentido general al resto de su formaci\u00f3n, debiendo girar \u00e9sta alrededor del practicum.<\/p>\n<p>&nbsp;<\/p>\n<h3>Datos acad\u00e9micos de la tesis doctoral \u00ab<strong>El practicum y la formaci\u00f3n inicial del profesor cr\u00edtico<\/strong>\u00ab<\/h3>\n<ul>\n<li><strong>T\u00edtulo de la tesis:<\/strong>\u00a0 El practicum y la formaci\u00f3n inicial del profesor cr\u00edtico <\/li>\n<li><strong>Autor:<\/strong>\u00a0 Bartolome Rubia Avi <\/li>\n<li><strong>Universidad:<\/strong>\u00a0 Valladolid<\/li>\n<li><strong>Fecha de lectura de la tesis:<\/strong>\u00a0 18\/09\/2002<\/li>\n<\/ul>\n<p>&nbsp;<\/p>\n<h3>Direcci\u00f3n y tribunal<\/h3>\n<ul>\n<li><strong>Director de la tesis<\/strong>\n<ul>\n<li>Martin Rodriguez Rojo<\/li>\n<\/ul>\n<\/li>\n<li><strong>Tribunal<\/strong>\n<ul>\n<li>Presidente del tribunal: sebastian Sanchez fernandez <\/li>\n<li>mercedes Gonz\u00e1lez sanmames (vocal)<\/li>\n<li> Barrio Valencia Jos\u00e9 lino (vocal)<\/li>\n<li>tomas Rodriguez fernandez (vocal)<\/li>\n<\/ul>\n<\/li>\n<\/ul>\n<p>&nbsp;<\/p>\n","protected":false},"excerpt":{"rendered":"<p>Tesis doctoral de Bartolome Rubia Avi El objetivo de investigaci\u00f3n fue la b\u00fasqueda de los aspectos que determinan la formaci\u00f3n [&hellip;]<\/p>\n","protected":false},"author":1,"featured_media":0,"comment_status":"open","ping_status":"open","sticky":false,"template":"","format":"standard","meta":{"site-sidebar-layout":"default","site-content-layout":"","ast-site-content-layout":"","site-content-style":"default","site-sidebar-style":"default","ast-global-header-display":"","ast-banner-title-visibility":"","ast-main-header-display":"","ast-hfb-above-header-display":"","ast-hfb-below-header-display":"","ast-hfb-mobile-header-display":"","site-post-title":"","ast-breadcrumbs-content":"","ast-featured-img":"","footer-sml-layout":"","theme-transparent-header-meta":"","adv-header-id-meta":"","stick-header-meta":"","header-above-stick-meta":"","header-main-stick-meta":"","header-below-stick-meta":"","astra-migrate-meta-layouts":"default","ast-page-background-enabled":"default","ast-page-background-meta":{"desktop":{"background-color":"var(--ast-global-color-4)","background-image":"","background-repeat":"repeat","background-position":"center center","background-size":"auto","background-attachment":"scroll","background-type":"","background-media":"","overlay-type":"","overlay-color":"","overlay-gradient":""},"tablet":{"background-color":"","background-image":"","background-repeat":"repeat","background-position":"center center","background-size":"auto","background-attachment":"scroll","background-type":"","background-media":"","overlay-type":"","overlay-color":"","overlay-gradient":""},"mobile":{"background-color":"","background-image":"","background-repeat":"repeat","background-position":"center center","background-size":"auto","background-attachment":"scroll","background-type":"","background-media":"","overlay-type":"","overlay-color":"","overlay-gradient":""}},"ast-content-background-meta":{"desktop":{"background-color":"var(--ast-global-color-5)","background-image":"","background-repeat":"repeat","background-position":"center center","background-size":"auto","background-attachment":"scroll","background-type":"","background-media":"","overlay-type":"","overlay-color":"","overlay-gradient":""},"tablet":{"background-color":"var(--ast-global-color-5)","background-image":"","background-repeat":"repeat","background-position":"center center","background-size":"auto","background-attachment":"scroll","background-type":"","background-media":"","overlay-type":"","overlay-color":"","overlay-gradient":""},"mobile":{"background-color":"var(--ast-global-color-5)","background-image":"","background-repeat":"repeat","background-position":"center center","background-size":"auto","background-attachment":"scroll","background-type":"","background-media":"","overlay-type":"","overlay-color":"","overlay-gradient":""}},"footnotes":""},"categories":[1183,1140,1184,1141,1288,12451],"tags":[27712,58650,9518,58651,35590,58652],"class_list":["post-19021","post","type-post","status-publish","format-standard","hentry","category-formacion-profesional","category-formacion-y-empleo-de-profesores","category-organizacion-y-planificacion-de-la-educacion","category-pedagogia","category-preparacion-de-profesores","category-valladolid","tag-barrio-valencia-jose-lino","tag-bartolome-rubia-avi","tag-martin-rodriguez-rojo","tag-mercedes-gonzalez-sanmames","tag-sebastian-sanchez-fernandez","tag-tomas-rodriguez-fernandez"],"_links":{"self":[{"href":"https:\/\/www.deberes.net\/tesis\/wp-json\/wp\/v2\/posts\/19021","targetHints":{"allow":["GET"]}}],"collection":[{"href":"https:\/\/www.deberes.net\/tesis\/wp-json\/wp\/v2\/posts"}],"about":[{"href":"https:\/\/www.deberes.net\/tesis\/wp-json\/wp\/v2\/types\/post"}],"author":[{"embeddable":true,"href":"https:\/\/www.deberes.net\/tesis\/wp-json\/wp\/v2\/users\/1"}],"replies":[{"embeddable":true,"href":"https:\/\/www.deberes.net\/tesis\/wp-json\/wp\/v2\/comments?post=19021"}],"version-history":[{"count":0,"href":"https:\/\/www.deberes.net\/tesis\/wp-json\/wp\/v2\/posts\/19021\/revisions"}],"wp:attachment":[{"href":"https:\/\/www.deberes.net\/tesis\/wp-json\/wp\/v2\/media?parent=19021"}],"wp:term":[{"taxonomy":"category","embeddable":true,"href":"https:\/\/www.deberes.net\/tesis\/wp-json\/wp\/v2\/categories?post=19021"},{"taxonomy":"post_tag","embeddable":true,"href":"https:\/\/www.deberes.net\/tesis\/wp-json\/wp\/v2\/tags?post=19021"}],"curies":[{"name":"wp","href":"https:\/\/api.w.org\/{rel}","templated":true}]}}