{"id":19022,"date":"2018-03-09T09:07:51","date_gmt":"2018-03-09T09:07:51","guid":{"rendered":"https:\/\/www.deberes.net\/tesis\/sin-categoria\/estimacio-de-mesures-longitudinals-rectila%c2%adnies-i-curvila%c2%adnies-procediments-recursos-i-estrategies\/"},"modified":"2018-03-09T09:07:51","modified_gmt":"2018-03-09T09:07:51","slug":"estimacio-de-mesures-longitudinals-rectila%c2%adnies-i-curvila%c2%adnies-procediments-recursos-i-estrategies","status":"publish","type":"post","link":"https:\/\/www.deberes.net\/tesis\/psicologia\/estimacio-de-mesures-longitudinals-rectila%c2%adnies-i-curvila%c2%adnies-procediments-recursos-i-estrategies\/","title":{"rendered":"Estimaci\u00f3 de mesures longitudinals rectil\u00ednies i curvil\u00ednies. procediments, recursos i estrat\u00e9gies"},"content":{"rendered":"<h2>Tesis doctoral de <strong> Josep Call\u00eds Franco <\/strong><\/h2>\n<p>La investigaci\u00f3n aporta conocimiento sobre la capacidad estimativa m\u00e9trica. sus objetivos se centran tanto en la detectar los procedimientos como los recursos y estrategias que se palican, analiz\u00e1ndose a la vez, su incidencia de uso y su eficacia o nivel de precisi\u00f3n; y tambi\u00e9n c\u00f3mo se organizan y generan estas estructuras mentales estimativas. Fruto de esta realidad se incide en la reflexi\u00f3n del enfoque did\u00e1ctico que deber\u00eda tenerse presente para mejorar su aprendizaje.  el planteamiento de la tesis nace de la hip\u00f3tesis de que la adquisici\u00f3n de la capacidad estimativa no se adquiere por la formaci\u00f3n escolar y acad\u00e9mica sino per la incidencia del propio entorno; tambi\u00e9n, de que la capacitaci\u00f3n longitudinal posibilita la adquisici\u00f3n de la estimaci\u00f3n curvil\u00ednea. En base a estos condicionantes la investigaci\u00f3n se desarrolla aplicando un an\u00e1lisis cuantitativo y a la vez uno de cualitativo a trav\u00e9s de la aplicaci\u00f3n del test em (estimaci\u00f3n m\u00e9trica).  las muestras sobre las que se act\u00faa son, por un lado, una muestra base integrada por la muestra control que est\u00e1 constituida por alumnado de magisterio y por dos muestras experimentales a trav\u00e9s de los cuales se contrasta la incidencia de determinadas variables (g\u00e9nero, edad, nivel formativo, \u00e1mbito cultural) respecto al dominio y la capacidad de estimaci\u00f3n m\u00e9trica. Una de las muestras experimentales est\u00e1 formada por un grupo de educadores populares de la comunidad segundo montes (el salvador) y el otro son alumnados de cuarto y sexto de primaria de escuelas de las comarcas de giorona. Para poder profundizar en las estructuras mentales impl\u00edcitas que se aplican en el acto estimativa, se utiliza el m\u00e9todo de estudio de casos centrado en diecisiete personas que constituyen la muestra selectiva.  los resultados de la investigaci\u00f3n ponen en evidencia la educabilidad de la estimaci\u00f3n m\u00e9trica a la vez que el poco dominio y capacidad que poseemos junto con la insigni<\/p>\n<p>&nbsp;<\/p>\n<h3>Datos acad\u00e9micos de la tesis doctoral \u00ab<strong>Estimaci\u00f3 de mesures longitudinals rectil\u00ednies i curvil\u00ednies. procediments, recursos i estrat\u00e9gies<\/strong>\u00ab<\/h3>\n<ul>\n<li><strong>T\u00edtulo de la tesis:<\/strong>\u00a0 Estimaci\u00f3 de mesures longitudinals rectil\u00ednies i curvil\u00ednies. procediments, recursos i estrat\u00e9gies <\/li>\n<li><strong>Autor:<\/strong>\u00a0 Josep Call\u00eds Franco <\/li>\n<li><strong>Universidad:<\/strong>\u00a0 Aut\u00f3noma de barcelona<\/li>\n<li><strong>Fecha de lectura de la tesis:<\/strong>\u00a0 18\/09\/2002<\/li>\n<\/ul>\n<p>&nbsp;<\/p>\n<h3>Direcci\u00f3n y tribunal<\/h3>\n<ul>\n<li><strong>Director de la tesis<\/strong>\n<ul>\n<li> Fiol Mora Mar\u00eda  Luisa<\/li>\n<\/ul>\n<\/li>\n<li><strong>Tribunal<\/strong>\n<ul>\n<li>Presidente del tribunal: claudi Alsina catala <\/li>\n<li>joan Mallart navarra (vocal)<\/li>\n<li>anna Mar\u00eda Geli de ciurana (vocal)<\/li>\n<li>jordi Deulofeu piquet (vocal)<\/li>\n<\/ul>\n<\/li>\n<\/ul>\n<p>&nbsp;<\/p>\n","protected":false},"excerpt":{"rendered":"<p>Tesis doctoral de Josep Call\u00eds Franco La investigaci\u00f3n aporta conocimiento sobre la capacidad estimativa m\u00e9trica. sus objetivos se centran tanto [&hellip;]<\/p>\n","protected":false},"author":1,"featured_media":0,"comment_status":"open","ping_status":"open","sticky":false,"template":"","format":"standard","meta":{"site-sidebar-layout":"default","site-content-layout":"","ast-site-content-layout":"","site-content-style":"default","site-sidebar-style":"default","ast-global-header-display":"","ast-banner-title-visibility":"","ast-main-header-display":"","ast-hfb-above-header-display":"","ast-hfb-below-header-display":"","ast-hfb-mobile-header-display":"","site-post-title":"","ast-breadcrumbs-content":"","ast-featured-img":"","footer-sml-layout":"","theme-transparent-header-meta":"","adv-header-id-meta":"","stick-header-meta":"","header-above-stick-meta":"","header-main-stick-meta":"","header-below-stick-meta":"","astra-migrate-meta-layouts":"default","ast-page-background-enabled":"default","ast-page-background-meta":{"desktop":{"background-color":"var(--ast-global-color-4)","background-image":"","background-repeat":"repeat","background-position":"center center","background-size":"auto","background-attachment":"scroll","background-type":"","background-media":"","overlay-type":"","overlay-color":"","overlay-gradient":""},"tablet":{"background-color":"","background-image":"","background-repeat":"repeat","background-position":"center center","background-size":"auto","background-attachment":"scroll","background-type":"","background-media":"","overlay-type":"","overlay-color":"","overlay-gradient":""},"mobile":{"background-color":"","background-image":"","background-repeat":"repeat","background-position":"center center","background-size":"auto","background-attachment":"scroll","background-type":"","background-media":"","overlay-type":"","overlay-color":"","overlay-gradient":""}},"ast-content-background-meta":{"desktop":{"background-color":"var(--ast-global-color-5)","background-image":"","background-repeat":"repeat","background-position":"center center","background-size":"auto","background-attachment":"scroll","background-type":"","background-media":"","overlay-type":"","overlay-color":"","overlay-gradient":""},"tablet":{"background-color":"var(--ast-global-color-5)","background-image":"","background-repeat":"repeat","background-position":"center center","background-size":"auto","background-attachment":"scroll","background-type":"","background-media":"","overlay-type":"","overlay-color":"","overlay-gradient":""},"mobile":{"background-color":"var(--ast-global-color-5)","background-image":"","background-repeat":"repeat","background-position":"center center","background-size":"auto","background-attachment":"scroll","background-type":"","background-media":"","overlay-type":"","overlay-color":"","overlay-gradient":""}},"footnotes":""},"categories":[1140,5173,1141,1288,5262,324,2462,5174],"tags":[39686,3602,58654,20079,40731,58653],"class_list":["post-19022","post","type-post","status-publish","format-standard","hentry","category-formacion-y-empleo-de-profesores","category-metodos-educativos","category-pedagogia","category-preparacion-de-profesores","category-procesos-mentales","category-psicologia","category-psicologia-experimental","category-psicopedagogia","tag-anna-maria-geli-de-ciurana","tag-claudi-alsina-catala","tag-fiol-mora-maria-luisa","tag-joan-mallart-navarra","tag-jordi-deulofeu-piquet","tag-josep-callis-franco"],"_links":{"self":[{"href":"https:\/\/www.deberes.net\/tesis\/wp-json\/wp\/v2\/posts\/19022","targetHints":{"allow":["GET"]}}],"collection":[{"href":"https:\/\/www.deberes.net\/tesis\/wp-json\/wp\/v2\/posts"}],"about":[{"href":"https:\/\/www.deberes.net\/tesis\/wp-json\/wp\/v2\/types\/post"}],"author":[{"embeddable":true,"href":"https:\/\/www.deberes.net\/tesis\/wp-json\/wp\/v2\/users\/1"}],"replies":[{"embeddable":true,"href":"https:\/\/www.deberes.net\/tesis\/wp-json\/wp\/v2\/comments?post=19022"}],"version-history":[{"count":0,"href":"https:\/\/www.deberes.net\/tesis\/wp-json\/wp\/v2\/posts\/19022\/revisions"}],"wp:attachment":[{"href":"https:\/\/www.deberes.net\/tesis\/wp-json\/wp\/v2\/media?parent=19022"}],"wp:term":[{"taxonomy":"category","embeddable":true,"href":"https:\/\/www.deberes.net\/tesis\/wp-json\/wp\/v2\/categories?post=19022"},{"taxonomy":"post_tag","embeddable":true,"href":"https:\/\/www.deberes.net\/tesis\/wp-json\/wp\/v2\/tags?post=19022"}],"curies":[{"name":"wp","href":"https:\/\/api.w.org\/{rel}","templated":true}]}}