{"id":19024,"date":"2018-03-09T09:07:51","date_gmt":"2018-03-09T09:07:51","guid":{"rendered":"https:\/\/www.deberes.net\/tesis\/sin-categoria\/la-concentracion-empresarial-en-las-cooperativas-agrarias-estudio-metodologico-de-los-procesos-de-fusion\/"},"modified":"2018-03-09T09:07:51","modified_gmt":"2018-03-09T09:07:51","slug":"la-concentracion-empresarial-en-las-cooperativas-agrarias-estudio-metodologico-de-los-procesos-de-fusion","status":"publish","type":"post","link":"https:\/\/www.deberes.net\/tesis\/ciencias-economicas\/la-concentracion-empresarial-en-las-cooperativas-agrarias-estudio-metodologico-de-los-procesos-de-fusion\/","title":{"rendered":"La concentraci\u00f3n empresarial en las cooperativas agrarias, estudio metodol\u00f3gico de los procesos de fusi\u00f3n"},"content":{"rendered":"<h2>Tesis doctoral de <strong> Elena Mel\u00eda Mart\u00ed <\/strong><\/h2>\n<p>Las cooperativas agrarias espa\u00f1olas se caracterizan, entre otros factores, por presentar tama\u00f1os medios empresariales reducidos, en muchas ocasiones insuficientes para acometer con \u00e9xito la actividad empresarial, que sean capaces de garantizar unas liquidaciones adecuadas a los socios, por lo que se imponen como una necesidad cada vez m\u00e1s imperante los procesos de concentraci\u00f3n empresarial.  en el presente trabajo de investigaci\u00f3n se realiza una revisi\u00f3n de las f\u00f3rmulas de concentraci\u00f3n cooperativa existentes en la legislaci\u00f3n cooperativa vigente a nivel auton\u00f3mico y estatal. Establecidas las mismas, se estudian sus caracter\u00edsticas diferenciales en lo que respecta al modo de realizar la integraci\u00f3n, r\u00e9gimen de funcionamiento interno y aspectos m\u00e1s relevantes de su fiscalidad, prestando especial atenci\u00f3n a las fusiones, por configurarse como una de las formas con mayor capacidad de generar sinergias empresariales, permitiendo la eliminaci\u00f3n de muchas de las ineficiencias presentadas por las cooperativas agrarias.  a pesar de ello, existen numerosas dificultades en la aplicaci\u00f3n de esta f\u00f3rmula de integraci\u00f3n, y no solo a nivel operativo, dado que hay que garantizar que se respeten los intereses de todos los socios y de las cooperativas implicadas, sino tambi\u00e9n desde una \u00f3ptica fiscal, y principalmente contable. Esto es debido a que si bien en sociedades mercantiles la normativa contable a aplicar es deficiente, no existe regulaci\u00f3n en el \u00e1mbito cooperativo.  a ra\u00edz de tales carencias se desarrolla un an\u00e1lisis de los procesos de fusi\u00f3n entre cooperativas, en su vertiente operativa, contable y fiscal. en primer lugar se establecen las fases y tr\u00e1mites necesarios para que la fusi\u00f3n llegue a buen t\u00e9rmino, la forma de determinar las \u00abrelaciones de compensaci\u00f3n\u00bb a realizar entre las cooperativas participantes, de modo que quede garantizada la equidad en cuanto a la aportaci\u00f3n patrimonial de cada una y de sus soc<\/p>\n<p>&nbsp;<\/p>\n<h3>Datos acad\u00e9micos de la tesis doctoral \u00ab<strong>La concentraci\u00f3n empresarial en las cooperativas agrarias, estudio metodol\u00f3gico de los procesos de fusi\u00f3n<\/strong>\u00ab<\/h3>\n<ul>\n<li><strong>T\u00edtulo de la tesis:<\/strong>\u00a0 La concentraci\u00f3n empresarial en las cooperativas agrarias, estudio metodol\u00f3gico de los procesos de fusi\u00f3n <\/li>\n<li><strong>Autor:<\/strong>\u00a0 Elena Mel\u00eda Mart\u00ed <\/li>\n<li><strong>Universidad:<\/strong>\u00a0 Polit\u00e9cnica de Valencia<\/li>\n<li><strong>Fecha de lectura de la tesis:<\/strong>\u00a0 18\/09\/2002<\/li>\n<\/ul>\n<p>&nbsp;<\/p>\n<h3>Direcci\u00f3n y tribunal<\/h3>\n<ul>\n<li><strong>Director de la tesis<\/strong>\n<ul>\n<li> Server Izquierdo Ricardo Jos\u00e9<\/li>\n<\/ul>\n<\/li>\n<li><strong>Tribunal<\/strong>\n<ul>\n<li>Presidente del tribunal: Juan  Francisco Julia igual <\/li>\n<li> Monz\u00f3n campos Jos\u00e9 Luis (vocal)<\/li>\n<li>baleren Bakaikoa azurmendi (vocal)<\/li>\n<li>Rafael Chaves \u00e1vila (vocal)<\/li>\n<\/ul>\n<\/li>\n<\/ul>\n<p>&nbsp;<\/p>\n","protected":false},"excerpt":{"rendered":"<p>Tesis doctoral de Elena Mel\u00eda Mart\u00ed Las cooperativas agrarias espa\u00f1olas se caracterizan, entre otros factores, por presentar tama\u00f1os medios empresariales [&hellip;]<\/p>\n","protected":false},"author":1,"featured_media":0,"comment_status":"open","ping_status":"open","sticky":false,"template":"","format":"standard","meta":{"site-sidebar-layout":"default","site-content-layout":"","ast-site-content-layout":"","site-content-style":"default","site-sidebar-style":"default","ast-global-header-display":"","ast-banner-title-visibility":"","ast-main-header-display":"","ast-hfb-above-header-display":"","ast-hfb-below-header-display":"","ast-hfb-mobile-header-display":"","site-post-title":"","ast-breadcrumbs-content":"","ast-featured-img":"","footer-sml-layout":"","theme-transparent-header-meta":"","adv-header-id-meta":"","stick-header-meta":"","header-above-stick-meta":"","header-main-stick-meta":"","header-below-stick-meta":"","astra-migrate-meta-layouts":"default","ast-page-background-enabled":"default","ast-page-background-meta":{"desktop":{"background-color":"var(--ast-global-color-4)","background-image":"","background-repeat":"repeat","background-position":"center center","background-size":"auto","background-attachment":"scroll","background-type":"","background-media":"","overlay-type":"","overlay-color":"","overlay-gradient":""},"tablet":{"background-color":"","background-image":"","background-repeat":"repeat","background-position":"center center","background-size":"auto","background-attachment":"scroll","background-type":"","background-media":"","overlay-type":"","overlay-color":"","overlay-gradient":""},"mobile":{"background-color":"","background-image":"","background-repeat":"repeat","background-position":"center center","background-size":"auto","background-attachment":"scroll","background-type":"","background-media":"","overlay-type":"","overlay-color":"","overlay-gradient":""}},"ast-content-background-meta":{"desktop":{"background-color":"var(--ast-global-color-5)","background-image":"","background-repeat":"repeat","background-position":"center center","background-size":"auto","background-attachment":"scroll","background-type":"","background-media":"","overlay-type":"","overlay-color":"","overlay-gradient":""},"tablet":{"background-color":"var(--ast-global-color-5)","background-image":"","background-repeat":"repeat","background-position":"center center","background-size":"auto","background-attachment":"scroll","background-type":"","background-media":"","overlay-type":"","overlay-color":"","overlay-gradient":""},"mobile":{"background-color":"var(--ast-global-color-5)","background-image":"","background-repeat":"repeat","background-position":"center center","background-size":"auto","background-attachment":"scroll","background-type":"","background-media":"","overlay-type":"","overlay-color":"","overlay-gradient":""}},"footnotes":""},"categories":[82,9857,1697,1699,13381,2825,16820,6837,6838],"tags":[39722,58657,20942,26941,26940,57637],"class_list":["post-19024","post","type-post","status-publish","format-standard","hentry","category-ciencias-economicas","category-concentracion-economica","category-contabilidad-economica","category-contabilidad-financiera","category-integracion-economica","category-organizacion-industrial-y-sector-publico","category-politecnica-de-valencia","category-politica-fiscal-y-deuda-publica","category-politica-fiscal-y-hacienda-publica-nacionales","tag-baleren-bakaikoa-azurmendi","tag-elena-melia-marti","tag-juan-francisco-julia-igual","tag-monzon-campos-jose-luis","tag-rafael-chaves-avila","tag-server-izquierdo-ricardo-jose"],"_links":{"self":[{"href":"https:\/\/www.deberes.net\/tesis\/wp-json\/wp\/v2\/posts\/19024","targetHints":{"allow":["GET"]}}],"collection":[{"href":"https:\/\/www.deberes.net\/tesis\/wp-json\/wp\/v2\/posts"}],"about":[{"href":"https:\/\/www.deberes.net\/tesis\/wp-json\/wp\/v2\/types\/post"}],"author":[{"embeddable":true,"href":"https:\/\/www.deberes.net\/tesis\/wp-json\/wp\/v2\/users\/1"}],"replies":[{"embeddable":true,"href":"https:\/\/www.deberes.net\/tesis\/wp-json\/wp\/v2\/comments?post=19024"}],"version-history":[{"count":0,"href":"https:\/\/www.deberes.net\/tesis\/wp-json\/wp\/v2\/posts\/19024\/revisions"}],"wp:attachment":[{"href":"https:\/\/www.deberes.net\/tesis\/wp-json\/wp\/v2\/media?parent=19024"}],"wp:term":[{"taxonomy":"category","embeddable":true,"href":"https:\/\/www.deberes.net\/tesis\/wp-json\/wp\/v2\/categories?post=19024"},{"taxonomy":"post_tag","embeddable":true,"href":"https:\/\/www.deberes.net\/tesis\/wp-json\/wp\/v2\/tags?post=19024"}],"curies":[{"name":"wp","href":"https:\/\/api.w.org\/{rel}","templated":true}]}}