{"id":19046,"date":"2018-03-09T09:07:53","date_gmt":"2018-03-09T09:07:53","guid":{"rendered":"https:\/\/www.deberes.net\/tesis\/sin-categoria\/la-division-de-la-cosa-comun-en-el-codigo-civil\/"},"modified":"2018-03-09T09:07:53","modified_gmt":"2018-03-09T09:07:53","slug":"la-division-de-la-cosa-comun-en-el-codigo-civil","status":"publish","type":"post","link":"https:\/\/www.deberes.net\/tesis\/ciencias-juridicas-y-derecho\/la-division-de-la-cosa-comun-en-el-codigo-civil\/","title":{"rendered":"La divisi\u00f3n de la cosa com\u00fan en el c\u00f3digo civil"},"content":{"rendered":"<h2>Tesis doctoral de <strong> Jos\u00e9 Mar\u00eda Abella Rubio <\/strong><\/h2>\n<p>La presente tesis trata del estudio de la divisi\u00f3n de la copropiedad. su estructura se divide en dos partes: por un lado una introducci\u00f3n, y por otro lo que es el cuerpo de la tesis.  la introducci\u00f3n est\u00e1 dirigida a estudiar de una manera m\u00e1s gen\u00e9rica las causas de extinci\u00f3n de la copropiedad como forma de propiedad, distingui\u00e9ndose por un lado las causas que son comunes a la propiedad (como la destrucci\u00f3n total y p\u00e9rdida total de la cosa, por quedar \u00e9sta fuera del comercio, o por expropiaci\u00f3n forzosa); y por otro aquellas que son espec\u00edficas de la comunidad donde se encuentra la consolidaci\u00f3n y la divisi\u00f3n de la cosa com\u00fan.  en el cuerpo de la tesis se estudia el concepto y naturaleza jur\u00eddica de la comunidad de bienes, as\u00ed como los posibles l\u00edmites para poder llevar a cabo su divisi\u00f3n. A continuaci\u00f3n se desarrollar\u00e1 el tema de los sujetos intervinientes en la misma (con aspectos tales como la capacidad y la legitimaci\u00f3n), as\u00ed como la posici\u00f3n de terceras personas. Tal vez sean los efectos de la divisi\u00f3n el aspecto m\u00e1s importante de la tesis, terminando la misma con una referencia a la propiedad horizontal.  todo este trabajo de investigaci\u00f3n va acompa\u00f1ado de la jurisprudencia m\u00e1s importante de cada uno de los aspectos tratados.<\/p>\n<p>&nbsp;<\/p>\n<h3>Datos acad\u00e9micos de la tesis doctoral \u00ab<strong>La divisi\u00f3n de la cosa com\u00fan en el c\u00f3digo civil<\/strong>\u00ab<\/h3>\n<ul>\n<li><strong>T\u00edtulo de la tesis:<\/strong>\u00a0 La divisi\u00f3n de la cosa com\u00fan en el c\u00f3digo civil <\/li>\n<li><strong>Autor:<\/strong>\u00a0 Jos\u00e9 Mar\u00eda Abella Rubio <\/li>\n<li><strong>Universidad:<\/strong>\u00a0 San pablo-ceu<\/li>\n<li><strong>Fecha de lectura de la tesis:<\/strong>\u00a0 19\/09\/2002<\/li>\n<\/ul>\n<p>&nbsp;<\/p>\n<h3>Direcci\u00f3n y tribunal<\/h3>\n<ul>\n<li><strong>Director de la tesis<\/strong>\n<ul>\n<li>Xavier O Callaghan Mu\u00f1oz<\/li>\n<\/ul>\n<\/li>\n<li><strong>Tribunal<\/strong>\n<ul>\n<li>Presidente del tribunal: ram\u00f3n L\u00f3pez vilas <\/li>\n<li>silvia Diaz alabart (vocal)<\/li>\n<li>bernardo Moreno quesada (vocal)<\/li>\n<li> Blanch hougu\u00e9s Juan  Manuel (vocal)<\/li>\n<\/ul>\n<\/li>\n<\/ul>\n<p>&nbsp;<\/p>\n","protected":false},"excerpt":{"rendered":"<p>Tesis doctoral de Jos\u00e9 Mar\u00eda Abella Rubio La presente tesis trata del estudio de la divisi\u00f3n de la copropiedad. su [&hellip;]<\/p>\n","protected":false},"author":1,"featured_media":0,"comment_status":"open","ping_status":"open","sticky":false,"template":"","format":"standard","meta":{"site-sidebar-layout":"default","site-content-layout":"","ast-site-content-layout":"","site-content-style":"default","site-sidebar-style":"default","ast-global-header-display":"","ast-banner-title-visibility":"","ast-main-header-display":"","ast-hfb-above-header-display":"","ast-hfb-below-header-display":"","ast-hfb-mobile-header-display":"","site-post-title":"","ast-breadcrumbs-content":"","ast-featured-img":"","footer-sml-layout":"","theme-transparent-header-meta":"","adv-header-id-meta":"","stick-header-meta":"","header-above-stick-meta":"","header-main-stick-meta":"","header-below-stick-meta":"","astra-migrate-meta-layouts":"default","ast-page-background-enabled":"default","ast-page-background-meta":{"desktop":{"background-color":"var(--ast-global-color-4)","background-image":"","background-repeat":"repeat","background-position":"center center","background-size":"auto","background-attachment":"scroll","background-type":"","background-media":"","overlay-type":"","overlay-color":"","overlay-gradient":""},"tablet":{"background-color":"","background-image":"","background-repeat":"repeat","background-position":"center center","background-size":"auto","background-attachment":"scroll","background-type":"","background-media":"","overlay-type":"","overlay-color":"","overlay-gradient":""},"mobile":{"background-color":"","background-image":"","background-repeat":"repeat","background-position":"center center","background-size":"auto","background-attachment":"scroll","background-type":"","background-media":"","overlay-type":"","overlay-color":"","overlay-gradient":""}},"ast-content-background-meta":{"desktop":{"background-color":"var(--ast-global-color-5)","background-image":"","background-repeat":"repeat","background-position":"center center","background-size":"auto","background-attachment":"scroll","background-type":"","background-media":"","overlay-type":"","overlay-color":"","overlay-gradient":""},"tablet":{"background-color":"var(--ast-global-color-5)","background-image":"","background-repeat":"repeat","background-position":"center center","background-size":"auto","background-attachment":"scroll","background-type":"","background-media":"","overlay-type":"","overlay-color":"","overlay-gradient":""},"mobile":{"background-color":"var(--ast-global-color-5)","background-image":"","background-repeat":"repeat","background-position":"center center","background-size":"auto","background-attachment":"scroll","background-type":"","background-media":"","overlay-type":"","overlay-color":"","overlay-gradient":""}},"footnotes":""},"categories":[612,3894,979,11777,39800,3193],"tags":[3841,58712,58711,43110,7706,23193],"class_list":["post-19046","post","type-post","status-publish","format-standard","hentry","category-ciencias-juridicas-y-derecho","category-derecho-privado","category-derecho-y-legislacion-nacionales","category-filosofia-del-derecho","category-san-pablo-ceu","category-teoria-y-metodos-generales-del-derecho","tag-bernardo-moreno-quesada","tag-blanch-hougues-juan-manuel","tag-jose-maria-abella-rubio","tag-ramon-lopez-vilas","tag-silvia-diaz-alabart","tag-xavier-o-callaghan-munoz"],"_links":{"self":[{"href":"https:\/\/www.deberes.net\/tesis\/wp-json\/wp\/v2\/posts\/19046","targetHints":{"allow":["GET"]}}],"collection":[{"href":"https:\/\/www.deberes.net\/tesis\/wp-json\/wp\/v2\/posts"}],"about":[{"href":"https:\/\/www.deberes.net\/tesis\/wp-json\/wp\/v2\/types\/post"}],"author":[{"embeddable":true,"href":"https:\/\/www.deberes.net\/tesis\/wp-json\/wp\/v2\/users\/1"}],"replies":[{"embeddable":true,"href":"https:\/\/www.deberes.net\/tesis\/wp-json\/wp\/v2\/comments?post=19046"}],"version-history":[{"count":0,"href":"https:\/\/www.deberes.net\/tesis\/wp-json\/wp\/v2\/posts\/19046\/revisions"}],"wp:attachment":[{"href":"https:\/\/www.deberes.net\/tesis\/wp-json\/wp\/v2\/media?parent=19046"}],"wp:term":[{"taxonomy":"category","embeddable":true,"href":"https:\/\/www.deberes.net\/tesis\/wp-json\/wp\/v2\/categories?post=19046"},{"taxonomy":"post_tag","embeddable":true,"href":"https:\/\/www.deberes.net\/tesis\/wp-json\/wp\/v2\/tags?post=19046"}],"curies":[{"name":"wp","href":"https:\/\/api.w.org\/{rel}","templated":true}]}}