{"id":19056,"date":"2018-03-09T09:07:54","date_gmt":"2018-03-09T09:07:54","guid":{"rendered":"https:\/\/www.deberes.net\/tesis\/sin-categoria\/discriminacion-de-genero-en-situaciones-de-competicion-y-cooperacion-con-priming-subliminal\/"},"modified":"2018-03-09T09:07:54","modified_gmt":"2018-03-09T09:07:54","slug":"discriminacion-de-genero-en-situaciones-de-competicion-y-cooperacion-con-priming-subliminal","status":"publish","type":"post","link":"https:\/\/www.deberes.net\/tesis\/psicologia\/discriminacion-de-genero-en-situaciones-de-competicion-y-cooperacion-con-priming-subliminal\/","title":{"rendered":"Discriminaci\u00f3n de g\u00e9nero en situaciones de competici\u00f3n y cooperaci\u00f3n con priming subliminal"},"content":{"rendered":"<h2>Tesis doctoral de <strong> Beatriz Montes Berges <\/strong><\/h2>\n<p>En este trabajo se aborda el fen\u00f3meno de la discriminaci\u00f3n de g\u00e9nero desde la perspectiva del estudio del prejuicio y las relaciones intergrupales entre hombres y mujeres, as\u00ed como desde una perspectiva m\u00e1s novedosa c\u00f3mo es la activaci\u00f3n autom\u00e1tica de categor\u00edas de g\u00e9nero. Se realizaron dos estudios experimentales. El primero de ellos examinaba la influencia de situaciones de competici\u00f3n y de cooperaci\u00f3n en las respuestas a medidas afectivas, cognitivas y comportamentales. El segundo estudio combina este mismo procedimiento con la presentaci\u00f3n (o ausencia de ella) de una tarea de priming subliminal. Los resultados obtenidos se explican a la luz de la teor\u00eda de la identidad social, de la literatura sobre procesos autom\u00e1ticos e inintencionados, as\u00ed como de la evoluci\u00f3n social de los estereotipos.  palabras claves: discriminaci\u00f3n de g\u00e9nero, priming subliminal, competici\u00f3n vos., Cooperaci\u00f3n, neosexismo, intereses colectivos, actitudes hacia programas de acci\u00f3n positiva.<\/p>\n<p>&nbsp;<\/p>\n<h3>Datos acad\u00e9micos de la tesis doctoral \u00ab<strong>Discriminaci\u00f3n de g\u00e9nero en situaciones de competici\u00f3n y cooperaci\u00f3n con priming subliminal<\/strong>\u00ab<\/h3>\n<ul>\n<li><strong>T\u00edtulo de la tesis:<\/strong>\u00a0 Discriminaci\u00f3n de g\u00e9nero en situaciones de competici\u00f3n y cooperaci\u00f3n con priming subliminal <\/li>\n<li><strong>Autor:<\/strong>\u00a0 Beatriz Montes Berges <\/li>\n<li><strong>Universidad:<\/strong>\u00a0 Granada<\/li>\n<li><strong>Fecha de lectura de la tesis:<\/strong>\u00a0 20\/09\/2002<\/li>\n<\/ul>\n<p>&nbsp;<\/p>\n<h3>Direcci\u00f3n y tribunal<\/h3>\n<ul>\n<li><strong>Director de la tesis<\/strong>\n<ul>\n<li>Miguel Moya Morales<\/li>\n<\/ul>\n<\/li>\n<li><strong>Tribunal<\/strong>\n<ul>\n<li>Presidente del tribunal: Mar\u00eda Ros Garc\u00eda <\/li>\n<li> Canto ortiz Jes\u00fas m. (vocal)<\/li>\n<li>\u00e1ngel G\u00f3mez jim\u00e9nez (vocal)<\/li>\n<li>marina Herrera torres (vocal)<\/li>\n<\/ul>\n<\/li>\n<\/ul>\n<p>&nbsp;<\/p>\n","protected":false},"excerpt":{"rendered":"<p>Tesis doctoral de Beatriz Montes Berges En este trabajo se aborda el fen\u00f3meno de la discriminaci\u00f3n de g\u00e9nero desde la [&hellip;]<\/p>\n","protected":false},"author":1,"featured_media":0,"comment_status":"open","ping_status":"open","sticky":false,"template":"","format":"standard","meta":{"site-sidebar-layout":"default","site-content-layout":"","ast-site-content-layout":"","site-content-style":"default","site-sidebar-style":"default","ast-global-header-display":"","ast-banner-title-visibility":"","ast-main-header-display":"","ast-hfb-above-header-display":"","ast-hfb-below-header-display":"","ast-hfb-mobile-header-display":"","site-post-title":"","ast-breadcrumbs-content":"","ast-featured-img":"","footer-sml-layout":"","theme-transparent-header-meta":"","adv-header-id-meta":"","stick-header-meta":"","header-above-stick-meta":"","header-main-stick-meta":"","header-below-stick-meta":"","astra-migrate-meta-layouts":"default","ast-page-background-enabled":"default","ast-page-background-meta":{"desktop":{"background-color":"var(--ast-global-color-4)","background-image":"","background-repeat":"repeat","background-position":"center center","background-size":"auto","background-attachment":"scroll","background-type":"","background-media":"","overlay-type":"","overlay-color":"","overlay-gradient":""},"tablet":{"background-color":"","background-image":"","background-repeat":"repeat","background-position":"center center","background-size":"auto","background-attachment":"scroll","background-type":"","background-media":"","overlay-type":"","overlay-color":"","overlay-gradient":""},"mobile":{"background-color":"","background-image":"","background-repeat":"repeat","background-position":"center center","background-size":"auto","background-attachment":"scroll","background-type":"","background-media":"","overlay-type":"","overlay-color":"","overlay-gradient":""}},"ast-content-background-meta":{"desktop":{"background-color":"var(--ast-global-color-5)","background-image":"","background-repeat":"repeat","background-position":"center center","background-size":"auto","background-attachment":"scroll","background-type":"","background-media":"","overlay-type":"","overlay-color":"","overlay-gradient":""},"tablet":{"background-color":"var(--ast-global-color-5)","background-image":"","background-repeat":"repeat","background-position":"center center","background-size":"auto","background-attachment":"scroll","background-type":"","background-media":"","overlay-type":"","overlay-color":"","overlay-gradient":""},"mobile":{"background-color":"var(--ast-global-color-5)","background-image":"","background-repeat":"repeat","background-position":"center center","background-size":"auto","background-attachment":"scroll","background-type":"","background-media":"","overlay-type":"","overlay-color":"","overlay-gradient":""}},"footnotes":""},"categories":[7757,26060,6025,8178,1168,324,996],"tags":[58733,58731,58732,7230,58734,17252],"class_list":["post-19056","post","type-post","status-publish","format-standard","hentry","category-actitudes-sociales","category-discriminacion","category-estudio-psicologico-de-cuestiones-sociales","category-interaccion-de-grupos","category-procesos-de-grupos","category-psicologia","category-psicologia-social","tag-angel-gomez-jimenez","tag-beatriz-montes-berges","tag-canto-ortiz-jesus-m","tag-maria-ros-garcia","tag-marina-herrera-torres","tag-miguel-moya-morales"],"_links":{"self":[{"href":"https:\/\/www.deberes.net\/tesis\/wp-json\/wp\/v2\/posts\/19056","targetHints":{"allow":["GET"]}}],"collection":[{"href":"https:\/\/www.deberes.net\/tesis\/wp-json\/wp\/v2\/posts"}],"about":[{"href":"https:\/\/www.deberes.net\/tesis\/wp-json\/wp\/v2\/types\/post"}],"author":[{"embeddable":true,"href":"https:\/\/www.deberes.net\/tesis\/wp-json\/wp\/v2\/users\/1"}],"replies":[{"embeddable":true,"href":"https:\/\/www.deberes.net\/tesis\/wp-json\/wp\/v2\/comments?post=19056"}],"version-history":[{"count":0,"href":"https:\/\/www.deberes.net\/tesis\/wp-json\/wp\/v2\/posts\/19056\/revisions"}],"wp:attachment":[{"href":"https:\/\/www.deberes.net\/tesis\/wp-json\/wp\/v2\/media?parent=19056"}],"wp:term":[{"taxonomy":"category","embeddable":true,"href":"https:\/\/www.deberes.net\/tesis\/wp-json\/wp\/v2\/categories?post=19056"},{"taxonomy":"post_tag","embeddable":true,"href":"https:\/\/www.deberes.net\/tesis\/wp-json\/wp\/v2\/tags?post=19056"}],"curies":[{"name":"wp","href":"https:\/\/api.w.org\/{rel}","templated":true}]}}