{"id":19099,"date":"2018-03-09T09:07:57","date_gmt":"2018-03-09T09:07:57","guid":{"rendered":"https:\/\/www.deberes.net\/tesis\/sin-categoria\/la-tierra-de-montes-en-el-siglo-xviii-estructura-demografica-y-sistema-familiar-en-una-sociedad-rural\/"},"modified":"2018-03-09T09:07:57","modified_gmt":"2018-03-09T09:07:57","slug":"la-tierra-de-montes-en-el-siglo-xviii-estructura-demografica-y-sistema-familiar-en-una-sociedad-rural","status":"publish","type":"post","link":"https:\/\/www.deberes.net\/tesis\/historia\/la-tierra-de-montes-en-el-siglo-xviii-estructura-demografica-y-sistema-familiar-en-una-sociedad-rural\/","title":{"rendered":"La tierra de montes en el siglo xviii. estructura demogr\u00e1fica y sistema familiar en una sociedad rural"},"content":{"rendered":"<h2>Tesis doctoral de <strong> Camilo Fern\u00e1ndez Cortizo <\/strong><\/h2>\n<p>La tierra de montes, localizada en la \u00e9poca moderna en la provincia de santiago y en la actualidad compartiendo su territorio entre las de pontevedra y ourense, son configura como jurisdicci\u00f3n a partir del siglo xii. Comarca de media monta\u00f1a situada en el sector meridional de la dorsal gallega, su relieve, clima y suelos constitu\u00edan en el pasado unos poderosos condicionantes de la ocupaci\u00f3n humana y del aprovechamiento del suelo. la superficie cultivada ocupaba por ello una modesta proporci\u00f3n de su territorio -en torno al 10%-, que contrastaba con la amplia extensi\u00f3n de los montes y espacios incultos de aprovechamiento colectivo, fundamentales en este caso para el mantenimiento de una num\u00e9ricamente importante caba\u00f1a ganadera que, en combinaci\u00f3n con la proliferaci\u00f3n de diferentes actividades auxiliares (canter\u00eda, arrier\u00eda, tr\u00e1fico de cera, etc..). Asumen un papel complementario en la subsistencia campesina ante la insuficiencia de la explotaci\u00f3n agr\u00edcola, de pequ\u00f1o tama\u00f1o -en promedio de 2,5 ha., A mediados del siglo xviii- y muy parcelada internamente.  la poblaci\u00f3n que genera y subsiste de estos recursos, salvo en determinadas fases (a\u00f1os centrales del siglo xvii, segunda mitad de la siguiente centuria), est\u00e1 en continuo crecimiento, sobre todo durante la primera mitad del xvi, gracias a la extensi\u00f3n de la tierra de cultivo y a la difusi\u00f3n del cultivo del mijo menudo, y del xviii, en este caso favorecido ya por la generalizaci\u00f3n del cultivo del ma\u00edz.  en sus comportamientos internos, la poblaci\u00f3n comarcal se caracteriza por una nupcialidad tard\u00eda y restringida, por unos niveles de fecundidad leg\u00edtima comparativamente moderados, al igual que en el caso de la mortalidad de p\u00e1rvulos, y finalmente por la acusada movilidad estacional de ciertos sectores profesionales (canteros, carpinteros, segadores, etc..).  finalmente, la vida de los naturales de montes transcurr\u00eda por regla general en el seno de grupos dom<\/p>\n<p>&nbsp;<\/p>\n<h3>Datos acad\u00e9micos de la tesis doctoral \u00ab<strong>La tierra de montes en el siglo xviii. estructura demogr\u00e1fica y sistema familiar en una sociedad rural<\/strong>\u00ab<\/h3>\n<ul>\n<li><strong>T\u00edtulo de la tesis:<\/strong>\u00a0 La tierra de montes en el siglo xviii. estructura demogr\u00e1fica y sistema familiar en una sociedad rural <\/li>\n<li><strong>Autor:<\/strong>\u00a0 Camilo Fern\u00e1ndez Cortizo <\/li>\n<li><strong>Universidad:<\/strong>\u00a0 Santiago de compostela<\/li>\n<li><strong>Fecha de lectura de la tesis:<\/strong>\u00a0 23\/09\/2002<\/li>\n<\/ul>\n<p>&nbsp;<\/p>\n<h3>Direcci\u00f3n y tribunal<\/h3>\n<ul>\n<li><strong>Director de la tesis<\/strong>\n<ul>\n<li>Antonio Eiras Roel<\/li>\n<\/ul>\n<\/li>\n<li><strong>Tribunal<\/strong>\n<ul>\n<li>Presidente del tribunal: bernard Vicent <\/li>\n<li> Gelabert gonz\u00e1lez Juan  e. (vocal)<\/li>\n<li>Rafael Benitez sanchez blanco (vocal)<\/li>\n<li>vicente Su\u00e1rez  grim\u00f3n (vocal)<\/li>\n<\/ul>\n<\/li>\n<\/ul>\n<p>&nbsp;<\/p>\n","protected":false},"excerpt":{"rendered":"<p>Tesis doctoral de Camilo Fern\u00e1ndez Cortizo La tierra de montes, localizada en la \u00e9poca moderna en la provincia de santiago [&hellip;]<\/p>\n","protected":false},"author":1,"featured_media":0,"comment_status":"open","ping_status":"open","sticky":false,"template":"","format":"standard","meta":{"site-sidebar-layout":"default","site-content-layout":"","ast-site-content-layout":"","site-content-style":"default","site-sidebar-style":"default","ast-global-header-display":"","ast-banner-title-visibility":"","ast-main-header-display":"","ast-hfb-above-header-display":"","ast-hfb-below-header-display":"","ast-hfb-mobile-header-display":"","site-post-title":"","ast-breadcrumbs-content":"","ast-featured-img":"","footer-sml-layout":"","theme-transparent-header-meta":"","adv-header-id-meta":"","stick-header-meta":"","header-above-stick-meta":"","header-main-stick-meta":"","header-below-stick-meta":"","astra-migrate-meta-layouts":"default","ast-page-background-enabled":"default","ast-page-background-meta":{"desktop":{"background-color":"var(--ast-global-color-4)","background-image":"","background-repeat":"repeat","background-position":"center center","background-size":"auto","background-attachment":"scroll","background-type":"","background-media":"","overlay-type":"","overlay-color":"","overlay-gradient":""},"tablet":{"background-color":"","background-image":"","background-repeat":"repeat","background-position":"center center","background-size":"auto","background-attachment":"scroll","background-type":"","background-media":"","overlay-type":"","overlay-color":"","overlay-gradient":""},"mobile":{"background-color":"","background-image":"","background-repeat":"repeat","background-position":"center center","background-size":"auto","background-attachment":"scroll","background-type":"","background-media":"","overlay-type":"","overlay-color":"","overlay-gradient":""}},"ast-content-background-meta":{"desktop":{"background-color":"var(--ast-global-color-5)","background-image":"","background-repeat":"repeat","background-position":"center center","background-size":"auto","background-attachment":"scroll","background-type":"","background-media":"","overlay-type":"","overlay-color":"","overlay-gradient":""},"tablet":{"background-color":"var(--ast-global-color-5)","background-image":"","background-repeat":"repeat","background-position":"center center","background-size":"auto","background-attachment":"scroll","background-type":"","background-media":"","overlay-type":"","overlay-color":"","overlay-gradient":""},"mobile":{"background-color":"var(--ast-global-color-5)","background-image":"","background-repeat":"repeat","background-position":"center center","background-size":"auto","background-attachment":"scroll","background-type":"","background-media":"","overlay-type":"","overlay-color":"","overlay-gradient":""}},"footnotes":""},"categories":[9374,1066,1353,19245,1399,1401,3090,11298,104,989,220,977],"tags":[687,49999,58839,58840,9208,19075],"class_list":["post-19099","post","type-post","status-publish","format-standard","hentry","category-demogeografia","category-demografia","category-demografia-geografica","category-demografia-rural","category-geografia","category-geografia-humana","category-geografia-regional","category-geografia-rural","category-historia","category-historia-moderna","category-historia-por-epocas","category-santiago-de-compostela","tag-antonio-eiras-roel","tag-bernard-vicent","tag-camilo-fernandez-cortizo","tag-gelabert-gonzalez-juan-e","tag-rafael-benitez-sanchez-blanco","tag-vicente-suarez-grimon"],"_links":{"self":[{"href":"https:\/\/www.deberes.net\/tesis\/wp-json\/wp\/v2\/posts\/19099","targetHints":{"allow":["GET"]}}],"collection":[{"href":"https:\/\/www.deberes.net\/tesis\/wp-json\/wp\/v2\/posts"}],"about":[{"href":"https:\/\/www.deberes.net\/tesis\/wp-json\/wp\/v2\/types\/post"}],"author":[{"embeddable":true,"href":"https:\/\/www.deberes.net\/tesis\/wp-json\/wp\/v2\/users\/1"}],"replies":[{"embeddable":true,"href":"https:\/\/www.deberes.net\/tesis\/wp-json\/wp\/v2\/comments?post=19099"}],"version-history":[{"count":0,"href":"https:\/\/www.deberes.net\/tesis\/wp-json\/wp\/v2\/posts\/19099\/revisions"}],"wp:attachment":[{"href":"https:\/\/www.deberes.net\/tesis\/wp-json\/wp\/v2\/media?parent=19099"}],"wp:term":[{"taxonomy":"category","embeddable":true,"href":"https:\/\/www.deberes.net\/tesis\/wp-json\/wp\/v2\/categories?post=19099"},{"taxonomy":"post_tag","embeddable":true,"href":"https:\/\/www.deberes.net\/tesis\/wp-json\/wp\/v2\/tags?post=19099"}],"curies":[{"name":"wp","href":"https:\/\/api.w.org\/{rel}","templated":true}]}}