{"id":19111,"date":"2018-03-09T09:07:58","date_gmt":"2018-03-09T09:07:58","guid":{"rendered":"https:\/\/www.deberes.net\/tesis\/sin-categoria\/la-realizacion-arbitraria-del-propio-derecho\/"},"modified":"2018-03-09T09:07:58","modified_gmt":"2018-03-09T09:07:58","slug":"la-realizacion-arbitraria-del-propio-derecho","status":"publish","type":"post","link":"https:\/\/www.deberes.net\/tesis\/ciencias-juridicas-y-derecho\/la-realizacion-arbitraria-del-propio-derecho\/","title":{"rendered":"La realizaci\u00f3n arbitraria del propio derecho"},"content":{"rendered":"<h2>Tesis doctoral de <strong> Javier Guardiola Garc\u00eda <\/strong><\/h2>\n<p>Estudio del delito espa\u00f1ol de realizaci\u00f3n arbitraria del propio derecho. partiendo de analizar la funci\u00f3n del ejercicio de un derecho en el sistema penal y en el concreto \u00e1mbito de la justificaci\u00f3n penal, y de analizar los antecedentes hist\u00f3ricos y modelos de derecho comparado (alemania, italia, pa\u00edses iberoamericanos&#8230;), La tesis aborda la determinaci\u00f3n del bien jur\u00eddico (con especial atenci\u00f3n a la administraci\u00f3n de justicia). A partir de aqu\u00ed, estudia el elemento subjetivo especial del tipo, que entiende elemento subjetivo de minoraci\u00f3n del contenido de injusto; los conceptos de violencia, intimidaci\u00f3n y fuerza en las cosas; el inciso \u00abactuando fuera de las v\u00edas legales\u00bb; y la modalidad agravada por uso de armas u objetos peligrosos.  se ocupa en todo ello de acotar el \u00e1mbito de la tipicidad, el contenido de injusto y las posibilidades de justificaci\u00f3n, la imputaci\u00f3n subjetiva y las causas de su exclusi\u00f3n (con especial atenci\u00f3n a m\u00faltiples posibilidades de error), los problemas concursales, la pena asignada y otras cuestiones conexas (responsabilidad civil, consecuencias accesorias &#8230;).<\/p>\n<p>&nbsp;<\/p>\n<h3>Datos acad\u00e9micos de la tesis doctoral \u00ab<strong>La realizaci\u00f3n arbitraria del propio derecho<\/strong>\u00ab<\/h3>\n<ul>\n<li><strong>T\u00edtulo de la tesis:<\/strong>\u00a0 La realizaci\u00f3n arbitraria del propio derecho <\/li>\n<li><strong>Autor:<\/strong>\u00a0 Javier Guardiola Garc\u00eda <\/li>\n<li><strong>Universidad:<\/strong>\u00a0 Universitat de val\u00e9ncia (estudi general)<\/li>\n<li><strong>Fecha de lectura de la tesis:<\/strong>\u00a0 23\/09\/2002<\/li>\n<\/ul>\n<p>&nbsp;<\/p>\n<h3>Direcci\u00f3n y tribunal<\/h3>\n<ul>\n<li><strong>Director de la tesis<\/strong>\n<ul>\n<li>Juan  Carlos Carbonell Mateu<\/li>\n<\/ul>\n<\/li>\n<li><strong>Tribunal<\/strong>\n<ul>\n<li>Presidente del tribunal: enrique Orts berenguer <\/li>\n<li>lorenzo Picotti (vocal)<\/li>\n<li>diego-manuel Luz\u00f3n pe\u00f1a (vocal)<\/li>\n<li>patricia raquel Laurenzo copello (vocal)<\/li>\n<\/ul>\n<\/li>\n<\/ul>\n<p>&nbsp;<\/p>\n","protected":false},"excerpt":{"rendered":"<p>Tesis doctoral de Javier Guardiola Garc\u00eda Estudio del delito espa\u00f1ol de realizaci\u00f3n arbitraria del propio derecho. partiendo de analizar la [&hellip;]<\/p>\n","protected":false},"author":1,"featured_media":0,"comment_status":"open","ping_status":"open","sticky":false,"template":"","format":"standard","meta":{"site-sidebar-layout":"default","site-content-layout":"","ast-site-content-layout":"","site-content-style":"default","site-sidebar-style":"default","ast-global-header-display":"","ast-banner-title-visibility":"","ast-main-header-display":"","ast-hfb-above-header-display":"","ast-hfb-below-header-display":"","ast-hfb-mobile-header-display":"","site-post-title":"","ast-breadcrumbs-content":"","ast-featured-img":"","footer-sml-layout":"","theme-transparent-header-meta":"","adv-header-id-meta":"","stick-header-meta":"","header-above-stick-meta":"","header-main-stick-meta":"","header-below-stick-meta":"","astra-migrate-meta-layouts":"default","ast-page-background-enabled":"default","ast-page-background-meta":{"desktop":{"background-color":"var(--ast-global-color-4)","background-image":"","background-repeat":"repeat","background-position":"center center","background-size":"auto","background-attachment":"scroll","background-type":"","background-media":"","overlay-type":"","overlay-color":"","overlay-gradient":""},"tablet":{"background-color":"","background-image":"","background-repeat":"repeat","background-position":"center center","background-size":"auto","background-attachment":"scroll","background-type":"","background-media":"","overlay-type":"","overlay-color":"","overlay-gradient":""},"mobile":{"background-color":"","background-image":"","background-repeat":"repeat","background-position":"center center","background-size":"auto","background-attachment":"scroll","background-type":"","background-media":"","overlay-type":"","overlay-color":"","overlay-gradient":""}},"ast-content-background-meta":{"desktop":{"background-color":"var(--ast-global-color-5)","background-image":"","background-repeat":"repeat","background-position":"center center","background-size":"auto","background-attachment":"scroll","background-type":"","background-media":"","overlay-type":"","overlay-color":"","overlay-gradient":""},"tablet":{"background-color":"var(--ast-global-color-5)","background-image":"","background-repeat":"repeat","background-position":"center center","background-size":"auto","background-attachment":"scroll","background-type":"","background-media":"","overlay-type":"","overlay-color":"","overlay-gradient":""},"mobile":{"background-color":"var(--ast-global-color-5)","background-image":"","background-repeat":"repeat","background-position":"center center","background-size":"auto","background-attachment":"scroll","background-type":"","background-media":"","overlay-type":"","overlay-color":"","overlay-gradient":""}},"footnotes":""},"categories":[612,613,979],"tags":[26549,9844,58867,12085,58868,58869],"class_list":["post-19111","post","type-post","status-publish","format-standard","hentry","category-ciencias-juridicas-y-derecho","category-derecho-penal","category-derecho-y-legislacion-nacionales","tag-diego-manuel-luzon-pena","tag-enrique-orts-berenguer","tag-javier-guardiola-garcia","tag-juan-carlos-carbonell-mateu","tag-lorenzo-picotti","tag-patricia-raquel-laurenzo-copello"],"_links":{"self":[{"href":"https:\/\/www.deberes.net\/tesis\/wp-json\/wp\/v2\/posts\/19111","targetHints":{"allow":["GET"]}}],"collection":[{"href":"https:\/\/www.deberes.net\/tesis\/wp-json\/wp\/v2\/posts"}],"about":[{"href":"https:\/\/www.deberes.net\/tesis\/wp-json\/wp\/v2\/types\/post"}],"author":[{"embeddable":true,"href":"https:\/\/www.deberes.net\/tesis\/wp-json\/wp\/v2\/users\/1"}],"replies":[{"embeddable":true,"href":"https:\/\/www.deberes.net\/tesis\/wp-json\/wp\/v2\/comments?post=19111"}],"version-history":[{"count":0,"href":"https:\/\/www.deberes.net\/tesis\/wp-json\/wp\/v2\/posts\/19111\/revisions"}],"wp:attachment":[{"href":"https:\/\/www.deberes.net\/tesis\/wp-json\/wp\/v2\/media?parent=19111"}],"wp:term":[{"taxonomy":"category","embeddable":true,"href":"https:\/\/www.deberes.net\/tesis\/wp-json\/wp\/v2\/categories?post=19111"},{"taxonomy":"post_tag","embeddable":true,"href":"https:\/\/www.deberes.net\/tesis\/wp-json\/wp\/v2\/tags?post=19111"}],"curies":[{"name":"wp","href":"https:\/\/api.w.org\/{rel}","templated":true}]}}