{"id":19123,"date":"2018-03-09T09:07:59","date_gmt":"2018-03-09T09:07:59","guid":{"rendered":"https:\/\/www.deberes.net\/tesis\/sin-categoria\/el-desarrollo-profesional-del-maestro-de-primaria-respecto-de-la-ensenanza-de-la-matematica-un-estudio-de-caso\/"},"modified":"2018-03-09T09:07:59","modified_gmt":"2018-03-09T09:07:59","slug":"el-desarrollo-profesional-del-maestro-de-primaria-respecto-de-la-ensenanza-de-la-matematica-un-estudio-de-caso","status":"publish","type":"post","link":"https:\/\/www.deberes.net\/tesis\/formacion-y-empleo-de-profesores\/el-desarrollo-profesional-del-maestro-de-primaria-respecto-de-la-ensenanza-de-la-matematica-un-estudio-de-caso\/","title":{"rendered":"El desarrollo profesional del maestro de primaria respecto de la ense\u00f1anza de la matem\u00e1tica : un estudio de caso"},"content":{"rendered":"<h2>Tesis doctoral de <strong> Nuria Climent Rodr\u00edguez <\/strong><\/h2>\n<p>Este estudio versa sobre el desarrollo profesional de una maestra implicada en la reflexi\u00f3n y modificaci\u00f3n de su pr\u00e1ctica (en paralelo a su participaci\u00f3n en un proyecto de investigaci\u00f3n colaborativa sobre la resoluci\u00f3n de problemas en el aula de matem\u00e1ticas). Nuestro foco de atenci\u00f3n es en qu\u00e9 t\u00e9rminos se produce su desarrollo y c\u00f3mo se relacionan entre s\u00ed los aspectos en que se observa. Junto con este objetivo principal inoagamos sobre sus proceso de reflexi\u00f3n y modificaci\u00f3n de su pr\u00e1ctica, sus concepciones sobre su desarrollo y su interpretaci\u00f3n de la resoluci\u00f3n de problemas en la ense\u00f1anza de la matem\u00e1tica, as\u00ed como la relaci\u00f3n de estas tres cuestiones con su desarrollo.  se trata de un estudio longitudinal del que destaca la variedad de instrumentos de recogida de informaci\u00f3n, que abordan desde su introspecci\u00f3n has la observaci\u00f3n externa de su pr\u00e1ctica (todos de corte cualitativo, en consonancia con el enfoque del estudio).  la visi\u00f3n de la maestra sobre su desarrollo se muestra como un elemento fundamental en dicho desarrollo, en particular que elementos de su conocimiento profesional considera necesario abordar. A este respecto, el conocimiento de contenido matem\u00e1tico (para su ense\u00f1anza) juega un papel  central en su desarrollo y en su visi\u00f3n del mismo.  la reflexi\u00f3n y la mejora de la comprensi\u00f3n de la pr\u00e1ctica, en torno a las cuales se conceptualiza la perspectiva del desarrollo profesional del trabajo, ayudan a explicar el proceso de desarrollo observado. Se dise\u00f1an y aportan categor\u00edas para el an\u00e1lisis del desarrollo profesional del maestro de primaria en relaci\u00f3n con sus concepciones sobre la ense\u00f1anza y el aprendizaje de la matem\u00e1tica, su conocimiento profesional, su reflexi\u00f3n sobre la pr\u00e1ctica, y su visi\u00f3n del desarrollo, \u00fatiles para la formaci\u00f3n de maestros y la investigaci\u00f3n sobre \u00e9sta.<\/p>\n<p>&nbsp;<\/p>\n<h3>Datos acad\u00e9micos de la tesis doctoral \u00ab<strong>El desarrollo profesional del maestro de primaria respecto de la ense\u00f1anza de la matem\u00e1tica : un estudio de caso<\/strong>\u00ab<\/h3>\n<ul>\n<li><strong>T\u00edtulo de la tesis:<\/strong>\u00a0 El desarrollo profesional del maestro de primaria respecto de la ense\u00f1anza de la matem\u00e1tica : un estudio de caso <\/li>\n<li><strong>Autor:<\/strong>\u00a0 Nuria Climent Rodr\u00edguez <\/li>\n<li><strong>Universidad:<\/strong>\u00a0 Huelva<\/li>\n<li><strong>Fecha de lectura de la tesis:<\/strong>\u00a0 23\/09\/2002<\/li>\n<\/ul>\n<p>&nbsp;<\/p>\n<h3>Direcci\u00f3n y tribunal<\/h3>\n<ul>\n<li><strong>Director de la tesis<\/strong>\n<ul>\n<li>Jose Carrillo Ya\u00f1ez<\/li>\n<\/ul>\n<\/li>\n<li><strong>Tribunal<\/strong>\n<ul>\n<li>Presidente del tribunal: salvador Llinares ciscar <\/li>\n<li>lurdes Marqu\u00e9s serrazina (vocal)<\/li>\n<li>pilar Azcarate goded (vocal)<\/li>\n<li>pablo Flores mart\u00ednez (vocal)<\/li>\n<\/ul>\n<\/li>\n<\/ul>\n<p>&nbsp;<\/p>\n","protected":false},"excerpt":{"rendered":"<p>Tesis doctoral de Nuria Climent Rodr\u00edguez Este estudio versa sobre el desarrollo profesional de una maestra implicada en la reflexi\u00f3n [&hellip;]<\/p>\n","protected":false},"author":1,"featured_media":0,"comment_status":"open","ping_status":"open","sticky":false,"template":"","format":"standard","meta":{"site-sidebar-layout":"default","site-content-layout":"","ast-site-content-layout":"","site-content-style":"default","site-sidebar-style":"default","ast-global-header-display":"","ast-banner-title-visibility":"","ast-main-header-display":"","ast-hfb-above-header-display":"","ast-hfb-below-header-display":"","ast-hfb-mobile-header-display":"","site-post-title":"","ast-breadcrumbs-content":"","ast-featured-img":"","footer-sml-layout":"","theme-transparent-header-meta":"","adv-header-id-meta":"","stick-header-meta":"","header-above-stick-meta":"","header-main-stick-meta":"","header-below-stick-meta":"","astra-migrate-meta-layouts":"default","ast-page-background-enabled":"default","ast-page-background-meta":{"desktop":{"background-color":"var(--ast-global-color-4)","background-image":"","background-repeat":"repeat","background-position":"center center","background-size":"auto","background-attachment":"scroll","background-type":"","background-media":"","overlay-type":"","overlay-color":"","overlay-gradient":""},"tablet":{"background-color":"","background-image":"","background-repeat":"repeat","background-position":"center center","background-size":"auto","background-attachment":"scroll","background-type":"","background-media":"","overlay-type":"","overlay-color":"","overlay-gradient":""},"mobile":{"background-color":"","background-image":"","background-repeat":"repeat","background-position":"center center","background-size":"auto","background-attachment":"scroll","background-type":"","background-media":"","overlay-type":"","overlay-color":"","overlay-gradient":""}},"ast-content-background-meta":{"desktop":{"background-color":"var(--ast-global-color-5)","background-image":"","background-repeat":"repeat","background-position":"center center","background-size":"auto","background-attachment":"scroll","background-type":"","background-media":"","overlay-type":"","overlay-color":"","overlay-gradient":""},"tablet":{"background-color":"var(--ast-global-color-5)","background-image":"","background-repeat":"repeat","background-position":"center center","background-size":"auto","background-attachment":"scroll","background-type":"","background-media":"","overlay-type":"","overlay-color":"","overlay-gradient":""},"mobile":{"background-color":"var(--ast-global-color-5)","background-image":"","background-repeat":"repeat","background-position":"center center","background-size":"auto","background-attachment":"scroll","background-type":"","background-media":"","overlay-type":"","overlay-color":"","overlay-gradient":""}},"footnotes":""},"categories":[2623,1140,18975,1184,1141,1288],"tags":[40733,58902,58901,35502,20525,41417],"class_list":["post-19123","post","type-post","status-publish","format-standard","hentry","category-educacion-basica","category-formacion-y-empleo-de-profesores","category-huelva","category-organizacion-y-planificacion-de-la-educacion","category-pedagogia","category-preparacion-de-profesores","tag-jose-carrillo-yanez","tag-lurdes-marques-serrazina","tag-nuria-climent-rodriguez","tag-pablo-flores-Martinez","tag-pilar-azcarate-goded","tag-salvador-llinares-ciscar"],"_links":{"self":[{"href":"https:\/\/www.deberes.net\/tesis\/wp-json\/wp\/v2\/posts\/19123","targetHints":{"allow":["GET"]}}],"collection":[{"href":"https:\/\/www.deberes.net\/tesis\/wp-json\/wp\/v2\/posts"}],"about":[{"href":"https:\/\/www.deberes.net\/tesis\/wp-json\/wp\/v2\/types\/post"}],"author":[{"embeddable":true,"href":"https:\/\/www.deberes.net\/tesis\/wp-json\/wp\/v2\/users\/1"}],"replies":[{"embeddable":true,"href":"https:\/\/www.deberes.net\/tesis\/wp-json\/wp\/v2\/comments?post=19123"}],"version-history":[{"count":0,"href":"https:\/\/www.deberes.net\/tesis\/wp-json\/wp\/v2\/posts\/19123\/revisions"}],"wp:attachment":[{"href":"https:\/\/www.deberes.net\/tesis\/wp-json\/wp\/v2\/media?parent=19123"}],"wp:term":[{"taxonomy":"category","embeddable":true,"href":"https:\/\/www.deberes.net\/tesis\/wp-json\/wp\/v2\/categories?post=19123"},{"taxonomy":"post_tag","embeddable":true,"href":"https:\/\/www.deberes.net\/tesis\/wp-json\/wp\/v2\/tags?post=19123"}],"curies":[{"name":"wp","href":"https:\/\/api.w.org\/{rel}","templated":true}]}}