{"id":19153,"date":"2018-03-09T09:08:02","date_gmt":"2018-03-09T09:08:02","guid":{"rendered":"https:\/\/www.deberes.net\/tesis\/sin-categoria\/los-cautivos-rescatados-por-la-monarquia-hispanica-en-el-norte-de-africa-1523-1692\/"},"modified":"2018-03-09T09:08:02","modified_gmt":"2018-03-09T09:08:02","slug":"los-cautivos-rescatados-por-la-monarquia-hispanica-en-el-norte-de-africa-1523-1692","status":"publish","type":"post","link":"https:\/\/www.deberes.net\/tesis\/historia\/los-cautivos-rescatados-por-la-monarquia-hispanica-en-el-norte-de-africa-1523-1692\/","title":{"rendered":"Los cautivos rescatados por la monarquia hisp\u00e1nica en el norte de africa (1523-1692)"},"content":{"rendered":"<h2>Tesis doctoral de <strong>  Mart\u00ednez Torres Jos\u00e9 Antonio <\/strong><\/h2>\n<p>A lo largo de nuestra investigaci\u00f3n se sostiene la siguiente tesis: existe una correlaci\u00f3n entre el auge del corso turco-berberisco y el apoyo brindado por los monarcas espa\u00f1oles a las redenciones religiosas efectuadas en el norte de \u00e1frica durante los siglos xvi y xvii. Ambos fen\u00f3menos son resultado de la desaparici\u00f3n del frente mediterr\u00e1neo en las d\u00e9cadas setenta y ochenta del siglo xvi, si bien el coste social que pagaron los implicados en dicho proceso fue muy diferente.  no se suprimieron los rescates civiles y militares, pero desde finales del siglo xvi su n\u00famero se vio reducido hasta casi la extinci\u00f3n definitiva enla centuria siguiente. Por tanto, podemos hablar de una colaboraci\u00f3n entre los soberanos hispanos y los redentores de la merced y la trinidad. los primeros les dieron un inestimable sost\u00e9n econ\u00f3mico institucional, y los segundos recuperaron para sus territorios 6.369 cautivos en 43 redenciones efectuadas entre 1575 y 1592.  en definitiva, si la historiograf\u00eda del corso turco-berberisco alude a una edad de oro de las capturas europeas que ir\u00eda de 1580 a 1640, tambi\u00e9n se puede hablar de otra \u00e9poca dorada de los rescates de cautivos, si bien \u00e9sta se produce a partir del receso de dicha actividad predatoria. Valga como bot\u00f3n de muestra el hecho de que entre 1633 y 1692 se libertaron 4.907 cautivos, el 70,15% del total de la serie de estudio.<\/p>\n<p>&nbsp;<\/p>\n<h3>Datos acad\u00e9micos de la tesis doctoral \u00ab<strong>Los cautivos rescatados por la monarquia hisp\u00e1nica en el norte de africa (1523-1692)<\/strong>\u00ab<\/h3>\n<ul>\n<li><strong>T\u00edtulo de la tesis:<\/strong>\u00a0 Los cautivos rescatados por la monarquia hisp\u00e1nica en el norte de africa (1523-1692) <\/li>\n<li><strong>Autor:<\/strong>\u00a0  Mart\u00ednez Torres Jos\u00e9 Antonio <\/li>\n<li><strong>Universidad:<\/strong>\u00a0 Aut\u00f3noma de Madrid<\/li>\n<li><strong>Fecha de lectura de la tesis:<\/strong>\u00a0 25\/09\/2002<\/li>\n<\/ul>\n<p>&nbsp;<\/p>\n<h3>Direcci\u00f3n y tribunal<\/h3>\n<ul>\n<li><strong>Director de la tesis<\/strong>\n<ul>\n<li>Pedro Garc\u00eda Mart\u00edn<\/li>\n<\/ul>\n<\/li>\n<li><strong>Tribunal<\/strong>\n<ul>\n<li>Presidente del tribunal: pablo Fernandez albaladejo <\/li>\n<li>isidro P\u00e9rez garz\u00f3n (vocal)<\/li>\n<li>Carlos Mart\u00ednez slow (vocal)<\/li>\n<li>bernard Vivent (vocal)<\/li>\n<\/ul>\n<\/li>\n<\/ul>\n<p>&nbsp;<\/p>\n","protected":false},"excerpt":{"rendered":"<p>Tesis doctoral de Mart\u00ednez Torres Jos\u00e9 Antonio A lo largo de nuestra investigaci\u00f3n se sostiene la siguiente tesis: existe una [&hellip;]<\/p>\n","protected":false},"author":1,"featured_media":0,"comment_status":"open","ping_status":"open","sticky":false,"template":"","format":"standard","meta":{"site-sidebar-layout":"default","site-content-layout":"","ast-site-content-layout":"","site-content-style":"default","site-sidebar-style":"default","ast-global-header-display":"","ast-banner-title-visibility":"","ast-main-header-display":"","ast-hfb-above-header-display":"","ast-hfb-below-header-display":"","ast-hfb-mobile-header-display":"","site-post-title":"","ast-breadcrumbs-content":"","ast-featured-img":"","footer-sml-layout":"","theme-transparent-header-meta":"","adv-header-id-meta":"","stick-header-meta":"","header-above-stick-meta":"","header-main-stick-meta":"","header-below-stick-meta":"","astra-migrate-meta-layouts":"default","ast-page-background-enabled":"default","ast-page-background-meta":{"desktop":{"background-color":"var(--ast-global-color-4)","background-image":"","background-repeat":"repeat","background-position":"center center","background-size":"auto","background-attachment":"scroll","background-type":"","background-media":"","overlay-type":"","overlay-color":"","overlay-gradient":""},"tablet":{"background-color":"","background-image":"","background-repeat":"repeat","background-position":"center center","background-size":"auto","background-attachment":"scroll","background-type":"","background-media":"","overlay-type":"","overlay-color":"","overlay-gradient":""},"mobile":{"background-color":"","background-image":"","background-repeat":"repeat","background-position":"center center","background-size":"auto","background-attachment":"scroll","background-type":"","background-media":"","overlay-type":"","overlay-color":"","overlay-gradient":""}},"ast-content-background-meta":{"desktop":{"background-color":"var(--ast-global-color-5)","background-image":"","background-repeat":"repeat","background-position":"center center","background-size":"auto","background-attachment":"scroll","background-type":"","background-media":"","overlay-type":"","overlay-color":"","overlay-gradient":""},"tablet":{"background-color":"var(--ast-global-color-5)","background-image":"","background-repeat":"repeat","background-position":"center center","background-size":"auto","background-attachment":"scroll","background-type":"","background-media":"","overlay-type":"","overlay-color":"","overlay-gradient":""},"mobile":{"background-color":"var(--ast-global-color-5)","background-image":"","background-repeat":"repeat","background-position":"center center","background-size":"auto","background-attachment":"scroll","background-type":"","background-media":"","overlay-type":"","overlay-color":"","overlay-gradient":""}},"footnotes":""},"categories":[104,989,220],"tags":[58989,58988,58987,17415,2907,33482],"class_list":["post-19153","post","type-post","status-publish","format-standard","hentry","category-historia","category-historia-moderna","category-historia-por-epocas","tag-bernard-vivent","tag-carlos-Martinez-slow","tag-isidro-perez-garzon","tag-Martinez-torres-jose-antonio","tag-pablo-fernandez-albaladejo","tag-pedro-garcia-martin"],"_links":{"self":[{"href":"https:\/\/www.deberes.net\/tesis\/wp-json\/wp\/v2\/posts\/19153","targetHints":{"allow":["GET"]}}],"collection":[{"href":"https:\/\/www.deberes.net\/tesis\/wp-json\/wp\/v2\/posts"}],"about":[{"href":"https:\/\/www.deberes.net\/tesis\/wp-json\/wp\/v2\/types\/post"}],"author":[{"embeddable":true,"href":"https:\/\/www.deberes.net\/tesis\/wp-json\/wp\/v2\/users\/1"}],"replies":[{"embeddable":true,"href":"https:\/\/www.deberes.net\/tesis\/wp-json\/wp\/v2\/comments?post=19153"}],"version-history":[{"count":0,"href":"https:\/\/www.deberes.net\/tesis\/wp-json\/wp\/v2\/posts\/19153\/revisions"}],"wp:attachment":[{"href":"https:\/\/www.deberes.net\/tesis\/wp-json\/wp\/v2\/media?parent=19153"}],"wp:term":[{"taxonomy":"category","embeddable":true,"href":"https:\/\/www.deberes.net\/tesis\/wp-json\/wp\/v2\/categories?post=19153"},{"taxonomy":"post_tag","embeddable":true,"href":"https:\/\/www.deberes.net\/tesis\/wp-json\/wp\/v2\/tags?post=19153"}],"curies":[{"name":"wp","href":"https:\/\/api.w.org\/{rel}","templated":true}]}}