{"id":19203,"date":"2018-03-09T09:08:07","date_gmt":"2018-03-09T09:08:07","guid":{"rendered":"https:\/\/www.deberes.net\/tesis\/sin-categoria\/el-espacio-en-la-literatura-austriaca-moderna\/"},"modified":"2018-03-09T09:08:07","modified_gmt":"2018-03-09T09:08:07","slug":"el-espacio-en-la-literatura-austriaca-moderna","status":"publish","type":"post","link":"https:\/\/www.deberes.net\/tesis\/ciencias-de-las-artes-y-las-letras\/el-espacio-en-la-literatura-austriaca-moderna\/","title":{"rendered":"El espacio en la literatura austriaca moderna"},"content":{"rendered":"<h2>Tesis doctoral de <strong>  Bravo De La Varga Roberto <\/strong><\/h2>\n<p>El hilo conductor que gu\u00eda la investigaci\u00f3n es la din\u00e1mica del espacio como impulso creativo en la ra\u00edz de la literatura austriaca moderna. El di\u00e1logo de rilke con el espacio metaf\u00edsico, el espacio suplantado por los s\u00edmbolos de hofmannsthal, el espacio ficticio de schnitzler, el sofocante espacio convencional de peter altenberg, el espacio enloquecido de karld kraus, el espacio angustioso de kafka, el espacio vac\u00edo de trakl, el espacio perdido de roth, el espacio de ayer de zweig, el espacio posible de musil, el espacio para el intelecto y la acci\u00f3n de broch, la brecha que canetti abre entre hombre y espacio, el espacio ut\u00f3pico de werfel, la prohibici\u00f3n de habitar el espacio de ilse aichinger, la fe de doderer y g\u00ed\u00bctersloh en un espacio tomista, el espacio asem\u00e1ntico de jandl, el espacio de celan, iluminado con una luz ofensiva, el espacio para el encuentro de bachmann, el espacio regional, querido y odiado por tantos autores de la segunda rep\u00fablica hasta llegar a bernhard, los espacios (la palabra admite el plural), intermedios de handke; en las obras de todos ellos se vislumbra el momento fundador de la existencia; aqu\u00e9l en el que se establecen las condiciones necesarias para que la persona habite y humanice la extensi\u00f3n.  tras este muestreo de las actitudes que adoptan los escritores austriacos desde 1890 hasta el presente ante el espacio, decid\u00ed contemplar cuatro direcciones bien diferenciadas:  1,- la transcendencia.  2,- la interioridad.  3,- la exterioridad.  4,- la sensorialidad.  y escog\u00ed un escritor y una obra como \u00edndice de cada una de ellas. La cr\u00edtica al utopismo y a las categor\u00edas metaf\u00edsicas y transcendentes com\u00fan en la literatura del pasado cambio de siglo se hace presente en kubin, die andere seiter, las duras condiciones sociales de los a\u00f1os treinta, el facismo, la p\u00e9rdida de identidad y la aniquilaci\u00f3n moral o f\u00edsica de millones de seres humanos se reflejan en perutz, der schwedische re<\/p>\n<p>&nbsp;<\/p>\n<h3>Datos acad\u00e9micos de la tesis doctoral \u00ab<strong>El espacio en la literatura austriaca moderna<\/strong>\u00ab<\/h3>\n<ul>\n<li><strong>T\u00edtulo de la tesis:<\/strong>\u00a0 El espacio en la literatura austriaca moderna <\/li>\n<li><strong>Autor:<\/strong>\u00a0  Bravo De La Varga Roberto <\/li>\n<li><strong>Universidad:<\/strong>\u00a0 Complutense de Madrid<\/li>\n<li><strong>Fecha de lectura de la tesis:<\/strong>\u00a0 27\/09\/2002<\/li>\n<\/ul>\n<p>&nbsp;<\/p>\n<h3>Direcci\u00f3n y tribunal<\/h3>\n<ul>\n<li><strong>Director de la tesis<\/strong>\n<ul>\n<li>Jaime Cerrolaza Asenjo<\/li>\n<\/ul>\n<\/li>\n<li><strong>Tribunal<\/strong>\n<ul>\n<li>Presidente del tribunal: Antonio  pedro Garcia berrio  hernandez <\/li>\n<li>feliciano P\u00e9rez varas (vocal)<\/li>\n<li>Luis angel Acosta gomez (vocal)<\/li>\n<li>georg Pichler (vocal)<\/li>\n<\/ul>\n<\/li>\n<\/ul>\n<p>&nbsp;<\/p>\n","protected":false},"excerpt":{"rendered":"<p>Tesis doctoral de Bravo De La Varga Roberto El hilo conductor que gu\u00eda la investigaci\u00f3n es la din\u00e1mica del espacio [&hellip;]<\/p>\n","protected":false},"author":1,"featured_media":0,"comment_status":"open","ping_status":"open","sticky":false,"template":"","format":"standard","meta":{"site-sidebar-layout":"default","site-content-layout":"","ast-site-content-layout":"","site-content-style":"default","site-sidebar-style":"default","ast-global-header-display":"","ast-banner-title-visibility":"","ast-main-header-display":"","ast-hfb-above-header-display":"","ast-hfb-below-header-display":"","ast-hfb-mobile-header-display":"","site-post-title":"","ast-breadcrumbs-content":"","ast-featured-img":"","footer-sml-layout":"","theme-transparent-header-meta":"","adv-header-id-meta":"","stick-header-meta":"","header-above-stick-meta":"","header-main-stick-meta":"","header-below-stick-meta":"","astra-migrate-meta-layouts":"default","ast-page-background-enabled":"default","ast-page-background-meta":{"desktop":{"background-color":"var(--ast-global-color-4)","background-image":"","background-repeat":"repeat","background-position":"center center","background-size":"auto","background-attachment":"scroll","background-type":"","background-media":"","overlay-type":"","overlay-color":"","overlay-gradient":""},"tablet":{"background-color":"","background-image":"","background-repeat":"repeat","background-position":"center center","background-size":"auto","background-attachment":"scroll","background-type":"","background-media":"","overlay-type":"","overlay-color":"","overlay-gradient":""},"mobile":{"background-color":"","background-image":"","background-repeat":"repeat","background-position":"center center","background-size":"auto","background-attachment":"scroll","background-type":"","background-media":"","overlay-type":"","overlay-color":"","overlay-gradient":""}},"ast-content-background-meta":{"desktop":{"background-color":"var(--ast-global-color-5)","background-image":"","background-repeat":"repeat","background-position":"center center","background-size":"auto","background-attachment":"scroll","background-type":"","background-media":"","overlay-type":"","overlay-color":"","overlay-gradient":""},"tablet":{"background-color":"var(--ast-global-color-5)","background-image":"","background-repeat":"repeat","background-position":"center center","background-size":"auto","background-attachment":"scroll","background-type":"","background-media":"","overlay-type":"","overlay-color":"","overlay-gradient":""},"mobile":{"background-color":"var(--ast-global-color-5)","background-image":"","background-repeat":"repeat","background-position":"center center","background-size":"auto","background-attachment":"scroll","background-type":"","background-media":"","overlay-type":"","overlay-color":"","overlay-gradient":""}},"footnotes":""},"categories":[148,147,628],"tags":[14762,59110,9497,59111,5551,6246],"class_list":["post-19203","post","type-post","status-publish","format-standard","hentry","category-analisis-literario","category-ciencias-de-las-artes-y-las-letras","category-teoria-analisis-y-critica-literarios","tag-antonio-pedro-garcia-berrio-hernandez","tag-bravo-de-la-varga-roberto","tag-feliciano-perez-varas","tag-georg-pichler","tag-jaime-cerrolaza-asenjo","tag-luis-angel-acosta-gomez"],"_links":{"self":[{"href":"https:\/\/www.deberes.net\/tesis\/wp-json\/wp\/v2\/posts\/19203","targetHints":{"allow":["GET"]}}],"collection":[{"href":"https:\/\/www.deberes.net\/tesis\/wp-json\/wp\/v2\/posts"}],"about":[{"href":"https:\/\/www.deberes.net\/tesis\/wp-json\/wp\/v2\/types\/post"}],"author":[{"embeddable":true,"href":"https:\/\/www.deberes.net\/tesis\/wp-json\/wp\/v2\/users\/1"}],"replies":[{"embeddable":true,"href":"https:\/\/www.deberes.net\/tesis\/wp-json\/wp\/v2\/comments?post=19203"}],"version-history":[{"count":0,"href":"https:\/\/www.deberes.net\/tesis\/wp-json\/wp\/v2\/posts\/19203\/revisions"}],"wp:attachment":[{"href":"https:\/\/www.deberes.net\/tesis\/wp-json\/wp\/v2\/media?parent=19203"}],"wp:term":[{"taxonomy":"category","embeddable":true,"href":"https:\/\/www.deberes.net\/tesis\/wp-json\/wp\/v2\/categories?post=19203"},{"taxonomy":"post_tag","embeddable":true,"href":"https:\/\/www.deberes.net\/tesis\/wp-json\/wp\/v2\/tags?post=19203"}],"curies":[{"name":"wp","href":"https:\/\/api.w.org\/{rel}","templated":true}]}}