{"id":19210,"date":"2018-03-09T09:08:07","date_gmt":"2018-03-09T09:08:07","guid":{"rendered":"https:\/\/www.deberes.net\/tesis\/sin-categoria\/diseno-de-un-modelo-de-referencia-para-la-documentacion-del-mantenimiento-industrial-como-apoyo-al-desarrollo-de-la-norma-europea\/"},"modified":"2018-03-09T09:08:07","modified_gmt":"2018-03-09T09:08:07","slug":"diseno-de-un-modelo-de-referencia-para-la-documentacion-del-mantenimiento-industrial-como-apoyo-al-desarrollo-de-la-norma-europea","status":"publish","type":"post","link":"https:\/\/www.deberes.net\/tesis\/ciencias-economicas\/diseno-de-un-modelo-de-referencia-para-la-documentacion-del-mantenimiento-industrial-como-apoyo-al-desarrollo-de-la-norma-europea\/","title":{"rendered":"Dise\u00f1o de un modelo de referencia para la documentaci\u00f3n del mantenimiento industrial, como apoyo al desarrollo de la norma europea"},"content":{"rendered":"<h2>Tesis doctoral de <strong> Pedro Moreu De Le\u00f3n <\/strong><\/h2>\n<p>Esta tesis tiene un objeto fundamental, dos objetos complementarios y un estudio preliminar de l\u00edneas de desarrollo futuras. Se complementa con un informe sobre el sistema normativa mundial y otro sobre la estructura y objetivos del comit\u00e9 y otro sobre la estructura y objetivos del comit\u00e9 t\u00e9cnico europeo cen 319 \u00abmainterance\u00bb.  el objeto fundamental es la obtenci\u00f3n del modelo de referencia de documentaci\u00f3n para el mantenimiento, en este aspecto se aporta la metodolog\u00eda y el propio modelo y sistemas documentario resultante que han constituido la aportaci\u00f3n de la delegaci\u00f3n espa\u00f1ola a la norma correspondiente, a trav\u00e9s del autor de la tesis y su director.  contiene adem\u00e1s un estudio del estado del arte de la funci\u00f3n mantenimiento y de sus referencias normativos.<\/p>\n<p>&nbsp;<\/p>\n<h3>Datos acad\u00e9micos de la tesis doctoral \u00ab<strong>Dise\u00f1o de un modelo de referencia para la documentaci\u00f3n del mantenimiento industrial, como apoyo al desarrollo de la norma europea<\/strong>\u00ab<\/h3>\n<ul>\n<li><strong>T\u00edtulo de la tesis:<\/strong>\u00a0 Dise\u00f1o de un modelo de referencia para la documentaci\u00f3n del mantenimiento industrial, como apoyo al desarrollo de la norma europea <\/li>\n<li><strong>Autor:<\/strong>\u00a0 Pedro Moreu De Le\u00f3n <\/li>\n<li><strong>Universidad:<\/strong>\u00a0 Sevilla<\/li>\n<li><strong>Fecha de lectura de la tesis:<\/strong>\u00a0 27\/09\/2002<\/li>\n<\/ul>\n<p>&nbsp;<\/p>\n<h3>Direcci\u00f3n y tribunal<\/h3>\n<ul>\n<li><strong>Director de la tesis<\/strong>\n<ul>\n<li>Adolfo Crespo M\u00e1rquez<\/li>\n<\/ul>\n<\/li>\n<li><strong>Tribunal<\/strong>\n<ul>\n<li>Presidente del tribunal: Francisco Aparicio izquierdo <\/li>\n<li>Antonio Mart\u00edn navarro (vocal)<\/li>\n<li>Rafael Ruiz usano (vocal)<\/li>\n<li>\u00e1ngel Mena nieto (vocal)<\/li>\n<\/ul>\n<\/li>\n<\/ul>\n<p>&nbsp;<\/p>\n","protected":false},"excerpt":{"rendered":"<p>Tesis doctoral de Pedro Moreu De Le\u00f3n Esta tesis tiene un objeto fundamental, dos objetos complementarios y un estudio preliminar [&hellip;]<\/p>\n","protected":false},"author":1,"featured_media":0,"comment_status":"open","ping_status":"open","sticky":false,"template":"","format":"standard","meta":{"site-sidebar-layout":"default","site-content-layout":"","ast-site-content-layout":"","site-content-style":"default","site-sidebar-style":"default","ast-global-header-display":"","ast-banner-title-visibility":"","ast-main-header-display":"","ast-hfb-above-header-display":"","ast-hfb-below-header-display":"","ast-hfb-mobile-header-display":"","site-post-title":"","ast-breadcrumbs-content":"","ast-featured-img":"","footer-sml-layout":"","theme-transparent-header-meta":"","adv-header-id-meta":"","stick-header-meta":"","header-above-stick-meta":"","header-main-stick-meta":"","header-below-stick-meta":"","astra-migrate-meta-layouts":"default","ast-page-background-enabled":"default","ast-page-background-meta":{"desktop":{"background-color":"var(--ast-global-color-4)","background-image":"","background-repeat":"repeat","background-position":"center center","background-size":"auto","background-attachment":"scroll","background-type":"","background-media":"","overlay-type":"","overlay-color":"","overlay-gradient":""},"tablet":{"background-color":"","background-image":"","background-repeat":"repeat","background-position":"center center","background-size":"auto","background-attachment":"scroll","background-type":"","background-media":"","overlay-type":"","overlay-color":"","overlay-gradient":""},"mobile":{"background-color":"","background-image":"","background-repeat":"repeat","background-position":"center center","background-size":"auto","background-attachment":"scroll","background-type":"","background-media":"","overlay-type":"","overlay-color":"","overlay-gradient":""}},"ast-content-background-meta":{"desktop":{"background-color":"var(--ast-global-color-5)","background-image":"","background-repeat":"repeat","background-position":"center center","background-size":"auto","background-attachment":"scroll","background-type":"","background-media":"","overlay-type":"","overlay-color":"","overlay-gradient":""},"tablet":{"background-color":"var(--ast-global-color-5)","background-image":"","background-repeat":"repeat","background-position":"center center","background-size":"auto","background-attachment":"scroll","background-type":"","background-media":"","overlay-type":"","overlay-color":"","overlay-gradient":""},"mobile":{"background-color":"var(--ast-global-color-5)","background-image":"","background-repeat":"repeat","background-position":"center center","background-size":"auto","background-attachment":"scroll","background-type":"","background-media":"","overlay-type":"","overlay-color":"","overlay-gradient":""}},"footnotes":""},"categories":[82,2428,1302,10715],"tags":[38248,59125,29093,5109,59124,11307],"class_list":["post-19210","post","type-post","status-publish","format-standard","hentry","category-ciencias-economicas","category-investigacion-operativa-en-la-empresa","category-organizacion-y-gestion-de-empresas","category-sevilla","tag-adolfo-crespo-marquez","tag-angel-mena-nieto","tag-antonio-martin-navarro","tag-francisco-aparicio-izquierdo","tag-pedro-moreu-de-leon","tag-rafael-ruiz-usano"],"_links":{"self":[{"href":"https:\/\/www.deberes.net\/tesis\/wp-json\/wp\/v2\/posts\/19210","targetHints":{"allow":["GET"]}}],"collection":[{"href":"https:\/\/www.deberes.net\/tesis\/wp-json\/wp\/v2\/posts"}],"about":[{"href":"https:\/\/www.deberes.net\/tesis\/wp-json\/wp\/v2\/types\/post"}],"author":[{"embeddable":true,"href":"https:\/\/www.deberes.net\/tesis\/wp-json\/wp\/v2\/users\/1"}],"replies":[{"embeddable":true,"href":"https:\/\/www.deberes.net\/tesis\/wp-json\/wp\/v2\/comments?post=19210"}],"version-history":[{"count":0,"href":"https:\/\/www.deberes.net\/tesis\/wp-json\/wp\/v2\/posts\/19210\/revisions"}],"wp:attachment":[{"href":"https:\/\/www.deberes.net\/tesis\/wp-json\/wp\/v2\/media?parent=19210"}],"wp:term":[{"taxonomy":"category","embeddable":true,"href":"https:\/\/www.deberes.net\/tesis\/wp-json\/wp\/v2\/categories?post=19210"},{"taxonomy":"post_tag","embeddable":true,"href":"https:\/\/www.deberes.net\/tesis\/wp-json\/wp\/v2\/tags?post=19210"}],"curies":[{"name":"wp","href":"https:\/\/api.w.org\/{rel}","templated":true}]}}