{"id":19217,"date":"2018-03-09T09:08:07","date_gmt":"2018-03-09T09:08:07","guid":{"rendered":"https:\/\/www.deberes.net\/tesis\/sin-categoria\/eficacia-del-programa-integrado-de-entrenamiento-en-habilidades-interpersonales-en-jovenes-delicuentes\/"},"modified":"2018-03-09T09:08:07","modified_gmt":"2018-03-09T09:08:07","slug":"eficacia-del-programa-integrado-de-entrenamiento-en-habilidades-interpersonales-en-jovenes-delicuentes","status":"publish","type":"post","link":"https:\/\/www.deberes.net\/tesis\/psicologia\/eficacia-del-programa-integrado-de-entrenamiento-en-habilidades-interpersonales-en-jovenes-delicuentes\/","title":{"rendered":"Eficacia del programa integrado de entrenamiento en habilidades interpersonales en jovenes delicuentes"},"content":{"rendered":"<h2>Tesis doctoral de <strong>  Peris Godoy Eva M. <\/strong><\/h2>\n<p>La investigaci\u00f3n se centra en el estudio de la delicuencia masculina y m\u00e1s concretamente, de j\u00f3venes delincuente encarcelados. Su objetivo principal es poner a prueba la eficacia de un programa de entrenamiento espec\u00edfico a la hora de promover las habilidades interpersonales de la muestra. Dicho programa se estructura en base al programa integrado propuesto por pelechano (1996) que adopta la soluci\u00f3n de problemas como estrategia v\u00e1lida para lograr el desarrollo de las dimensiones congnitivas que subyacen a la soluci\u00f3n de conflictos interpersonales.  para llevar a cabo la investigaci\u00f3n se elabora un dise\u00f1o de medidas repetidas con un grupo control que no recibe entrenamiento y un grupo experimental que s\u00ed lo recibe. Asimismo, se realilza una \u00fanica medici\u00f3n de las variables de generalizaci\u00f3n (personalidad, motivaci\u00f3n e inteligencia) frente a dos mediciones (pretest y postest) de las variables dependientes (habilidades interpersonales). Finalmente, se analiza los datos obtenidos a partir de la bater\u00eda de habilidades interpersonales desde dos perspectivas distintas. as\u00ed, un primer an\u00e1lisis cuantitativo avala la eficacia del programa propuesto en su objetivo de fomentar las habilidades interpersonales de los j\u00f3venes delincuentes. Por su parte, un segundo an\u00e1lisis de tipo cualitativo, aporta evidencia a favor de un cambio en la calidad de las respuestas de los internos como resultado del entrenamiento realizado. Este cambio se refleja principalmente en el aumento de respuestas dadas asociadas a medios \u00e9ticamente permisibles. por tanto, de los resultados obtenidos se puede concluir que mediante un programa de entrenamiento espec\u00edfico, las dimensiones cognitivas consideradas no s\u00f3lo no se deterioran, sino que se desarrollan visiblemente apreci\u00e1ndose mejoras tanto a nivel cuantitativo como cualitativo. En consecuencia, este trabajo presenta el programa integrado propuesto por pelechano como un medio adecuado para lograr modif<\/p>\n<p>&nbsp;<\/p>\n<h3>Datos acad\u00e9micos de la tesis doctoral \u00ab<strong>Eficacia del programa integrado de entrenamiento en habilidades interpersonales en jovenes delicuentes<\/strong>\u00ab<\/h3>\n<ul>\n<li><strong>T\u00edtulo de la tesis:<\/strong>\u00a0 Eficacia del programa integrado de entrenamiento en habilidades interpersonales en jovenes delicuentes <\/li>\n<li><strong>Autor:<\/strong>\u00a0  Peris Godoy Eva M. <\/li>\n<li><strong>Universidad:<\/strong>\u00a0 Universitat de val\u00e9ncia (estudi general)<\/li>\n<li><strong>Fecha de lectura de la tesis:<\/strong>\u00a0 27\/09\/2002<\/li>\n<\/ul>\n<p>&nbsp;<\/p>\n<h3>Direcci\u00f3n y tribunal<\/h3>\n<ul>\n<li><strong>Director de la tesis<\/strong>\n<ul>\n<li>Mar\u00eda  Jos\u00e9 B\u00e1guena Puigcerver<\/li>\n<\/ul>\n<\/li>\n<li><strong>Tribunal<\/strong>\n<ul>\n<li>Presidente del tribunal: Mar\u00eda  \u00e1ngeles Luengo mart\u00edn <\/li>\n<li>amelia D\u00edaz mart\u00ednez (vocal)<\/li>\n<li>abilio Reig ferrer (vocal)<\/li>\n<li>h\u00e9ctor Monterde bort (vocal)<\/li>\n<\/ul>\n<\/li>\n<\/ul>\n<p>&nbsp;<\/p>\n","protected":false},"excerpt":{"rendered":"<p>Tesis doctoral de Peris Godoy Eva M. La investigaci\u00f3n se centra en el estudio de la delicuencia masculina y m\u00e1s [&hellip;]<\/p>\n","protected":false},"author":1,"featured_media":0,"comment_status":"open","ping_status":"open","sticky":false,"template":"","format":"standard","meta":{"site-sidebar-layout":"default","site-content-layout":"","ast-site-content-layout":"","site-content-style":"default","site-sidebar-style":"default","ast-global-header-display":"","ast-banner-title-visibility":"","ast-main-header-display":"","ast-hfb-above-header-display":"","ast-hfb-below-header-display":"","ast-hfb-mobile-header-display":"","site-post-title":"","ast-breadcrumbs-content":"","ast-featured-img":"","footer-sml-layout":"","theme-transparent-header-meta":"","adv-header-id-meta":"","stick-header-meta":"","header-above-stick-meta":"","header-main-stick-meta":"","header-below-stick-meta":"","astra-migrate-meta-layouts":"default","ast-page-background-enabled":"default","ast-page-background-meta":{"desktop":{"background-color":"var(--ast-global-color-4)","background-image":"","background-repeat":"repeat","background-position":"center center","background-size":"auto","background-attachment":"scroll","background-type":"","background-media":"","overlay-type":"","overlay-color":"","overlay-gradient":""},"tablet":{"background-color":"","background-image":"","background-repeat":"repeat","background-position":"center center","background-size":"auto","background-attachment":"scroll","background-type":"","background-media":"","overlay-type":"","overlay-color":"","overlay-gradient":""},"mobile":{"background-color":"","background-image":"","background-repeat":"repeat","background-position":"center center","background-size":"auto","background-attachment":"scroll","background-type":"","background-media":"","overlay-type":"","overlay-color":"","overlay-gradient":""}},"ast-content-background-meta":{"desktop":{"background-color":"var(--ast-global-color-5)","background-image":"","background-repeat":"repeat","background-position":"center center","background-size":"auto","background-attachment":"scroll","background-type":"","background-media":"","overlay-type":"","overlay-color":"","overlay-gradient":""},"tablet":{"background-color":"var(--ast-global-color-5)","background-image":"","background-repeat":"repeat","background-position":"center center","background-size":"auto","background-attachment":"scroll","background-type":"","background-media":"","overlay-type":"","overlay-color":"","overlay-gradient":""},"mobile":{"background-color":"var(--ast-global-color-5)","background-image":"","background-repeat":"repeat","background-position":"center center","background-size":"auto","background-attachment":"scroll","background-type":"","background-media":"","overlay-type":"","overlay-color":"","overlay-gradient":""}},"footnotes":""},"categories":[32400,10755,6894,324,961,996,21119],"tags":[8348,40998,59143,35114,45721,59142],"class_list":["post-19217","post","type-post","status-publish","format-standard","hentry","category-desarrollo-de-la-personalidad","category-desviaciones-del-comportamiento","category-personalidad","category-psicologia","category-psicologia-de-la-anormalidad","category-psicologia-social","category-resolucion-de-conflictos","tag-abilio-reig-ferrer","tag-amelia-diaz-Martinez","tag-hector-monterde-bort","tag-maria-angeles-luengo-martin","tag-maria-jose-baguena-puigcerver","tag-peris-godoy-eva-m"],"_links":{"self":[{"href":"https:\/\/www.deberes.net\/tesis\/wp-json\/wp\/v2\/posts\/19217","targetHints":{"allow":["GET"]}}],"collection":[{"href":"https:\/\/www.deberes.net\/tesis\/wp-json\/wp\/v2\/posts"}],"about":[{"href":"https:\/\/www.deberes.net\/tesis\/wp-json\/wp\/v2\/types\/post"}],"author":[{"embeddable":true,"href":"https:\/\/www.deberes.net\/tesis\/wp-json\/wp\/v2\/users\/1"}],"replies":[{"embeddable":true,"href":"https:\/\/www.deberes.net\/tesis\/wp-json\/wp\/v2\/comments?post=19217"}],"version-history":[{"count":0,"href":"https:\/\/www.deberes.net\/tesis\/wp-json\/wp\/v2\/posts\/19217\/revisions"}],"wp:attachment":[{"href":"https:\/\/www.deberes.net\/tesis\/wp-json\/wp\/v2\/media?parent=19217"}],"wp:term":[{"taxonomy":"category","embeddable":true,"href":"https:\/\/www.deberes.net\/tesis\/wp-json\/wp\/v2\/categories?post=19217"},{"taxonomy":"post_tag","embeddable":true,"href":"https:\/\/www.deberes.net\/tesis\/wp-json\/wp\/v2\/tags?post=19217"}],"curies":[{"name":"wp","href":"https:\/\/api.w.org\/{rel}","templated":true}]}}