{"id":19233,"date":"2018-03-09T09:08:09","date_gmt":"2018-03-09T09:08:09","guid":{"rendered":"https:\/\/www.deberes.net\/tesis\/sin-categoria\/las-comunidades-judias-en-galicia-siglos-xi-xv\/"},"modified":"2018-03-09T09:08:09","modified_gmt":"2018-03-09T09:08:09","slug":"las-comunidades-judias-en-galicia-siglos-xi-xv","status":"publish","type":"post","link":"https:\/\/www.deberes.net\/tesis\/historia\/las-comunidades-judias-en-galicia-siglos-xi-xv\/","title":{"rendered":"Las comunidades judias en galicia, siglos xi-xv"},"content":{"rendered":"<h2>Tesis doctoral de <strong>  Antonio Rubio Gloria De <\/strong><\/h2>\n<p>Este trabajo pretende ser un estudio integral sobre la poblaci\u00f3n jud\u00eda que habit\u00f3 en el territorio de la actual comunidad aut\u00f3noma de galicia, centrado fundamentalmente en el per\u00edodo bajomedieval.  la tesis se estructura en dos grandes apartados. En el primero de ellos se estudia la demograf\u00eda jud\u00eda en galicia y los personajes m\u00e1s sobresalientes de la comunidad hebrea, se sit\u00faan todas y cada una de las comunidades jud\u00edas en el contexto de la geograf\u00eda gallega y en el marco de cada villa o ciudad en la que se ubicaban, y se analizan las actividades socio-profesionales ejercidas de forma mayoritaria por los jud\u00edos que resid\u00edan en tierras gallegas. en el segundo de los apartados se abordan las relaciones mantenidas por las comunidades jud\u00edas con las distintas instituciones y grupos sociales de la \u00e9poca (corona, iglesias, nobleza, concejos), as\u00ed como con la poblaci\u00f3n cristiana en su conjunto, analiz\u00e1ndose la evoluci\u00f3n en el tiempo de dichas relaciones, que culminar\u00e1n en la promulgaci\u00f3n del edicto de expulsi\u00f3n general de 31 de marzo de 1492.<\/p>\n<p>&nbsp;<\/p>\n<h3>Datos acad\u00e9micos de la tesis doctoral \u00ab<strong>Las comunidades judias en galicia, siglos xi-xv<\/strong>\u00ab<\/h3>\n<ul>\n<li><strong>T\u00edtulo de la tesis:<\/strong>\u00a0 Las comunidades judias en galicia, siglos xi-xv <\/li>\n<li><strong>Autor:<\/strong>\u00a0  Antonio Rubio Gloria De <\/li>\n<li><strong>Universidad:<\/strong>\u00a0 Nacional de educaci\u00f3n a distancia<\/li>\n<li><strong>Fecha de lectura de la tesis:<\/strong>\u00a0 27\/09\/2002<\/li>\n<\/ul>\n<p>&nbsp;<\/p>\n<h3>Direcci\u00f3n y tribunal<\/h3>\n<ul>\n<li><strong>Director de la tesis<\/strong>\n<ul>\n<li>Enrique Cantera Montenegro<\/li>\n<\/ul>\n<\/li>\n<li><strong>Tribunal<\/strong>\n<ul>\n<li>Presidente del tribunal: blas Casado quintanilla <\/li>\n<li>isabel Torrente fern\u00e1ndez (vocal)<\/li>\n<li>eduardo Jos\u00e9 Pardo de guevara valdes (vocal)<\/li>\n<li>anselmo L\u00f3pez carreira (vocal)<\/li>\n<\/ul>\n<\/li>\n<\/ul>\n<p>&nbsp;<\/p>\n","protected":false},"excerpt":{"rendered":"<p>Tesis doctoral de Antonio Rubio Gloria De Este trabajo pretende ser un estudio integral sobre la poblaci\u00f3n jud\u00eda que habit\u00f3 [&hellip;]<\/p>\n","protected":false},"author":1,"featured_media":0,"comment_status":"open","ping_status":"open","sticky":false,"template":"","format":"standard","meta":{"site-sidebar-layout":"default","site-content-layout":"","ast-site-content-layout":"","site-content-style":"default","site-sidebar-style":"default","ast-global-header-display":"","ast-banner-title-visibility":"","ast-main-header-display":"","ast-hfb-above-header-display":"","ast-hfb-below-header-display":"","ast-hfb-mobile-header-display":"","site-post-title":"","ast-breadcrumbs-content":"","ast-featured-img":"","footer-sml-layout":"","theme-transparent-header-meta":"","adv-header-id-meta":"","stick-header-meta":"","header-above-stick-meta":"","header-main-stick-meta":"","header-below-stick-meta":"","astra-migrate-meta-layouts":"default","ast-page-background-enabled":"default","ast-page-background-meta":{"desktop":{"background-color":"var(--ast-global-color-4)","background-image":"","background-repeat":"repeat","background-position":"center center","background-size":"auto","background-attachment":"scroll","background-type":"","background-media":"","overlay-type":"","overlay-color":"","overlay-gradient":""},"tablet":{"background-color":"","background-image":"","background-repeat":"repeat","background-position":"center center","background-size":"auto","background-attachment":"scroll","background-type":"","background-media":"","overlay-type":"","overlay-color":"","overlay-gradient":""},"mobile":{"background-color":"","background-image":"","background-repeat":"repeat","background-position":"center center","background-size":"auto","background-attachment":"scroll","background-type":"","background-media":"","overlay-type":"","overlay-color":"","overlay-gradient":""}},"ast-content-background-meta":{"desktop":{"background-color":"var(--ast-global-color-5)","background-image":"","background-repeat":"repeat","background-position":"center center","background-size":"auto","background-attachment":"scroll","background-type":"","background-media":"","overlay-type":"","overlay-color":"","overlay-gradient":""},"tablet":{"background-color":"var(--ast-global-color-5)","background-image":"","background-repeat":"repeat","background-position":"center center","background-size":"auto","background-attachment":"scroll","background-type":"","background-media":"","overlay-type":"","overlay-color":"","overlay-gradient":""},"mobile":{"background-color":"var(--ast-global-color-5)","background-image":"","background-repeat":"repeat","background-position":"center center","background-size":"auto","background-attachment":"scroll","background-type":"","background-media":"","overlay-type":"","overlay-color":"","overlay-gradient":""}},"footnotes":""},"categories":[104,119,220,17070],"tags":[59184,59182,5919,21159,5300,59183],"class_list":["post-19233","post","type-post","status-publish","format-standard","hentry","category-historia","category-historia-medieval","category-historia-por-epocas","category-nacional-de-educacion-a-distancia","tag-anselmo-lopez-carreira","tag-antonio-rubio-gloria-de","tag-blas-casado-quintanilla","tag-eduardo-jose-pardo-de-guevara-valdes","tag-enrique-cantera-montenegro","tag-isabel-torrente-fernandez"],"_links":{"self":[{"href":"https:\/\/www.deberes.net\/tesis\/wp-json\/wp\/v2\/posts\/19233","targetHints":{"allow":["GET"]}}],"collection":[{"href":"https:\/\/www.deberes.net\/tesis\/wp-json\/wp\/v2\/posts"}],"about":[{"href":"https:\/\/www.deberes.net\/tesis\/wp-json\/wp\/v2\/types\/post"}],"author":[{"embeddable":true,"href":"https:\/\/www.deberes.net\/tesis\/wp-json\/wp\/v2\/users\/1"}],"replies":[{"embeddable":true,"href":"https:\/\/www.deberes.net\/tesis\/wp-json\/wp\/v2\/comments?post=19233"}],"version-history":[{"count":0,"href":"https:\/\/www.deberes.net\/tesis\/wp-json\/wp\/v2\/posts\/19233\/revisions"}],"wp:attachment":[{"href":"https:\/\/www.deberes.net\/tesis\/wp-json\/wp\/v2\/media?parent=19233"}],"wp:term":[{"taxonomy":"category","embeddable":true,"href":"https:\/\/www.deberes.net\/tesis\/wp-json\/wp\/v2\/categories?post=19233"},{"taxonomy":"post_tag","embeddable":true,"href":"https:\/\/www.deberes.net\/tesis\/wp-json\/wp\/v2\/tags?post=19233"}],"curies":[{"name":"wp","href":"https:\/\/api.w.org\/{rel}","templated":true}]}}