{"id":19246,"date":"2018-03-09T09:08:10","date_gmt":"2018-03-09T09:08:10","guid":{"rendered":"https:\/\/www.deberes.net\/tesis\/sin-categoria\/las-leyendas-carlingias-en-castilla-durante-la-edad-media-edicion-de-la-cronica-fragmentaria\/"},"modified":"2018-03-09T09:08:10","modified_gmt":"2018-03-09T09:08:10","slug":"las-leyendas-carlingias-en-castilla-durante-la-edad-media-edicion-de-la-cronica-fragmentaria","status":"publish","type":"post","link":"https:\/\/www.deberes.net\/tesis\/historia\/las-leyendas-carlingias-en-castilla-durante-la-edad-media-edicion-de-la-cronica-fragmentaria\/","title":{"rendered":"Las leyendas carlingias en castilla durante la edad media. edici\u00f3n de la cr\u00f3nica fragmentaria"},"content":{"rendered":"<h2>Tesis doctoral de <strong> Francisco Bautista P\u00e9rez <\/strong><\/h2>\n<p>La presente tesis doctoral versa acerca de las leyendas que sobre la figura de carlomagno circularon en castilla a lo largo de la edad media.  el primer cap\u00edtulo discute la presencia del cantar \u00e9pico de mainete en la estoria de espa\u00f1a de alfonso el sabio y revisa las menciones o alusiones al mismo que podemos documentar con anterioridad, tanto de car\u00e1cter escrito como iconogr\u00e1fico.  el segundo cap\u00edtulo analiza un grupo de obras donde encontramos recogido un ciclo posterior de leyendas carolingias (flores y blancaflor, berta de los grandes pies, mainete, morante y galiana y sansue\u00f1a) que, procedentes de un ciclo franc\u00e9s, se incorporan en todas ellas, con una mayor o menor extensi\u00f3n. Se estudian los v\u00ednculos entre tales obras (en especial, entre las m\u00e1s relevantes, la gran conquista de ultramar, una historia de las cruzadas, y la cr\u00f3nica fragmentaria, una suerte de historia legendaria de carlomagno inseta en un fragmento de la estoria de espa\u00f1a) y se investigan sus modelos textuales y su proceso de composici\u00f3n.  el tercer cap\u00edtulo examina la tradici\u00f3n europea del ciclo mencionado, con el objetivo de fijar su situaci\u00f3n dentro de ela y el sentido de sus innovaciones que muestran un sesgo  literario muy distinguido. Finalmente, en el cuarto cap\u00edtulo se discute el contexto en el que se difundieron estas leyendas y se integraron en las diversas obras, y se exploran los significados sociales y pol\u00edticos que pudieron alcanzar en dicho \u00e1mbito.  en el segundo volumen, se ofrece una edici\u00f3n cr\u00edtica de la cr\u00f3nica fragmentaria, una de las cr\u00f3nicas post-alfons\u00edes m\u00e1s singulares, como hemos apuntado, acompa\u00f1ada de un breve pr\u00f3logo en donde se expone el m\u00e9todo seguido y se aclaran las decisiones editoriales m\u00e1s significativas. En conjunto, la tesis suponte una reevaluaci\u00f3n de un conjunto importante de textos y leyendas que se propone solventar sus problemas filol\u00f3gicos, su situaci\u00f3n en la historia de la literatura, su l<\/p>\n<p>&nbsp;<\/p>\n<h3>Datos acad\u00e9micos de la tesis doctoral \u00ab<strong>Las leyendas carlingias en castilla durante la edad media. edici\u00f3n de la cr\u00f3nica fragmentaria<\/strong>\u00ab<\/h3>\n<ul>\n<li><strong>T\u00edtulo de la tesis:<\/strong>\u00a0 Las leyendas carlingias en castilla durante la edad media. edici\u00f3n de la cr\u00f3nica fragmentaria <\/li>\n<li><strong>Autor:<\/strong>\u00a0 Francisco Bautista P\u00e9rez <\/li>\n<li><strong>Universidad:<\/strong>\u00a0 Salamanca<\/li>\n<li><strong>Fecha de lectura de la tesis:<\/strong>\u00a0 28\/09\/2002<\/li>\n<\/ul>\n<p>&nbsp;<\/p>\n<h3>Direcci\u00f3n y tribunal<\/h3>\n<ul>\n<li><strong>Director de la tesis<\/strong>\n<ul>\n<li> C\u00e1tefra Garc\u00eda Pedro M.<\/li>\n<\/ul>\n<\/li>\n<li><strong>Tribunal<\/strong>\n<ul>\n<li>Presidente del tribunal:  Garc\u00eda de la concha v\u00edctor <\/li>\n<li>Alberto Montaner frutos (vocal)<\/li>\n<li>angel Gomez moreno (vocal)<\/li>\n<li>ines Fernandez ordo\u00f1ez hernandez (vocal)<\/li>\n<\/ul>\n<\/li>\n<\/ul>\n<p>&nbsp;<\/p>\n","protected":false},"excerpt":{"rendered":"<p>Tesis doctoral de Francisco Bautista P\u00e9rez La presente tesis doctoral versa acerca de las leyendas que sobre la figura de [&hellip;]<\/p>\n","protected":false},"author":1,"featured_media":0,"comment_status":"open","ping_status":"open","sticky":false,"template":"","format":"standard","meta":{"site-sidebar-layout":"default","site-content-layout":"","ast-site-content-layout":"","site-content-style":"default","site-sidebar-style":"default","ast-global-header-display":"","ast-banner-title-visibility":"","ast-main-header-display":"","ast-hfb-above-header-display":"","ast-hfb-below-header-display":"","ast-hfb-mobile-header-display":"","site-post-title":"","ast-breadcrumbs-content":"","ast-featured-img":"","footer-sml-layout":"","theme-transparent-header-meta":"","adv-header-id-meta":"","stick-header-meta":"","header-above-stick-meta":"","header-main-stick-meta":"","header-below-stick-meta":"","astra-migrate-meta-layouts":"default","ast-page-background-enabled":"default","ast-page-background-meta":{"desktop":{"background-color":"var(--ast-global-color-4)","background-image":"","background-repeat":"repeat","background-position":"center center","background-size":"auto","background-attachment":"scroll","background-type":"","background-media":"","overlay-type":"","overlay-color":"","overlay-gradient":""},"tablet":{"background-color":"","background-image":"","background-repeat":"repeat","background-position":"center center","background-size":"auto","background-attachment":"scroll","background-type":"","background-media":"","overlay-type":"","overlay-color":"","overlay-gradient":""},"mobile":{"background-color":"","background-image":"","background-repeat":"repeat","background-position":"center center","background-size":"auto","background-attachment":"scroll","background-type":"","background-media":"","overlay-type":"","overlay-color":"","overlay-gradient":""}},"ast-content-background-meta":{"desktop":{"background-color":"var(--ast-global-color-5)","background-image":"","background-repeat":"repeat","background-position":"center center","background-size":"auto","background-attachment":"scroll","background-type":"","background-media":"","overlay-type":"","overlay-color":"","overlay-gradient":""},"tablet":{"background-color":"var(--ast-global-color-5)","background-image":"","background-repeat":"repeat","background-position":"center center","background-size":"auto","background-attachment":"scroll","background-type":"","background-media":"","overlay-type":"","overlay-color":"","overlay-gradient":""},"mobile":{"background-color":"var(--ast-global-color-5)","background-image":"","background-repeat":"repeat","background-position":"center center","background-size":"auto","background-attachment":"scroll","background-type":"","background-media":"","overlay-type":"","overlay-color":"","overlay-gradient":""}},"footnotes":""},"categories":[147,149,104,713,1867,222,9386,628],"tags":[23922,6018,59213,59212,3334,59214],"class_list":["post-19246","post","type-post","status-publish","format-standard","hentry","category-ciencias-de-las-artes-y-las-letras","category-critica-de-textos","category-historia","category-historia-de-la-literatura","category-historia-de-la-literatura-espanola","category-historias-especializadas","category-salamanca","category-teoria-analisis-y-critica-literarios","tag-alberto-montaner-frutos","tag-angel-gomez-moreno","tag-catefra-garcia-pedro-m","tag-francisco-bautista-perez","tag-garcia-de-la-concha-victor","tag-ines-fernandez-ordonez-hernandez"],"_links":{"self":[{"href":"https:\/\/www.deberes.net\/tesis\/wp-json\/wp\/v2\/posts\/19246","targetHints":{"allow":["GET"]}}],"collection":[{"href":"https:\/\/www.deberes.net\/tesis\/wp-json\/wp\/v2\/posts"}],"about":[{"href":"https:\/\/www.deberes.net\/tesis\/wp-json\/wp\/v2\/types\/post"}],"author":[{"embeddable":true,"href":"https:\/\/www.deberes.net\/tesis\/wp-json\/wp\/v2\/users\/1"}],"replies":[{"embeddable":true,"href":"https:\/\/www.deberes.net\/tesis\/wp-json\/wp\/v2\/comments?post=19246"}],"version-history":[{"count":0,"href":"https:\/\/www.deberes.net\/tesis\/wp-json\/wp\/v2\/posts\/19246\/revisions"}],"wp:attachment":[{"href":"https:\/\/www.deberes.net\/tesis\/wp-json\/wp\/v2\/media?parent=19246"}],"wp:term":[{"taxonomy":"category","embeddable":true,"href":"https:\/\/www.deberes.net\/tesis\/wp-json\/wp\/v2\/categories?post=19246"},{"taxonomy":"post_tag","embeddable":true,"href":"https:\/\/www.deberes.net\/tesis\/wp-json\/wp\/v2\/tags?post=19246"}],"curies":[{"name":"wp","href":"https:\/\/api.w.org\/{rel}","templated":true}]}}