{"id":19252,"date":"2018-03-09T09:08:10","date_gmt":"2018-03-09T09:08:10","guid":{"rendered":"https:\/\/www.deberes.net\/tesis\/sin-categoria\/la-descentralizacion-del-impuesto-sobre-la-renta-distintos-efectos-economicos\/"},"modified":"2018-03-09T09:08:10","modified_gmt":"2018-03-09T09:08:10","slug":"la-descentralizacion-del-impuesto-sobre-la-renta-distintos-efectos-economicos","status":"publish","type":"post","link":"https:\/\/www.deberes.net\/tesis\/ciencias-economicas\/la-descentralizacion-del-impuesto-sobre-la-renta-distintos-efectos-economicos\/","title":{"rendered":"La descentralizaci\u00f3n del impuesto sobre la renta: distintos efectos econ\u00f3micos"},"content":{"rendered":"<h2>Tesis doctoral de <strong> Ana Ag\u00fandez Garc\u00eda <\/strong><\/h2>\n<p>El objetivo de la tesis es analizar los efectos de la descentralizaci\u00f3n del impuesto sobre la renta sobre distintas cuestiones econ\u00f3micas, fundamentalmente desde un punto de vista te\u00f3rico:  &#8211; el cap\u00edtulo i se destina a analizar los efectos de modelos alternativos de descentralizaci\u00f3n fiscal sobre dos tipos de resultados: los niveles de provisi\u00f3n de bienes p\u00fablicos y los f\u00f3rmulas de imposici\u00f3n \u00f3ptima sobre la renta.  &#8211; el cap\u00edtulo ii examina, desde un punto de vista te\u00f3rico y emp\u00edrico, si la descentralizaci\u00f3n f\u00edscal de ingresos podr\u00eda influir sobre el crecimiento econ\u00f3mico regional, y cu\u00e1l es la composici\u00f3n \u00f3ptima de ingresos que maximiza el crecimiento econ\u00f3mico.  &#8211; el cap\u00edtulo iii estudia las implicaciones econ\u00f3micas de compartir la funci\u00f3n de medio tribucci\u00f3n en un pa\u00eds descentralizado, frente a los sistemas alternativos de asignaci\u00f3n de esta funci\u00f3n a un \u00fanico nivel de gobierno (central o subcentrales)<\/p>\n<p>&nbsp;<\/p>\n<h3>Datos acad\u00e9micos de la tesis doctoral \u00ab<strong>La descentralizaci\u00f3n del impuesto sobre la renta: distintos efectos econ\u00f3micos<\/strong>\u00ab<\/h3>\n<ul>\n<li><strong>T\u00edtulo de la tesis:<\/strong>\u00a0 La descentralizaci\u00f3n del impuesto sobre la renta: distintos efectos econ\u00f3micos <\/li>\n<li><strong>Autor:<\/strong>\u00a0 Ana Ag\u00fandez Garc\u00eda <\/li>\n<li><strong>Universidad:<\/strong>\u00a0 Extremadura<\/li>\n<li><strong>Fecha de lectura de la tesis:<\/strong>\u00a0 30\/09\/2002<\/li>\n<\/ul>\n<p>&nbsp;<\/p>\n<h3>Direcci\u00f3n y tribunal<\/h3>\n<ul>\n<li><strong>Director de la tesis<\/strong>\n<ul>\n<li>Francisco Pedraja Chaparro<\/li>\n<\/ul>\n<\/li>\n<li><strong>Tribunal<\/strong>\n<ul>\n<li>Presidente del tribunal: Jos\u00e9 manuel Gonzalez paramo Martinez murillo <\/li>\n<li>julio L\u00f3pez laborda (vocal)<\/li>\n<li>Carlos Monasterio escudero (vocal)<\/li>\n<li>Jorge Onrubia fern\u00e1ndez (vocal)<\/li>\n<\/ul>\n<\/li>\n<\/ul>\n<p>&nbsp;<\/p>\n","protected":false},"excerpt":{"rendered":"<p>Tesis doctoral de Ana Ag\u00fandez Garc\u00eda El objetivo de la tesis es analizar los efectos de la descentralizaci\u00f3n del impuesto [&hellip;]<\/p>\n","protected":false},"author":1,"featured_media":0,"comment_status":"open","ping_status":"open","sticky":false,"template":"","format":"standard","meta":{"site-sidebar-layout":"default","site-content-layout":"","ast-site-content-layout":"","site-content-style":"default","site-sidebar-style":"default","ast-global-header-display":"","ast-banner-title-visibility":"","ast-main-header-display":"","ast-hfb-above-header-display":"","ast-hfb-below-header-display":"","ast-hfb-mobile-header-display":"","site-post-title":"","ast-breadcrumbs-content":"","ast-featured-img":"","footer-sml-layout":"","theme-transparent-header-meta":"","adv-header-id-meta":"","stick-header-meta":"","header-above-stick-meta":"","header-main-stick-meta":"","header-below-stick-meta":"","astra-migrate-meta-layouts":"default","ast-page-background-enabled":"default","ast-page-background-meta":{"desktop":{"background-color":"var(--ast-global-color-4)","background-image":"","background-repeat":"repeat","background-position":"center center","background-size":"auto","background-attachment":"scroll","background-type":"","background-media":"","overlay-type":"","overlay-color":"","overlay-gradient":""},"tablet":{"background-color":"","background-image":"","background-repeat":"repeat","background-position":"center center","background-size":"auto","background-attachment":"scroll","background-type":"","background-media":"","overlay-type":"","overlay-color":"","overlay-gradient":""},"mobile":{"background-color":"","background-image":"","background-repeat":"repeat","background-position":"center center","background-size":"auto","background-attachment":"scroll","background-type":"","background-media":"","overlay-type":"","overlay-color":"","overlay-gradient":""}},"ast-content-background-meta":{"desktop":{"background-color":"var(--ast-global-color-5)","background-image":"","background-repeat":"repeat","background-position":"center center","background-size":"auto","background-attachment":"scroll","background-type":"","background-media":"","overlay-type":"","overlay-color":"","overlay-gradient":""},"tablet":{"background-color":"var(--ast-global-color-5)","background-image":"","background-repeat":"repeat","background-position":"center center","background-size":"auto","background-attachment":"scroll","background-type":"","background-media":"","overlay-type":"","overlay-color":"","overlay-gradient":""},"mobile":{"background-color":"var(--ast-global-color-5)","background-image":"","background-repeat":"repeat","background-position":"center center","background-size":"auto","background-attachment":"scroll","background-type":"","background-media":"","overlay-type":"","overlay-color":"","overlay-gradient":""}},"footnotes":""},"categories":[82,949,6838],"tags":[59228,21558,19606,59229,6843,13612],"class_list":["post-19252","post","type-post","status-publish","format-standard","hentry","category-ciencias-economicas","category-extremadura","category-politica-fiscal-y-hacienda-publica-nacionales","tag-ana-agundez-garcia","tag-carlos-monasterio-escudero","tag-francisco-pedraja-chaparro","tag-jorge-onrubia-fernandez","tag-jose-manuel-gonzalez-paramo-Martinez-murillo","tag-julio-lopez-laborda"],"_links":{"self":[{"href":"https:\/\/www.deberes.net\/tesis\/wp-json\/wp\/v2\/posts\/19252","targetHints":{"allow":["GET"]}}],"collection":[{"href":"https:\/\/www.deberes.net\/tesis\/wp-json\/wp\/v2\/posts"}],"about":[{"href":"https:\/\/www.deberes.net\/tesis\/wp-json\/wp\/v2\/types\/post"}],"author":[{"embeddable":true,"href":"https:\/\/www.deberes.net\/tesis\/wp-json\/wp\/v2\/users\/1"}],"replies":[{"embeddable":true,"href":"https:\/\/www.deberes.net\/tesis\/wp-json\/wp\/v2\/comments?post=19252"}],"version-history":[{"count":0,"href":"https:\/\/www.deberes.net\/tesis\/wp-json\/wp\/v2\/posts\/19252\/revisions"}],"wp:attachment":[{"href":"https:\/\/www.deberes.net\/tesis\/wp-json\/wp\/v2\/media?parent=19252"}],"wp:term":[{"taxonomy":"category","embeddable":true,"href":"https:\/\/www.deberes.net\/tesis\/wp-json\/wp\/v2\/categories?post=19252"},{"taxonomy":"post_tag","embeddable":true,"href":"https:\/\/www.deberes.net\/tesis\/wp-json\/wp\/v2\/tags?post=19252"}],"curies":[{"name":"wp","href":"https:\/\/api.w.org\/{rel}","templated":true}]}}