{"id":19267,"date":"2018-03-09T09:08:11","date_gmt":"2018-03-09T09:08:11","guid":{"rendered":"https:\/\/www.deberes.net\/tesis\/sin-categoria\/la-jurisdiccion-militar-contra-la-sociedad-civil-proyeccion-de-una-imagen-de-orden-judicial-en-espana-1940-1950\/"},"modified":"2018-03-09T09:08:11","modified_gmt":"2018-03-09T09:08:11","slug":"la-jurisdiccion-militar-contra-la-sociedad-civil-proyeccion-de-una-imagen-de-orden-judicial-en-espana-1940-1950","status":"publish","type":"post","link":"https:\/\/www.deberes.net\/tesis\/historia\/la-jurisdiccion-militar-contra-la-sociedad-civil-proyeccion-de-una-imagen-de-orden-judicial-en-espana-1940-1950\/","title":{"rendered":"La jurisdicci\u00f3n militar contra la sociedad civil: proyecci\u00f3n de una imagen de orden judicial en espa\u00f1a 1940-1950"},"content":{"rendered":"<h2>Tesis doctoral de <strong> Pablo Gil Vico <\/strong><\/h2>\n<p>La presente tesis investigaci\u00f3n proporciona una gu\u00eda del funcionamiento de la jursidicci\u00f3n militar espa\u00f1ola durante la primera d\u00e9cada de posguerra, a trav\u00e9s de la documentaci\u00f3n archivada en el fondo del consejo supremo de justicia militar. Los tribunales castrenses constituyeron un componente b\u00e1sico de uno de los principales pilares del r\u00e9gimen franquista: la represi\u00f3n del enemigo, si bien el control sistem\u00e1tico de los vencidos no puede leerse usando la violencia como \u00fanica clave interpretativa, en la medida en que junto a ella el r\u00e9gimen de franco intent\u00f3 poner en juego otros elementos con objeto de que el concepto de venganza no constituyera la \u00fanica referencia de su actuaci\u00f3n. La imposici\u00f3n del modelo represivo de la jurisdicci\u00f3n castrense obedece asimismo a la creencia de que s\u00f3lo a trav\u00e9s de su implantaci\u00f3n el estado franquista podr\u00eda obtener un grado aceptable de legitimaci\u00f3n tanto en el \u00e1mbito nacional como en el internacional y, junto a ello proceder sin demora a la suspensi\u00f3n del enemigo pol\u00edtico. Este planteamiento viene a comprobarse mediante el an\u00e1lisis de tres dimensiones b\u00e1sicas del dsicurso sublevado, referidas al eventual desarrollo de la jurisdicci\u00f3n militar: la aflictiva o sancionadora, la reglada o procesal y la flexible o clemente. hemos contratado la intensidad manifestada por la propaganda del r\u00e9gimen en todas ellas con la pr\u00e1ctica judicial c\u00e1strense, para concluir que la dimensi\u00f3n aflictiva resulta la \u00fanica de las tres que respondi\u00f3 sobradamente a las expectativas generadas por el discurso, mientras que las otros dos se muestran como un entramado vac\u00edo o de contenido incierto, una formalidad informe, lo que s\u00f3lo resulta explicable a la luz de una concepci\u00f3n de la jurisdicci\u00f3n militar espa\u00f1ola de posguerra que insiste en su car\u00e1cter dual, riguroso en las sanciones al tiempo que aprentemente respetuoso con las reglas y, de este modo, instrumento empleado por el r\u00e9gimen de franco<\/p>\n<p>&nbsp;<\/p>\n<h3>Datos acad\u00e9micos de la tesis doctoral \u00ab<strong>La jurisdicci\u00f3n militar contra la sociedad civil: proyecci\u00f3n de una imagen de orden judicial en espa\u00f1a 1940-1950<\/strong>\u00ab<\/h3>\n<ul>\n<li><strong>T\u00edtulo de la tesis:<\/strong>\u00a0 La jurisdicci\u00f3n militar contra la sociedad civil: proyecci\u00f3n de una imagen de orden judicial en espa\u00f1a 1940-1950 <\/li>\n<li><strong>Autor:<\/strong>\u00a0 Pablo Gil Vico <\/li>\n<li><strong>Universidad:<\/strong>\u00a0 Aut\u00f3noma de Madrid<\/li>\n<li><strong>Fecha de lectura de la tesis:<\/strong>\u00a0 30\/09\/2002<\/li>\n<\/ul>\n<p>&nbsp;<\/p>\n<h3>Direcci\u00f3n y tribunal<\/h3>\n<ul>\n<li><strong>Director de la tesis<\/strong>\n<ul>\n<li>Marta Bizcaeeondo Albea<\/li>\n<\/ul>\n<\/li>\n<li><strong>Tribunal<\/strong>\n<ul>\n<li>Presidente del tribunal:  Donezar d\u00edez de ulzurrun Javierm. <\/li>\n<li>eduardo Gonzalez calleja (vocal)<\/li>\n<li> Solozabal echavarr\u00eda Juan  Jos\u00e9 (vocal)<\/li>\n<li>mirta N\u00fa\u00f1ez d\u00edaz-balart (vocal)<\/li>\n<\/ul>\n<\/li>\n<\/ul>\n<p>&nbsp;<\/p>\n","protected":false},"excerpt":{"rendered":"<p>Tesis doctoral de Pablo Gil Vico La presente tesis investigaci\u00f3n proporciona una gu\u00eda del funcionamiento de la jursidicci\u00f3n militar espa\u00f1ola [&hellip;]<\/p>\n","protected":false},"author":1,"featured_media":0,"comment_status":"open","ping_status":"open","sticky":false,"template":"","format":"standard","meta":{"site-sidebar-layout":"default","site-content-layout":"","ast-site-content-layout":"","site-content-style":"default","site-sidebar-style":"default","ast-global-header-display":"","ast-banner-title-visibility":"","ast-main-header-display":"","ast-hfb-above-header-display":"","ast-hfb-below-header-display":"","ast-hfb-mobile-header-display":"","site-post-title":"","ast-breadcrumbs-content":"","ast-featured-img":"","footer-sml-layout":"","theme-transparent-header-meta":"","adv-header-id-meta":"","stick-header-meta":"","header-above-stick-meta":"","header-main-stick-meta":"","header-below-stick-meta":"","astra-migrate-meta-layouts":"default","ast-page-background-enabled":"default","ast-page-background-meta":{"desktop":{"background-color":"var(--ast-global-color-4)","background-image":"","background-repeat":"repeat","background-position":"center center","background-size":"auto","background-attachment":"scroll","background-type":"","background-media":"","overlay-type":"","overlay-color":"","overlay-gradient":""},"tablet":{"background-color":"","background-image":"","background-repeat":"repeat","background-position":"center center","background-size":"auto","background-attachment":"scroll","background-type":"","background-media":"","overlay-type":"","overlay-color":"","overlay-gradient":""},"mobile":{"background-color":"","background-image":"","background-repeat":"repeat","background-position":"center center","background-size":"auto","background-attachment":"scroll","background-type":"","background-media":"","overlay-type":"","overlay-color":"","overlay-gradient":""}},"ast-content-background-meta":{"desktop":{"background-color":"var(--ast-global-color-5)","background-image":"","background-repeat":"repeat","background-position":"center center","background-size":"auto","background-attachment":"scroll","background-type":"","background-media":"","overlay-type":"","overlay-color":"","overlay-gradient":""},"tablet":{"background-color":"var(--ast-global-color-5)","background-image":"","background-repeat":"repeat","background-position":"center center","background-size":"auto","background-attachment":"scroll","background-type":"","background-media":"","overlay-type":"","overlay-color":"","overlay-gradient":""},"mobile":{"background-color":"var(--ast-global-color-5)","background-image":"","background-repeat":"repeat","background-position":"center center","background-size":"auto","background-attachment":"scroll","background-type":"","background-media":"","overlay-type":"","overlay-color":"","overlay-gradient":""}},"footnotes":""},"categories":[104,1816,758,220,222],"tags":[30108,58375,59265,59267,59264,59266],"class_list":["post-19267","post","type-post","status-publish","format-standard","hentry","category-historia","category-historia-contemporanea","category-historia-del-derecho-y-de-las-instituciones-juridicas","category-historia-por-epocas","category-historias-especializadas","tag-donezar-diez-de-ulzurrun-javierm","tag-eduardo-gonzalez-calleja","tag-marta-bizcaeeondo-albea","tag-mirta-nunez-diaz-balart","tag-pablo-gil-vico","tag-solozabal-echavarria-juan-jose"],"_links":{"self":[{"href":"https:\/\/www.deberes.net\/tesis\/wp-json\/wp\/v2\/posts\/19267","targetHints":{"allow":["GET"]}}],"collection":[{"href":"https:\/\/www.deberes.net\/tesis\/wp-json\/wp\/v2\/posts"}],"about":[{"href":"https:\/\/www.deberes.net\/tesis\/wp-json\/wp\/v2\/types\/post"}],"author":[{"embeddable":true,"href":"https:\/\/www.deberes.net\/tesis\/wp-json\/wp\/v2\/users\/1"}],"replies":[{"embeddable":true,"href":"https:\/\/www.deberes.net\/tesis\/wp-json\/wp\/v2\/comments?post=19267"}],"version-history":[{"count":0,"href":"https:\/\/www.deberes.net\/tesis\/wp-json\/wp\/v2\/posts\/19267\/revisions"}],"wp:attachment":[{"href":"https:\/\/www.deberes.net\/tesis\/wp-json\/wp\/v2\/media?parent=19267"}],"wp:term":[{"taxonomy":"category","embeddable":true,"href":"https:\/\/www.deberes.net\/tesis\/wp-json\/wp\/v2\/categories?post=19267"},{"taxonomy":"post_tag","embeddable":true,"href":"https:\/\/www.deberes.net\/tesis\/wp-json\/wp\/v2\/tags?post=19267"}],"curies":[{"name":"wp","href":"https:\/\/api.w.org\/{rel}","templated":true}]}}