{"id":19268,"date":"2018-03-09T09:08:12","date_gmt":"2018-03-09T09:08:12","guid":{"rendered":"https:\/\/www.deberes.net\/tesis\/sin-categoria\/la-espana-metafa%c2%adsica-lectura-cra%c2%adtica-del-pensamiento-de-ramon-menendez-pidal-1891-1936\/"},"modified":"2018-03-09T09:08:12","modified_gmt":"2018-03-09T09:08:12","slug":"la-espana-metafa%c2%adsica-lectura-cra%c2%adtica-del-pensamiento-de-ramon-menendez-pidal-1891-1936","status":"publish","type":"post","link":"https:\/\/www.deberes.net\/tesis\/historia\/la-espana-metafa%c2%adsica-lectura-cra%c2%adtica-del-pensamiento-de-ramon-menendez-pidal-1891-1936\/","title":{"rendered":"La espa\u00f1a metaf\u00edsica: lectura cr\u00edtica del pensamiento de ram\u00f3n men\u00e9ndez pidal (1891-1936)"},"content":{"rendered":"<h2>Tesis doctoral de <strong> Prudencio Garc\u00eda Isasti <\/strong><\/h2>\n<p>El objetivo principal de la tesis es determinar el concepto de espa\u00f1a de ram\u00f3n men\u00e9ndez pidal. La opci\u00f3n metodol\u00f3gicas adoptada es la lectura minuciosa y exhaustiva de toda su producci\u00f3n escrita entre 1891 (primer art\u00edculo publicado) y 1936 (inicio de la guerra civil), prescindiendo de cualquier otra consideraci\u00f3n. Es particularmente rese\u00f1able que se prescinde tanto del an\u00e1lisis de las fuentes intelectuales del pensamiento de pidal, como del contexto pol\u00edtico y social en el que desarrolla su obra. El objetivo es siempre delimitar, con el mayor grado de precisi\u00f3n posible, la imagen que men\u00e9ndez pidal ten\u00eda de espa\u00f1a, para lo cual se considera que la opci\u00f3n metodol\u00f3gica adoptada es la m\u00e1s correcta.  por otra parte, esta tesis no pretende ofrecer una visi\u00f3n totalizadora y definitiva de la vida y obra de pidal. Tampoco pretende pronunciarse del grado de vigencia que sus teor\u00edas tienen en la actualidad en cada una de las m\u00faltiples disciplinas acad\u00e9micas que cultiv\u00f3, ni acerca de la influencia de las mismas en la historia de espa\u00f1a. Considera, en cambio, que clarifica una cuesti\u00f3n especialmente importante dentro del pensamiento de este autor y, desde este punto de vista, supone una contribuci\u00f3n tangible a los estudios de historia intelectual espa\u00f1ola.  la conclusi\u00f3n m\u00e1s importante es que men\u00e9ndez pidal es un nacionalista nato y que este hecho ejerce una influencia decisiva en el conjunto de su obra, orient\u00e1ndola en una direcci\u00f3n determinada. Al hilo de esta idea se ensaya una caracterizaci\u00f3n general del pensamiento de este intelectual, tanto en su vertiente cient\u00edfica como en su vertiente p\u00fablica. Por \u00faltimo, se sintetiza su nacionalismo en cinco tesis generales.<\/p>\n<p>&nbsp;<\/p>\n<h3>Datos acad\u00e9micos de la tesis doctoral \u00ab<strong>La espa\u00f1a metaf\u00edsica: lectura cr\u00edtica del pensamiento de ram\u00f3n men\u00e9ndez pidal (1891-1936)<\/strong>\u00ab<\/h3>\n<ul>\n<li><strong>T\u00edtulo de la tesis:<\/strong>\u00a0 La espa\u00f1a metaf\u00edsica: lectura cr\u00edtica del pensamiento de ram\u00f3n men\u00e9ndez pidal (1891-1936) <\/li>\n<li><strong>Autor:<\/strong>\u00a0 Prudencio Garc\u00eda Isasti <\/li>\n<li><strong>Universidad:<\/strong>\u00a0 Aut\u00f3noma de Madrid<\/li>\n<li><strong>Fecha de lectura de la tesis:<\/strong>\u00a0 30\/09\/2002<\/li>\n<\/ul>\n<p>&nbsp;<\/p>\n<h3>Direcci\u00f3n y tribunal<\/h3>\n<ul>\n<li><strong>Director de la tesis<\/strong>\n<ul>\n<li>sotelo Cabrera Calvo<\/li>\n<\/ul>\n<\/li>\n<li><strong>Tribunal<\/strong>\n<ul>\n<li>Presidente del tribunal: Miguel Artola gallego <\/li>\n<li>Jos\u00e9 \u00e1lvarez junco (vocal)<\/li>\n<li>santos Julia d\u00edaz (vocal)<\/li>\n<li>Jos\u00e9 Portolei l\u00e1zaro (vocal)<\/li>\n<\/ul>\n<\/li>\n<\/ul>\n<p>&nbsp;<\/p>\n","protected":false},"excerpt":{"rendered":"<p>Tesis doctoral de Prudencio Garc\u00eda Isasti El objetivo principal de la tesis es determinar el concepto de espa\u00f1a de ram\u00f3n [&hellip;]<\/p>\n","protected":false},"author":1,"featured_media":0,"comment_status":"open","ping_status":"open","sticky":false,"template":"","format":"standard","meta":{"site-sidebar-layout":"default","site-content-layout":"","ast-site-content-layout":"","site-content-style":"default","site-sidebar-style":"default","ast-global-header-display":"","ast-banner-title-visibility":"","ast-main-header-display":"","ast-hfb-above-header-display":"","ast-hfb-below-header-display":"","ast-hfb-mobile-header-display":"","site-post-title":"","ast-breadcrumbs-content":"","ast-featured-img":"","footer-sml-layout":"","theme-transparent-header-meta":"","adv-header-id-meta":"","stick-header-meta":"","header-above-stick-meta":"","header-main-stick-meta":"","header-below-stick-meta":"","astra-migrate-meta-layouts":"default","ast-page-background-enabled":"default","ast-page-background-meta":{"desktop":{"background-color":"var(--ast-global-color-4)","background-image":"","background-repeat":"repeat","background-position":"center center","background-size":"auto","background-attachment":"scroll","background-type":"","background-media":"","overlay-type":"","overlay-color":"","overlay-gradient":""},"tablet":{"background-color":"","background-image":"","background-repeat":"repeat","background-position":"center center","background-size":"auto","background-attachment":"scroll","background-type":"","background-media":"","overlay-type":"","overlay-color":"","overlay-gradient":""},"mobile":{"background-color":"","background-image":"","background-repeat":"repeat","background-position":"center center","background-size":"auto","background-attachment":"scroll","background-type":"","background-media":"","overlay-type":"","overlay-color":"","overlay-gradient":""}},"ast-content-background-meta":{"desktop":{"background-color":"var(--ast-global-color-5)","background-image":"","background-repeat":"repeat","background-position":"center center","background-size":"auto","background-attachment":"scroll","background-type":"","background-media":"","overlay-type":"","overlay-color":"","overlay-gradient":""},"tablet":{"background-color":"var(--ast-global-color-5)","background-image":"","background-repeat":"repeat","background-position":"center center","background-size":"auto","background-attachment":"scroll","background-type":"","background-media":"","overlay-type":"","overlay-color":"","overlay-gradient":""},"mobile":{"background-color":"var(--ast-global-color-5)","background-image":"","background-repeat":"repeat","background-position":"center center","background-size":"auto","background-attachment":"scroll","background-type":"","background-media":"","overlay-type":"","overlay-color":"","overlay-gradient":""}},"footnotes":""},"categories":[104,3824,713,1867,3538,222],"tags":[31409,59270,14694,59268,7041,59269],"class_list":["post-19268","post","type-post","status-publish","format-standard","hentry","category-historia","category-historia-de-la-linguistica","category-historia-de-la-literatura","category-historia-de-la-literatura-espanola","category-historia-de-las-ideas-politicas","category-historias-especializadas","tag-jose-alvarez-junco","tag-jose-portolei-lazaro","tag-miguel-artola-gallego","tag-prudencio-garcia-isasti","tag-santos-julia-diaz","tag-sotelo-cabrera-calvo"],"_links":{"self":[{"href":"https:\/\/www.deberes.net\/tesis\/wp-json\/wp\/v2\/posts\/19268","targetHints":{"allow":["GET"]}}],"collection":[{"href":"https:\/\/www.deberes.net\/tesis\/wp-json\/wp\/v2\/posts"}],"about":[{"href":"https:\/\/www.deberes.net\/tesis\/wp-json\/wp\/v2\/types\/post"}],"author":[{"embeddable":true,"href":"https:\/\/www.deberes.net\/tesis\/wp-json\/wp\/v2\/users\/1"}],"replies":[{"embeddable":true,"href":"https:\/\/www.deberes.net\/tesis\/wp-json\/wp\/v2\/comments?post=19268"}],"version-history":[{"count":0,"href":"https:\/\/www.deberes.net\/tesis\/wp-json\/wp\/v2\/posts\/19268\/revisions"}],"wp:attachment":[{"href":"https:\/\/www.deberes.net\/tesis\/wp-json\/wp\/v2\/media?parent=19268"}],"wp:term":[{"taxonomy":"category","embeddable":true,"href":"https:\/\/www.deberes.net\/tesis\/wp-json\/wp\/v2\/categories?post=19268"},{"taxonomy":"post_tag","embeddable":true,"href":"https:\/\/www.deberes.net\/tesis\/wp-json\/wp\/v2\/tags?post=19268"}],"curies":[{"name":"wp","href":"https:\/\/api.w.org\/{rel}","templated":true}]}}