{"id":19310,"date":"2002-01-10T00:00:00","date_gmt":"2002-01-10T00:00:00","guid":{"rendered":"https:\/\/www.deberes.net\/tesis\/sin-categoria\/factores-determinantes-del-exito-de-los-acuerdos-de-cooperacion-de-id-entre-empresas-y-organismos-de-investigacion\/"},"modified":"2002-01-10T00:00:00","modified_gmt":"2002-01-10T00:00:00","slug":"factores-determinantes-del-exito-de-los-acuerdos-de-cooperacion-de-id-entre-empresas-y-organismos-de-investigacion","status":"publish","type":"post","link":"https:\/\/www.deberes.net\/tesis\/rey-juan-carlos\/factores-determinantes-del-exito-de-los-acuerdos-de-cooperacion-de-id-entre-empresas-y-organismos-de-investigacion\/","title":{"rendered":"Factores determinantes del \u00e9xito de los acuerdos de cooperaci\u00f3n de i+d entre empresas y organismos de investigaci\u00f3n"},"content":{"rendered":"<h2>Tesis doctoral de <strong> Eva Mar\u00eda Mora Valent\u00edn <\/strong><\/h2>\n<p>La tesis que se presenta se centra en el an\u00e1lisis de los factores del \u00e9xito de los acuerdos de cooperaci\u00f3n en i+d entre empresas y organismos de investigaci\u00f3n. para ello, tras llevar a cabo una resivi\u00f3n de la literatura, tanto sobre relaciones interorganizativas en general como de relaciones entre empresas y organismos de investigaci\u00f3n, hemos identificaco un conjunto de factores que influyen en el \u00e9xito de este tipo de acuerdos y que hemos agrupado en dos categor\u00edas: factores de contexto (experiencias previas, reputaci\u00f3n de los socios, definici\u00f3n de objetivos, grado de institucionalizaci\u00f3n de la relaci\u00f3n y proximidad entre socios) y factores organizativos (compromiso, comunicaci\u00f3n, confianza, conflicto y dependencia).  adem\u00e1s, se ha contrastado emp\u00edricamente su influencia en una muestra de acuerdos gestionados por el cdii.<\/p>\n<p>&nbsp;<\/p>\n<h3>Datos acad\u00e9micos de la tesis doctoral \u00ab<strong>Factores determinantes del \u00e9xito de los acuerdos de cooperaci\u00f3n de i+d entre empresas y organismos de investigaci\u00f3n<\/strong>\u00ab<\/h3>\n<ul>\n<li><strong>T\u00edtulo de la tesis:<\/strong>\u00a0 Factores determinantes del \u00e9xito de los acuerdos de cooperaci\u00f3n de i+d entre empresas y organismos de investigaci\u00f3n <\/li>\n<li><strong>Autor:<\/strong>\u00a0 Eva Mar\u00eda Mora Valent\u00edn <\/li>\n<li><strong>Universidad:<\/strong>\u00a0 Rey juan carlos<\/li>\n<li><strong>Fecha de lectura de la tesis:<\/strong>\u00a0 01\/10\/2002<\/li>\n<\/ul>\n<p>&nbsp;<\/p>\n<h3>Direcci\u00f3n y tribunal<\/h3>\n<ul>\n<li><strong>Director de la tesis<\/strong>\n<ul>\n<li>Luis \u00e1ngel Guerras Mart\u00edn<\/li>\n<\/ul>\n<\/li>\n<li><strong>Tribunal<\/strong>\n<ul>\n<li>Presidente del tribunal: Jos\u00e9 alvaro Cuervo garcia <\/li>\n<li>Mar\u00eda no Nieto antol\u00edn (vocal)<\/li>\n<li>Jos\u00e9 Emilio Navas l\u00f3pez (vocal)<\/li>\n<li>africa Ari\u00f1o martin (vocal)<\/li>\n<\/ul>\n<\/li>\n<\/ul>\n<p>&nbsp;<\/p>\n","protected":false},"excerpt":{"rendered":"<p>Tesis doctoral de Eva Mar\u00eda Mora Valent\u00edn La tesis que se presenta se centra en el an\u00e1lisis de los factores [&hellip;]<\/p>\n","protected":false},"author":1,"featured_media":0,"comment_status":"open","ping_status":"open","sticky":false,"template":"","format":"standard","meta":{"site-sidebar-layout":"default","site-content-layout":"","ast-site-content-layout":"","site-content-style":"default","site-sidebar-style":"default","ast-global-header-display":"","ast-banner-title-visibility":"","ast-main-header-display":"","ast-hfb-above-header-display":"","ast-hfb-below-header-display":"","ast-hfb-mobile-header-display":"","site-post-title":"","ast-breadcrumbs-content":"","ast-featured-img":"","footer-sml-layout":"","theme-transparent-header-meta":"","adv-header-id-meta":"","stick-header-meta":"","header-above-stick-meta":"","header-main-stick-meta":"","header-below-stick-meta":"","astra-migrate-meta-layouts":"default","ast-page-background-enabled":"default","ast-page-background-meta":{"desktop":{"background-color":"var(--ast-global-color-4)","background-image":"","background-repeat":"repeat","background-position":"center center","background-size":"auto","background-attachment":"scroll","background-type":"","background-media":"","overlay-type":"","overlay-color":"","overlay-gradient":""},"tablet":{"background-color":"","background-image":"","background-repeat":"repeat","background-position":"center center","background-size":"auto","background-attachment":"scroll","background-type":"","background-media":"","overlay-type":"","overlay-color":"","overlay-gradient":""},"mobile":{"background-color":"","background-image":"","background-repeat":"repeat","background-position":"center center","background-size":"auto","background-attachment":"scroll","background-type":"","background-media":"","overlay-type":"","overlay-color":"","overlay-gradient":""}},"ast-content-background-meta":{"desktop":{"background-color":"var(--ast-global-color-5)","background-image":"","background-repeat":"repeat","background-position":"center center","background-size":"auto","background-attachment":"scroll","background-type":"","background-media":"","overlay-type":"","overlay-color":"","overlay-gradient":""},"tablet":{"background-color":"var(--ast-global-color-5)","background-image":"","background-repeat":"repeat","background-position":"center center","background-size":"auto","background-attachment":"scroll","background-type":"","background-media":"","overlay-type":"","overlay-color":"","overlay-gradient":""},"mobile":{"background-color":"var(--ast-global-color-5)","background-image":"","background-repeat":"repeat","background-position":"center center","background-size":"auto","background-attachment":"scroll","background-type":"","background-media":"","overlay-type":"","overlay-color":"","overlay-gradient":""}},"footnotes":""},"categories":[36610],"tags":[56320,59387,796,5987,5985,6529],"class_list":["post-19310","post","type-post","status-publish","format-standard","hentry","category-rey-juan-carlos","tag-africa-arino-martin","tag-eva-maria-mora-valentin","tag-jose-alvaro-cuervo-garcia","tag-jose-emilio-navas-lopez","tag-luis-angel-guerras-martin","tag-maria-no-nieto-antolin"],"_links":{"self":[{"href":"https:\/\/www.deberes.net\/tesis\/wp-json\/wp\/v2\/posts\/19310","targetHints":{"allow":["GET"]}}],"collection":[{"href":"https:\/\/www.deberes.net\/tesis\/wp-json\/wp\/v2\/posts"}],"about":[{"href":"https:\/\/www.deberes.net\/tesis\/wp-json\/wp\/v2\/types\/post"}],"author":[{"embeddable":true,"href":"https:\/\/www.deberes.net\/tesis\/wp-json\/wp\/v2\/users\/1"}],"replies":[{"embeddable":true,"href":"https:\/\/www.deberes.net\/tesis\/wp-json\/wp\/v2\/comments?post=19310"}],"version-history":[{"count":0,"href":"https:\/\/www.deberes.net\/tesis\/wp-json\/wp\/v2\/posts\/19310\/revisions"}],"wp:attachment":[{"href":"https:\/\/www.deberes.net\/tesis\/wp-json\/wp\/v2\/media?parent=19310"}],"wp:term":[{"taxonomy":"category","embeddable":true,"href":"https:\/\/www.deberes.net\/tesis\/wp-json\/wp\/v2\/categories?post=19310"},{"taxonomy":"post_tag","embeddable":true,"href":"https:\/\/www.deberes.net\/tesis\/wp-json\/wp\/v2\/tags?post=19310"}],"curies":[{"name":"wp","href":"https:\/\/api.w.org\/{rel}","templated":true}]}}