{"id":19311,"date":"2002-02-10T00:00:00","date_gmt":"2002-02-10T00:00:00","guid":{"rendered":"https:\/\/www.deberes.net\/tesis\/sin-categoria\/empleo-del-electroencefalograma-como-medida-del-nivel-de-profundidad-del-efecto-de-los-anestesicos\/"},"modified":"2002-02-10T00:00:00","modified_gmt":"2002-02-10T00:00:00","slug":"empleo-del-electroencefalograma-como-medida-del-nivel-de-profundidad-del-efecto-de-los-anestesicos","status":"publish","type":"post","link":"https:\/\/www.deberes.net\/tesis\/ciencias-medicas\/empleo-del-electroencefalograma-como-medida-del-nivel-de-profundidad-del-efecto-de-los-anestesicos\/","title":{"rendered":"Empleo del electroencefalograma como medida del nivel de profundidad del efecto de los anest\u00e9sicos"},"content":{"rendered":"<h2>Tesis doctoral de <strong> Pedro Luis Gamb\u00fas Cerrillo <\/strong><\/h2>\n<p>El registro del electroencefalograma (eeg) recogido en diversos estudios previamente realizados, fue digitalizado y analizado de nuevo. Empleando an\u00e1lisis espectral y correlaci\u00f3n can\u00f3nica semilinear, se calcul\u00f3 el par\u00e1metro can\u00f3nico univariante (pcu opi) y el le95% para cada individuo en cada f\u00e1rmaco opi\u00e1ceo. Se calcul\u00f3 el pcu opi y el l-bis para cada individuo en el grupo propofol. Se valor\u00f3 la capacidad de cada par\u00e1metro para extraer del trazado del eeg la informaci\u00f3n relevante respecto al efecto farmacol\u00f3gico, mediante la comparaci\u00f3n del valor de r2 (relaci\u00f3n se\u00f1al-ruido) obtenido con cada par\u00e1metro en cada individuo. Se valor\u00f3 la capacidad de cada par\u00e1metro para ser usado como indicador farmacodin\u00e1mico mediante la estimaci\u00f3n de los par\u00e1metros farmacodin\u00e1micos para cada f\u00e1rmaco estudiado: fentanilo, alfentanilo, sufentanilo, trefentanilo y remifentanilo en el grupo opi\u00e1ceo, as\u00ed como propofol.  finalmente se valor\u00f3 a priori la capacidad del pcu opi para ser empleado en la cl\u00ednica en pacientes reales, realiz\u00e1ndose para ello simulaciones del curso temporal del efecto farmacol\u00f3gico de cada uno de los opi\u00e1ceos y del propofol.  el pcu opi present\u00f3 valores superiores de r2 al le95% de forma global para todos los opi\u00e1ceos y de forma individual para todos menos para el sufentanil. el l-bis present\u00f3 valores de r2 superiores al pcu opi en el caso del propofol. de acuerdo a sus valores de c50 sufentanilo, fentanilo, remifentanilo, trefentanilo y alfentanilo ser\u00eda el orden de mayor a menor potencia farmacol\u00f3gica. la desaparici\u00f3n del efecto tras la administraci\u00f3n de un bolus es m\u00e1s r\u00e1pida para remfentanilo, seguido de aflentnailo, trefentanilo, fentanilo y sufentanilo.  el efecto eeg del propofol medido con el l-bis, alcanza su punto m\u00e1ximo aproximadamente 3.75 minutos tras la administraci\u00f3n de un bolus. La desaparici\u00f3n del efecto tras una infusi\u00f3n continua es r\u00e1pida, con una vida media sensible al co<\/p>\n<p>&nbsp;<\/p>\n<h3>Datos acad\u00e9micos de la tesis doctoral \u00ab<strong>Empleo del electroencefalograma como medida del nivel de profundidad del efecto de los anest\u00e9sicos<\/strong>\u00ab<\/h3>\n<ul>\n<li><strong>T\u00edtulo de la tesis:<\/strong>\u00a0 Empleo del electroencefalograma como medida del nivel de profundidad del efecto de los anest\u00e9sicos <\/li>\n<li><strong>Autor:<\/strong>\u00a0 Pedro Luis Gamb\u00fas Cerrillo <\/li>\n<li><strong>Universidad:<\/strong>\u00a0 Barcelona<\/li>\n<li><strong>Fecha de lectura de la tesis:<\/strong>\u00a0 02\/10\/2002<\/li>\n<\/ul>\n<p>&nbsp;<\/p>\n<h3>Direcci\u00f3n y tribunal<\/h3>\n<ul>\n<li><strong>Director de la tesis<\/strong>\n<ul>\n<li>Carmen Gomar Sancho<\/li>\n<\/ul>\n<\/li>\n<li><strong>Tribunal<\/strong>\n<ul>\n<li>Presidente del tribunal: Mar\u00eda sol Carrasco jim\u00e9nez <\/li>\n<li> Fern\u00e1ndez de troconz fern\u00e1ndez ignacio (vocal)<\/li>\n<li>joan Santamaria cano (vocal)<\/li>\n<li>Manuel j Barbanoj rodr\u00edguez (vocal)<\/li>\n<\/ul>\n<\/li>\n<\/ul>\n<p>&nbsp;<\/p>\n","protected":false},"excerpt":{"rendered":"<p>Tesis doctoral de Pedro Luis Gamb\u00fas Cerrillo El registro del electroencefalograma (eeg) recogido en diversos estudios previamente realizados, fue digitalizado [&hellip;]<\/p>\n","protected":false},"author":1,"featured_media":0,"comment_status":"open","ping_status":"open","sticky":false,"template":"","format":"standard","meta":{"site-sidebar-layout":"default","site-content-layout":"","ast-site-content-layout":"","site-content-style":"default","site-sidebar-style":"default","ast-global-header-display":"","ast-banner-title-visibility":"","ast-main-header-display":"","ast-hfb-above-header-display":"","ast-hfb-below-header-display":"","ast-hfb-mobile-header-display":"","site-post-title":"","ast-breadcrumbs-content":"","ast-featured-img":"","footer-sml-layout":"","theme-transparent-header-meta":"","adv-header-id-meta":"","stick-header-meta":"","header-above-stick-meta":"","header-main-stick-meta":"","header-below-stick-meta":"","astra-migrate-meta-layouts":"default","ast-page-background-enabled":"default","ast-page-background-meta":{"desktop":{"background-color":"var(--ast-global-color-4)","background-image":"","background-repeat":"repeat","background-position":"center center","background-size":"auto","background-attachment":"scroll","background-type":"","background-media":"","overlay-type":"","overlay-color":"","overlay-gradient":""},"tablet":{"background-color":"","background-image":"","background-repeat":"repeat","background-position":"center center","background-size":"auto","background-attachment":"scroll","background-type":"","background-media":"","overlay-type":"","overlay-color":"","overlay-gradient":""},"mobile":{"background-color":"","background-image":"","background-repeat":"repeat","background-position":"center center","background-size":"auto","background-attachment":"scroll","background-type":"","background-media":"","overlay-type":"","overlay-color":"","overlay-gradient":""}},"ast-content-background-meta":{"desktop":{"background-color":"var(--ast-global-color-5)","background-image":"","background-repeat":"repeat","background-position":"center center","background-size":"auto","background-attachment":"scroll","background-type":"","background-media":"","overlay-type":"","overlay-color":"","overlay-gradient":""},"tablet":{"background-color":"var(--ast-global-color-5)","background-image":"","background-repeat":"repeat","background-position":"center center","background-size":"auto","background-attachment":"scroll","background-type":"","background-media":"","overlay-type":"","overlay-color":"","overlay-gradient":""},"mobile":{"background-color":"var(--ast-global-color-5)","background-image":"","background-repeat":"repeat","background-position":"center center","background-size":"auto","background-attachment":"scroll","background-type":"","background-media":"","overlay-type":"","overlay-color":"","overlay-gradient":""}},"footnotes":""},"categories":[1569,951,9,141],"tags":[11498,59389,34197,14229,1571,59388],"class_list":["post-19311","post","type-post","status-publish","format-standard","hentry","category-anestesiologia-quirurgica","category-barcelona","category-ciencias-medicas","category-cirugia","tag-carmen-gomar-sancho","tag-fernandez-de-troconz-fernandez-ignacio","tag-joan-santamaria-cano","tag-manuel-j-barbanoj-rodriguez","tag-maria-sol-carrasco-jimenez","tag-pedro-luis-gambus-cerrillo"],"_links":{"self":[{"href":"https:\/\/www.deberes.net\/tesis\/wp-json\/wp\/v2\/posts\/19311","targetHints":{"allow":["GET"]}}],"collection":[{"href":"https:\/\/www.deberes.net\/tesis\/wp-json\/wp\/v2\/posts"}],"about":[{"href":"https:\/\/www.deberes.net\/tesis\/wp-json\/wp\/v2\/types\/post"}],"author":[{"embeddable":true,"href":"https:\/\/www.deberes.net\/tesis\/wp-json\/wp\/v2\/users\/1"}],"replies":[{"embeddable":true,"href":"https:\/\/www.deberes.net\/tesis\/wp-json\/wp\/v2\/comments?post=19311"}],"version-history":[{"count":0,"href":"https:\/\/www.deberes.net\/tesis\/wp-json\/wp\/v2\/posts\/19311\/revisions"}],"wp:attachment":[{"href":"https:\/\/www.deberes.net\/tesis\/wp-json\/wp\/v2\/media?parent=19311"}],"wp:term":[{"taxonomy":"category","embeddable":true,"href":"https:\/\/www.deberes.net\/tesis\/wp-json\/wp\/v2\/categories?post=19311"},{"taxonomy":"post_tag","embeddable":true,"href":"https:\/\/www.deberes.net\/tesis\/wp-json\/wp\/v2\/tags?post=19311"}],"curies":[{"name":"wp","href":"https:\/\/api.w.org\/{rel}","templated":true}]}}