{"id":19370,"date":"2002-05-10T00:00:00","date_gmt":"2002-05-10T00:00:00","guid":{"rendered":"https:\/\/www.deberes.net\/tesis\/sin-categoria\/el-mandato-del-estado-social-de-derecho-en-la-constitucion-colombiana-los-derechos-sociales-y-el-ma%c2%adnimo-vital\/"},"modified":"2002-05-10T00:00:00","modified_gmt":"2002-05-10T00:00:00","slug":"el-mandato-del-estado-social-de-derecho-en-la-constitucion-colombiana-los-derechos-sociales-y-el-ma%c2%adnimo-vital","status":"publish","type":"post","link":"https:\/\/www.deberes.net\/tesis\/ciencias-juridicas-y-derecho\/el-mandato-del-estado-social-de-derecho-en-la-constitucion-colombiana-los-derechos-sociales-y-el-ma%c2%adnimo-vital\/","title":{"rendered":"El mandato del estado social de derecho en la constituci\u00f3n colombiana: los derechos sociales y el m\u00ednimo vital"},"content":{"rendered":"<h2>Tesis doctoral de <strong> Jheison Torres Avila <\/strong><\/h2>\n<p>La tesis se presenta en tres ejes tem\u00e1ticos a saber: se inicia con una breve s\u00edntesis de los hitos constitucionales m\u00e1s importantes de la historia constitucional colombiana, con el objeto de llamar la atenci\u00f3n sobre el papel que cumple la constituci\u00f3n de 1991 en el desarrollo del constitucionalismo nacional.  se revisan las caracter\u00edsticas del estado social de derecho en la constituci\u00f3n, abordando su estudio formal como estado de derecho. Esta visi\u00f3n se acompa\u00f1a de una exposici\u00f3n de los elementos que configuran la democracia y se analizan las tensiones que esta tiene dentro de un modelo constitucional determinado. el objetivo de esta primera exposici\u00f3n es el de describir el armaz\u00f3n t\u00e9cnico de la constituci\u00f3n, y c\u00f3mo se ha visto transformado por la materialidad de los principios de la carta.  en un segundo estadio de la obra, iniciamos con la contextualizaci\u00f3n te\u00f3rica del derecho en colombia a trav\u00e9s de la figura de los paradigmas iuspublicista y iusprivatista. Enseguida abordamos el estudio de la f\u00f3rmula del estado social de derecho en la constituci\u00f3n colombiana analizando sus manifestaciones normativas y los efectos de sus mandatos, as\u00ed como un estudio de la jurisprudencia de la corte constitucional sobre el tema. Este desarrollo nos conduce a los derechos sociales como manifiestaciones del estado social de derecho. una vez aqu\u00ed iniciamos su repaso dogm\u00e1tico, poniendo en tela de juicio la tesis de la diferenciaci\u00f3n de los derechos sociales y los derechos civiles y pol\u00edticos, para proponer una visi\u00f3n unificadora de los derechos como derechos  civiles y pol\u00edticos, para proponer una visi\u00f3n unificadora de los derechos como derechos fundamentales. Esta v\u00eda de enjuiciamiento de los derechos sociales pretende evidenciar los problemas de exigibilidad de los mismos, y examinar los caminos jurisprudenciales y te\u00f3ricos que nos conduzcan a la reducci\u00f3n de esas dificultades. El objetivo de este apartado es el de expone<\/p>\n<p>&nbsp;<\/p>\n<h3>Datos acad\u00e9micos de la tesis doctoral \u00ab<strong>El mandato del estado social de derecho en la constituci\u00f3n colombiana: los derechos sociales y el m\u00ednimo vital<\/strong>\u00ab<\/h3>\n<ul>\n<li><strong>T\u00edtulo de la tesis:<\/strong>\u00a0 El mandato del estado social de derecho en la constituci\u00f3n colombiana: los derechos sociales y el m\u00ednimo vital <\/li>\n<li><strong>Autor:<\/strong>\u00a0 Jheison Torres Avila <\/li>\n<li><strong>Universidad:<\/strong>\u00a0 Alicante<\/li>\n<li><strong>Fecha de lectura de la tesis:<\/strong>\u00a0 05\/10\/2002<\/li>\n<\/ul>\n<p>&nbsp;<\/p>\n<h3>Direcci\u00f3n y tribunal<\/h3>\n<ul>\n<li><strong>Director de la tesis<\/strong>\n<ul>\n<li>Jose Asensi Sabater<\/li>\n<\/ul>\n<\/li>\n<li><strong>Tribunal<\/strong>\n<ul>\n<li>Presidente del tribunal: Carlos De cabo martin <\/li>\n<li>Juan Cano bueso (vocal)<\/li>\n<li>Jos\u00e9 Antonio Portero molina (vocal)<\/li>\n<li>gregorio Camara villar (vocal)<\/li>\n<\/ul>\n<\/li>\n<\/ul>\n<p>&nbsp;<\/p>\n","protected":false},"excerpt":{"rendered":"<p>Tesis doctoral de Jheison Torres Avila La tesis se presenta en tres ejes tem\u00e1ticos a saber: se inicia con una [&hellip;]<\/p>\n","protected":false},"author":1,"featured_media":0,"comment_status":"open","ping_status":"open","sticky":false,"template":"","format":"standard","meta":{"site-sidebar-layout":"default","site-content-layout":"","ast-site-content-layout":"","site-content-style":"default","site-sidebar-style":"default","ast-global-header-display":"","ast-banner-title-visibility":"","ast-main-header-display":"","ast-hfb-above-header-display":"","ast-hfb-below-header-display":"","ast-hfb-mobile-header-display":"","site-post-title":"","ast-breadcrumbs-content":"","ast-featured-img":"","footer-sml-layout":"","theme-transparent-header-meta":"","adv-header-id-meta":"","stick-header-meta":"","header-above-stick-meta":"","header-main-stick-meta":"","header-below-stick-meta":"","astra-migrate-meta-layouts":"default","ast-page-background-enabled":"default","ast-page-background-meta":{"desktop":{"background-color":"var(--ast-global-color-4)","background-image":"","background-repeat":"repeat","background-position":"center center","background-size":"auto","background-attachment":"scroll","background-type":"","background-media":"","overlay-type":"","overlay-color":"","overlay-gradient":""},"tablet":{"background-color":"","background-image":"","background-repeat":"repeat","background-position":"center center","background-size":"auto","background-attachment":"scroll","background-type":"","background-media":"","overlay-type":"","overlay-color":"","overlay-gradient":""},"mobile":{"background-color":"","background-image":"","background-repeat":"repeat","background-position":"center center","background-size":"auto","background-attachment":"scroll","background-type":"","background-media":"","overlay-type":"","overlay-color":"","overlay-gradient":""}},"ast-content-background-meta":{"desktop":{"background-color":"var(--ast-global-color-5)","background-image":"","background-repeat":"repeat","background-position":"center center","background-size":"auto","background-attachment":"scroll","background-type":"","background-media":"","overlay-type":"","overlay-color":"","overlay-gradient":""},"tablet":{"background-color":"var(--ast-global-color-5)","background-image":"","background-repeat":"repeat","background-position":"center center","background-size":"auto","background-attachment":"scroll","background-type":"","background-media":"","overlay-type":"","overlay-color":"","overlay-gradient":""},"mobile":{"background-color":"var(--ast-global-color-5)","background-image":"","background-repeat":"repeat","background-position":"center center","background-size":"auto","background-attachment":"scroll","background-type":"","background-media":"","overlay-type":"","overlay-color":"","overlay-gradient":""}},"footnotes":""},"categories":[19166,612,1450,979],"tags":[9451,3461,59534,12981,12980,32848],"class_list":["post-19370","post","type-post","status-publish","format-standard","hentry","category-alicante","category-ciencias-juridicas-y-derecho","category-derecho-constitucional","category-derecho-y-legislacion-nacionales","tag-carlos-de-cabo-martin","tag-gregorio-camara-villar","tag-jheison-torres-avila","tag-jose-antonio-portero-molina","tag-jose-asensi-sabater","tag-juan-cano-bueso"],"_links":{"self":[{"href":"https:\/\/www.deberes.net\/tesis\/wp-json\/wp\/v2\/posts\/19370","targetHints":{"allow":["GET"]}}],"collection":[{"href":"https:\/\/www.deberes.net\/tesis\/wp-json\/wp\/v2\/posts"}],"about":[{"href":"https:\/\/www.deberes.net\/tesis\/wp-json\/wp\/v2\/types\/post"}],"author":[{"embeddable":true,"href":"https:\/\/www.deberes.net\/tesis\/wp-json\/wp\/v2\/users\/1"}],"replies":[{"embeddable":true,"href":"https:\/\/www.deberes.net\/tesis\/wp-json\/wp\/v2\/comments?post=19370"}],"version-history":[{"count":0,"href":"https:\/\/www.deberes.net\/tesis\/wp-json\/wp\/v2\/posts\/19370\/revisions"}],"wp:attachment":[{"href":"https:\/\/www.deberes.net\/tesis\/wp-json\/wp\/v2\/media?parent=19370"}],"wp:term":[{"taxonomy":"category","embeddable":true,"href":"https:\/\/www.deberes.net\/tesis\/wp-json\/wp\/v2\/categories?post=19370"},{"taxonomy":"post_tag","embeddable":true,"href":"https:\/\/www.deberes.net\/tesis\/wp-json\/wp\/v2\/tags?post=19370"}],"curies":[{"name":"wp","href":"https:\/\/api.w.org\/{rel}","templated":true}]}}