{"id":19372,"date":"2002-07-10T00:00:00","date_gmt":"2002-07-10T00:00:00","guid":{"rendered":"https:\/\/www.deberes.net\/tesis\/sin-categoria\/el-concepto-de-alienacion-en-el-pensamiento-de-karl-marx\/"},"modified":"2002-07-10T00:00:00","modified_gmt":"2002-07-10T00:00:00","slug":"el-concepto-de-alienacion-en-el-pensamiento-de-karl-marx","status":"publish","type":"post","link":"https:\/\/www.deberes.net\/tesis\/filosofia\/el-concepto-de-alienacion-en-el-pensamiento-de-karl-marx\/","title":{"rendered":"El concepto de alienaci\u00f3n en el pensamiento de karl marx"},"content":{"rendered":"<h2>Tesis doctoral de <strong> Jorge Soler Alom\u00e1 <\/strong><\/h2>\n<p>El concepto de alineaci\u00f3n que, mayoritariamente, se atribuye a carlos marx se puede resumir como sigue: se trata de la deformaci\u00f3n de conciencia de la que son v\u00edctimas los hombres al aceptar que sus relaciones sociales sean mantenidas por cosas. Este planteamiento, que guarda cierto parecido con el modelo psiqui\u00e1trico, sit\u00faa la alienaci\u00f3n en el terreno de la ideolog\u00eda.  la presente tesis doctoral defiende que el concepto de alineaci\u00f3n de marx cala m\u00e1s hondo: arranca de la estructura misma de la sociedad. Es una categor\u00eda del tipo que en la filosof\u00eda cl\u00e1sica cae dentro del \u00e1mbito de la ontolog\u00eda -en otras palabras, se trata de una categor\u00eda constitutiva.  para nosotros -marx incluido- la alienaci\u00f3n es la escisi\u00f3n de la sociedad acompa\u00f1ada de la asunci\u00f3n acr\u00edtica de \u00e9sta, que toma la forma de la ideolog\u00eda. la escisi\u00f3n radica en la estructura econ\u00f3mica o, si se prefiere, en las relaciones de producci\u00f3n, y en nuestra sociedad se manifiesta en el hecho de la divisi\u00f3n en dos grupos: uno -mayoritario- que genera riqueza y otro -minoritario- que se apropia de ella. El \u00abcoleccionista\u00bb de valor compra una mercanc\u00eda que tiene una peculiaridad muy interesante: la de generar valor durante su consumo; se trata de la mercanc\u00eda humana, o fuerza de trabajo. Se compra por su precio de mercado (\u00abmercado del trabajo\u00bb) pero mientras es consumida -durante el tiempo en que trabaja- produce un valor muy superior al de su valor de cambio. De toda esta masa de plusvalor se apropia legalmente el que compra la fuerza de trabajo. En esto consiste el trabajo asalariado: en la compraventa y la expltoaci\u00f3n de la mercanc\u00eda humana; es -usando palabras de marx- la forma moderna de la esclavitud -por m\u00e1s doradas que puedan ser sus cadenas. El hecho de que esta situaci\u00f3n sea asumida, percibida y vivida como la normalidad s\u00f3lo significa que la sociedad est\u00e1 alineada y, por tanto, se mira a s\u00ed misma a trav\u00e9s de los cristales ideol\u00f3gicos de<\/p>\n<p>&nbsp;<\/p>\n<h3>Datos acad\u00e9micos de la tesis doctoral \u00ab<strong>El concepto de alienaci\u00f3n en el pensamiento de karl marx<\/strong>\u00ab<\/h3>\n<ul>\n<li><strong>T\u00edtulo de la tesis:<\/strong>\u00a0 El concepto de alienaci\u00f3n en el pensamiento de karl marx <\/li>\n<li><strong>Autor:<\/strong>\u00a0 Jorge Soler Alom\u00e1 <\/li>\n<li><strong>Universidad:<\/strong>\u00a0 Barcelona<\/li>\n<li><strong>Fecha de lectura de la tesis:<\/strong>\u00a0 07\/10\/2002<\/li>\n<\/ul>\n<p>&nbsp;<\/p>\n<h3>Direcci\u00f3n y tribunal<\/h3>\n<ul>\n<li><strong>Director de la tesis<\/strong>\n<ul>\n<li>Jaume Mascaro Pons<\/li>\n<\/ul>\n<\/li>\n<li><strong>Tribunal<\/strong>\n<ul>\n<li>Presidente del tribunal: agustin Gonzalez gallego <\/li>\n<li>raul Gabas pallas (vocal)<\/li>\n<li>Francisco Fern\u00e1ndez buey (vocal)<\/li>\n<li>pedro Castro mart\u00ednez (vocal)<\/li>\n<\/ul>\n<\/li>\n<\/ul>\n<p>&nbsp;<\/p>\n","protected":false},"excerpt":{"rendered":"<p>Tesis doctoral de Jorge Soler Alom\u00e1 El concepto de alineaci\u00f3n que, mayoritariamente, se atribuye a carlos marx se puede resumir [&hellip;]<\/p>\n","protected":false},"author":1,"featured_media":0,"comment_status":"open","ping_status":"open","sticky":false,"template":"","format":"standard","meta":{"site-sidebar-layout":"default","site-content-layout":"","ast-site-content-layout":"","site-content-style":"default","site-sidebar-style":"default","ast-global-header-display":"","ast-banner-title-visibility":"","ast-main-header-display":"","ast-hfb-above-header-display":"","ast-hfb-below-header-display":"","ast-hfb-mobile-header-display":"","site-post-title":"","ast-breadcrumbs-content":"","ast-featured-img":"","footer-sml-layout":"","theme-transparent-header-meta":"","adv-header-id-meta":"","stick-header-meta":"","header-above-stick-meta":"","header-main-stick-meta":"","header-below-stick-meta":"","astra-migrate-meta-layouts":"default","ast-page-background-enabled":"default","ast-page-background-meta":{"desktop":{"background-color":"var(--ast-global-color-4)","background-image":"","background-repeat":"repeat","background-position":"center center","background-size":"auto","background-attachment":"scroll","background-type":"","background-media":"","overlay-type":"","overlay-color":"","overlay-gradient":""},"tablet":{"background-color":"","background-image":"","background-repeat":"repeat","background-position":"center center","background-size":"auto","background-attachment":"scroll","background-type":"","background-media":"","overlay-type":"","overlay-color":"","overlay-gradient":""},"mobile":{"background-color":"","background-image":"","background-repeat":"repeat","background-position":"center center","background-size":"auto","background-attachment":"scroll","background-type":"","background-media":"","overlay-type":"","overlay-color":"","overlay-gradient":""}},"ast-content-background-meta":{"desktop":{"background-color":"var(--ast-global-color-5)","background-image":"","background-repeat":"repeat","background-position":"center center","background-size":"auto","background-attachment":"scroll","background-type":"","background-media":"","overlay-type":"","overlay-color":"","overlay-gradient":""},"tablet":{"background-color":"var(--ast-global-color-5)","background-image":"","background-repeat":"repeat","background-position":"center center","background-size":"auto","background-attachment":"scroll","background-type":"","background-media":"","overlay-type":"","overlay-color":"","overlay-gradient":""},"mobile":{"background-color":"var(--ast-global-color-5)","background-image":"","background-repeat":"repeat","background-position":"center center","background-size":"auto","background-attachment":"scroll","background-type":"","background-media":"","overlay-type":"","overlay-color":"","overlay-gradient":""}},"footnotes":""},"categories":[951,165,6008,1078],"tags":[1083,8539,19777,59537,59538,20217],"class_list":["post-19372","post","type-post","status-publish","format-standard","hentry","category-barcelona","category-filosofia","category-filosofia-politica","category-filosofia-social","tag-agustin-gonzalez-gallego","tag-francisco-fernandez-buey","tag-jaume-mascaro-pons","tag-jorge-soler-aloma","tag-pedro-castro-Martinez","tag-raul-gabas-pallas"],"_links":{"self":[{"href":"https:\/\/www.deberes.net\/tesis\/wp-json\/wp\/v2\/posts\/19372","targetHints":{"allow":["GET"]}}],"collection":[{"href":"https:\/\/www.deberes.net\/tesis\/wp-json\/wp\/v2\/posts"}],"about":[{"href":"https:\/\/www.deberes.net\/tesis\/wp-json\/wp\/v2\/types\/post"}],"author":[{"embeddable":true,"href":"https:\/\/www.deberes.net\/tesis\/wp-json\/wp\/v2\/users\/1"}],"replies":[{"embeddable":true,"href":"https:\/\/www.deberes.net\/tesis\/wp-json\/wp\/v2\/comments?post=19372"}],"version-history":[{"count":0,"href":"https:\/\/www.deberes.net\/tesis\/wp-json\/wp\/v2\/posts\/19372\/revisions"}],"wp:attachment":[{"href":"https:\/\/www.deberes.net\/tesis\/wp-json\/wp\/v2\/media?parent=19372"}],"wp:term":[{"taxonomy":"category","embeddable":true,"href":"https:\/\/www.deberes.net\/tesis\/wp-json\/wp\/v2\/categories?post=19372"},{"taxonomy":"post_tag","embeddable":true,"href":"https:\/\/www.deberes.net\/tesis\/wp-json\/wp\/v2\/tags?post=19372"}],"curies":[{"name":"wp","href":"https:\/\/api.w.org\/{rel}","templated":true}]}}