{"id":19375,"date":"2002-07-10T00:00:00","date_gmt":"2002-07-10T00:00:00","guid":{"rendered":"https:\/\/www.deberes.net\/tesis\/sin-categoria\/construccion-y-validacion-de-un-instrumento-para-la-medicion-de-la-inteligencia-emocional-en-adolescentes\/"},"modified":"2002-07-10T00:00:00","modified_gmt":"2002-07-10T00:00:00","slug":"construccion-y-validacion-de-un-instrumento-para-la-medicion-de-la-inteligencia-emocional-en-adolescentes","status":"publish","type":"post","link":"https:\/\/www.deberes.net\/tesis\/sin-categoria\/construccion-y-validacion-de-un-instrumento-para-la-medicion-de-la-inteligencia-emocional-en-adolescentes\/","title":{"rendered":"Construcci\u00f3n y validaci\u00f3n de un instrumento para la medici\u00f3n de la inteligencia emocional en adolescentes"},"content":{"rendered":"<h2>Tesis doctoral de <strong>  Villanova Navarro Jos\u00e9 Salvador <\/strong><\/h2>\n<p>El objetivo principal de esta investigaci\u00f3n es construir y validar un instrumento psicom\u00e9trico que sea capaz de medir la inteligencia emocional en adolescentes y que permita aproximarse al estudio de su grado de variabilidad interpersonal, pero que al mismo tiempo sea adaptable a nuestro medio escolar por su brevedad, y que adem\u00e1s sea f\u00e1cil de aplicar, de corregir e incluso de interpretar.  en primer lugar enunciamos los objetivos e hip\u00f3tesis de partida de acuerdo al modelo te\u00f3rico de la inteligencia emocional.  acto seguido procede la construcci\u00f3n de los instrumentos necesarios para la consecuci\u00f3n de nuestros objetivos, adapt\u00e1ndolos a la muestra elegida.  con los datos obtenidos, despu\u00e9s de la aplicaci\u00f3n de los cuestionarios, estudiamos la validez del cuestionario principal en dos vertientes: la validez de contenido por medio de la factorizaci\u00f3n; y la validez criterial analizando hasta qu\u00e9 punto convar\u00edan las puntuaciones que se otorga cada sujeto a s\u00ed mismo con las que le adjudican sus propios compa\u00f1eros y su tutor.  seguidamente analizamos los \u00edndices de fiabilidad de las diferentes escalas del cuestionario principal.  a continuaci\u00f3n efectuamos un estudio sobre las relaciones que presentan las variables deducidas del cuestionario sobre inteligencia emocional para adolescentes entre s\u00ed, con la intenci\u00f3n de dise\u00f1ar un modelo estructural, que las represente gr\u00e1ficamente, para aproximar a la pr\u00e1ctica los resultados te\u00f3ricos de esta investigaci\u00f3n.  por \u00faltimo comprobamos la relaci\u00f3n que mantienen las variables obtenidas a partir del cuestionario principal con otras variables como son la inteligencia racional y el rendimiento acad\u00e9mico. Para terminar con un estudio sobre la variabilidad interpersonal de la inteligencia emocional en funci\u00f3n de las variables sexo y edad en la muestra de adolescentes.<\/p>\n<p>&nbsp;<\/p>\n<h3>Datos acad\u00e9micos de la tesis doctoral \u00ab<strong>Construcci\u00f3n y validaci\u00f3n de un instrumento para la medici\u00f3n de la inteligencia emocional en adolescentes<\/strong>\u00ab<\/h3>\n<ul>\n<li><strong>T\u00edtulo de la tesis:<\/strong>\u00a0 Construcci\u00f3n y validaci\u00f3n de un instrumento para la medici\u00f3n de la inteligencia emocional en adolescentes <\/li>\n<li><strong>Autor:<\/strong>\u00a0  Villanova Navarro Jos\u00e9 Salvador <\/li>\n<li><strong>Universidad:<\/strong>\u00a0 Universitat de val\u00e9ncia (estudi general)<\/li>\n<li><strong>Fecha de lectura de la tesis:<\/strong>\u00a0 07\/10\/2002<\/li>\n<\/ul>\n<p>&nbsp;<\/p>\n<h3>Direcci\u00f3n y tribunal<\/h3>\n<ul>\n<li><strong>Director de la tesis<\/strong>\n<ul>\n<li>Antonio Clemente Carrion<\/li>\n<\/ul>\n<\/li>\n<li><strong>Tribunal<\/strong>\n<ul>\n<li>Presidente del tribunal: adelina Gimeno collado <\/li>\n<li>ramona Rubio herrera (vocal)<\/li>\n<li> Navarro guzm\u00e1n Jos\u00e9 j. (vocal)<\/li>\n<li>Manuel Acosta contreras (vocal)<\/li>\n<\/ul>\n<\/li>\n<\/ul>\n<p>&nbsp;<\/p>\n","protected":false},"excerpt":{"rendered":"<p>Tesis doctoral de Villanova Navarro Jos\u00e9 Salvador El objetivo principal de esta investigaci\u00f3n es construir y validar un instrumento psicom\u00e9trico [&hellip;]<\/p>\n","protected":false},"author":1,"featured_media":0,"comment_status":"open","ping_status":"open","sticky":false,"template":"","format":"standard","meta":{"site-sidebar-layout":"default","site-content-layout":"","ast-site-content-layout":"","site-content-style":"default","site-sidebar-style":"default","ast-global-header-display":"","ast-banner-title-visibility":"","ast-main-header-display":"","ast-hfb-above-header-display":"","ast-hfb-below-header-display":"","ast-hfb-mobile-header-display":"","site-post-title":"","ast-breadcrumbs-content":"","ast-featured-img":"","footer-sml-layout":"","theme-transparent-header-meta":"","adv-header-id-meta":"","stick-header-meta":"","header-above-stick-meta":"","header-main-stick-meta":"","header-below-stick-meta":"","astra-migrate-meta-layouts":"default","ast-page-background-enabled":"default","ast-page-background-meta":{"desktop":{"background-color":"var(--ast-global-color-4)","background-image":"","background-repeat":"repeat","background-position":"center center","background-size":"auto","background-attachment":"scroll","background-type":"","background-media":"","overlay-type":"","overlay-color":"","overlay-gradient":""},"tablet":{"background-color":"","background-image":"","background-repeat":"repeat","background-position":"center center","background-size":"auto","background-attachment":"scroll","background-type":"","background-media":"","overlay-type":"","overlay-color":"","overlay-gradient":""},"mobile":{"background-color":"","background-image":"","background-repeat":"repeat","background-position":"center center","background-size":"auto","background-attachment":"scroll","background-type":"","background-media":"","overlay-type":"","overlay-color":"","overlay-gradient":""}},"ast-content-background-meta":{"desktop":{"background-color":"var(--ast-global-color-5)","background-image":"","background-repeat":"repeat","background-position":"center center","background-size":"auto","background-attachment":"scroll","background-type":"","background-media":"","overlay-type":"","overlay-color":"","overlay-gradient":""},"tablet":{"background-color":"var(--ast-global-color-5)","background-image":"","background-repeat":"repeat","background-position":"center center","background-size":"auto","background-attachment":"scroll","background-type":"","background-media":"","overlay-type":"","overlay-color":"","overlay-gradient":""},"mobile":{"background-color":"var(--ast-global-color-5)","background-image":"","background-repeat":"repeat","background-position":"center center","background-size":"auto","background-attachment":"scroll","background-type":"","background-media":"","overlay-type":"","overlay-color":"","overlay-gradient":""}},"footnotes":""},"categories":[1],"tags":[12055,11385,51394,59546,21712,59545],"class_list":["post-19375","post","type-post","status-publish","format-standard","hentry","category-sin-categoria","tag-adelina-gimeno-collado","tag-antonio-clemente-carrion","tag-manuel-acosta-contreras","tag-navarro-guzman-jose-j","tag-ramona-rubio-herrera","tag-villanova-navarro-jose-salvador"],"_links":{"self":[{"href":"https:\/\/www.deberes.net\/tesis\/wp-json\/wp\/v2\/posts\/19375","targetHints":{"allow":["GET"]}}],"collection":[{"href":"https:\/\/www.deberes.net\/tesis\/wp-json\/wp\/v2\/posts"}],"about":[{"href":"https:\/\/www.deberes.net\/tesis\/wp-json\/wp\/v2\/types\/post"}],"author":[{"embeddable":true,"href":"https:\/\/www.deberes.net\/tesis\/wp-json\/wp\/v2\/users\/1"}],"replies":[{"embeddable":true,"href":"https:\/\/www.deberes.net\/tesis\/wp-json\/wp\/v2\/comments?post=19375"}],"version-history":[{"count":0,"href":"https:\/\/www.deberes.net\/tesis\/wp-json\/wp\/v2\/posts\/19375\/revisions"}],"wp:attachment":[{"href":"https:\/\/www.deberes.net\/tesis\/wp-json\/wp\/v2\/media?parent=19375"}],"wp:term":[{"taxonomy":"category","embeddable":true,"href":"https:\/\/www.deberes.net\/tesis\/wp-json\/wp\/v2\/categories?post=19375"},{"taxonomy":"post_tag","embeddable":true,"href":"https:\/\/www.deberes.net\/tesis\/wp-json\/wp\/v2\/tags?post=19375"}],"curies":[{"name":"wp","href":"https:\/\/api.w.org\/{rel}","templated":true}]}}