{"id":19514,"date":"2018-03-09T09:08:31","date_gmt":"2018-03-09T09:08:31","guid":{"rendered":"https:\/\/www.deberes.net\/tesis\/sin-categoria\/aplicaciones-sinteticas-de-arilsulfonas-pi-deficientes\/"},"modified":"2018-03-09T09:08:31","modified_gmt":"2018-03-09T09:08:31","slug":"aplicaciones-sinteticas-de-arilsulfonas-pi-deficientes","status":"publish","type":"post","link":"https:\/\/www.deberes.net\/tesis\/quimica\/aplicaciones-sinteticas-de-arilsulfonas-pi-deficientes\/","title":{"rendered":"Aplicaciones sint\u00e9ticas de arilsulfonas pi-deficientes"},"content":{"rendered":"<h2>Tesis doctoral de <strong> Montserrat Varea Morcillo <\/strong><\/h2>\n<p>En la memoria se describe la s\u00edntesis de arilsulfonas m-deficientes y su aplicaci\u00f3n en sintesis org\u00e1nica.  &#8211; en la primera parte se estudia la reactividad de x-(arilsulfonil)aletatos de bencino o isopropino en reacciones de alquilaci\u00f3n, eliminaci\u00f3n, ciclaci\u00f3n y desulfonilaci\u00f3n.  &#8211; en la segunda parte se estudia la influencia de los diferentes 2-(arilsulfonil)etanoles m-deficientes en la reacci\u00f3n de protecci\u00f3n y desprotecci\u00f3n de \u00e1cidos carbox\u00edlicos.<\/p>\n<p>&nbsp;<\/p>\n<h3>Datos acad\u00e9micos de la tesis doctoral \u00ab<strong>Aplicaciones sint\u00e9ticas de arilsulfonas pi-deficientes<\/strong>\u00ab<\/h3>\n<ul>\n<li><strong>T\u00edtulo de la tesis:<\/strong>\u00a0 Aplicaciones sint\u00e9ticas de arilsulfonas pi-deficientes <\/li>\n<li><strong>Autor:<\/strong>\u00a0 Montserrat Varea Morcillo <\/li>\n<li><strong>Universidad:<\/strong>\u00a0 Alicante<\/li>\n<li><strong>Fecha de lectura de la tesis:<\/strong>\u00a0 18\/10\/2002<\/li>\n<\/ul>\n<p>&nbsp;<\/p>\n<h3>Direcci\u00f3n y tribunal<\/h3>\n<ul>\n<li><strong>Director de la tesis<\/strong>\n<ul>\n<li>Carmen N\u00e1jera Domingo<\/li>\n<\/ul>\n<\/li>\n<li><strong>Tribunal<\/strong>\n<ul>\n<li>Presidente del tribunal: Miguel \u00e1ngel Yus astiz <\/li>\n<li>mercedes Alvarez domingo (vocal)<\/li>\n<li>arturo San feliciano martin (vocal)<\/li>\n<li>pher Andersson (vocal)<\/li>\n<\/ul>\n<\/li>\n<\/ul>\n<p>&nbsp;<\/p>\n","protected":false},"excerpt":{"rendered":"<p>Tesis doctoral de Montserrat Varea Morcillo En la memoria se describe la s\u00edntesis de arilsulfonas m-deficientes y su aplicaci\u00f3n en [&hellip;]<\/p>\n","protected":false},"author":1,"featured_media":0,"comment_status":"open","ping_status":"open","sticky":false,"template":"","format":"standard","meta":{"site-sidebar-layout":"default","site-content-layout":"","ast-site-content-layout":"","site-content-style":"default","site-sidebar-style":"default","ast-global-header-display":"","ast-banner-title-visibility":"","ast-main-header-display":"","ast-hfb-above-header-display":"","ast-hfb-below-header-display":"","ast-hfb-mobile-header-display":"","site-post-title":"","ast-breadcrumbs-content":"","ast-featured-img":"","footer-sml-layout":"","theme-transparent-header-meta":"","adv-header-id-meta":"","stick-header-meta":"","header-above-stick-meta":"","header-main-stick-meta":"","header-below-stick-meta":"","astra-migrate-meta-layouts":"default","ast-page-background-enabled":"default","ast-page-background-meta":{"desktop":{"background-color":"var(--ast-global-color-4)","background-image":"","background-repeat":"repeat","background-position":"center center","background-size":"auto","background-attachment":"scroll","background-type":"","background-media":"","overlay-type":"","overlay-color":"","overlay-gradient":""},"tablet":{"background-color":"","background-image":"","background-repeat":"repeat","background-position":"center center","background-size":"auto","background-attachment":"scroll","background-type":"","background-media":"","overlay-type":"","overlay-color":"","overlay-gradient":""},"mobile":{"background-color":"","background-image":"","background-repeat":"repeat","background-position":"center center","background-size":"auto","background-attachment":"scroll","background-type":"","background-media":"","overlay-type":"","overlay-color":"","overlay-gradient":""}},"ast-content-background-meta":{"desktop":{"background-color":"var(--ast-global-color-5)","background-image":"","background-repeat":"repeat","background-position":"center center","background-size":"auto","background-attachment":"scroll","background-type":"","background-media":"","overlay-type":"","overlay-color":"","overlay-gradient":""},"tablet":{"background-color":"var(--ast-global-color-5)","background-image":"","background-repeat":"repeat","background-position":"center center","background-size":"auto","background-attachment":"scroll","background-type":"","background-media":"","overlay-type":"","overlay-color":"","overlay-gradient":""},"mobile":{"background-color":"var(--ast-global-color-5)","background-image":"","background-repeat":"repeat","background-position":"center center","background-size":"auto","background-attachment":"scroll","background-type":"","background-media":"","overlay-type":"","overlay-color":"","overlay-gradient":""}},"footnotes":""},"categories":[19166,6775,17,416],"tags":[3425,19243,33523,5623,59894,59895],"class_list":["post-19514","post","type-post","status-publish","format-standard","hentry","category-alicante","category-organometalicos","category-quimica","category-quimica-organica","tag-arturo-san-feliciano-martin","tag-carmen-najera-domingo","tag-mercedes-alvarez-domingo","tag-miguel-angel-yus-astiz","tag-montserrat-varea-morcillo","tag-pher-andersson"],"_links":{"self":[{"href":"https:\/\/www.deberes.net\/tesis\/wp-json\/wp\/v2\/posts\/19514","targetHints":{"allow":["GET"]}}],"collection":[{"href":"https:\/\/www.deberes.net\/tesis\/wp-json\/wp\/v2\/posts"}],"about":[{"href":"https:\/\/www.deberes.net\/tesis\/wp-json\/wp\/v2\/types\/post"}],"author":[{"embeddable":true,"href":"https:\/\/www.deberes.net\/tesis\/wp-json\/wp\/v2\/users\/1"}],"replies":[{"embeddable":true,"href":"https:\/\/www.deberes.net\/tesis\/wp-json\/wp\/v2\/comments?post=19514"}],"version-history":[{"count":0,"href":"https:\/\/www.deberes.net\/tesis\/wp-json\/wp\/v2\/posts\/19514\/revisions"}],"wp:attachment":[{"href":"https:\/\/www.deberes.net\/tesis\/wp-json\/wp\/v2\/media?parent=19514"}],"wp:term":[{"taxonomy":"category","embeddable":true,"href":"https:\/\/www.deberes.net\/tesis\/wp-json\/wp\/v2\/categories?post=19514"},{"taxonomy":"post_tag","embeddable":true,"href":"https:\/\/www.deberes.net\/tesis\/wp-json\/wp\/v2\/tags?post=19514"}],"curies":[{"name":"wp","href":"https:\/\/api.w.org\/{rel}","templated":true}]}}