{"id":19531,"date":"2018-03-09T09:08:32","date_gmt":"2018-03-09T09:08:32","guid":{"rendered":"https:\/\/www.deberes.net\/tesis\/sin-categoria\/la-arquitectura-de-la-ciudad-global-la-huella-sobre-buenos-aires\/"},"modified":"2018-03-09T09:08:32","modified_gmt":"2018-03-09T09:08:32","slug":"la-arquitectura-de-la-ciudad-global-la-huella-sobre-buenos-aires","status":"publish","type":"post","link":"https:\/\/www.deberes.net\/tesis\/sevilla\/la-arquitectura-de-la-ciudad-global-la-huella-sobre-buenos-aires\/","title":{"rendered":"La arquitectura de la ciudad global: la huella sobre buenos aires"},"content":{"rendered":"<h2>Tesis doctoral de <strong> Zaida Mux\u00ed Mart\u00ednez <\/strong><\/h2>\n<p>Desvelar y entender que mecanismos operan sobre la formaci\u00f3n de la ciudad en lo que se ha dado en llamar globalizaci\u00f3n, \u00e9poca que supone un nuevo estadio de desarrollo tecnol\u00f3gico con las consiguientes transformaciones en los \u00e1mbitos sociales, econ\u00f3micos, culturales y pol\u00edticos. Por lo tanto, y como no puede ser de otra manera, la ciudad y la arquitectura han de reflejar estas nuevas variables y condiciones.  las caracter\u00edsticas de la arquitectura de la ciudad del cambio del milenio est\u00e1 en la base de este trabajo de investigaci\u00f3n. La ciudad en un mundo cada vez m\u00e1s urbanizado, no s\u00f3lo en proporci\u00f3n de habitantes sino en superficie ocupada. A la vez aparece el doble discurso de la muerte de la ciudad pero, al mismo tiempo, se construye m\u00e1s que munca algo que se dice ciudad y que se convierte en atractor publicitario y de inversiones. Seg\u00fan estos discursos las ciudades son m\u00e1s peligrosas, pero, a la vez son los centros din\u00e1micos, los motores de esta nueva etapa.  Esta condici\u00f3n parad\u00f3jica hace imprescindible entender su funcionamiento o construcci\u00f3n para que la ficci\u00f3n de los paraisos artificiales construidos en nombre de la ciudad no enmascaren la realidad.<\/p>\n<p>&nbsp;<\/p>\n<h3>Datos acad\u00e9micos de la tesis doctoral \u00ab<strong>La arquitectura de la ciudad global: la huella sobre buenos aires<\/strong>\u00ab<\/h3>\n<ul>\n<li><strong>T\u00edtulo de la tesis:<\/strong>\u00a0 La arquitectura de la ciudad global: la huella sobre buenos aires <\/li>\n<li><strong>Autor:<\/strong>\u00a0 Zaida Mux\u00ed Mart\u00ednez <\/li>\n<li><strong>Universidad:<\/strong>\u00a0 Sevilla<\/li>\n<li><strong>Fecha de lectura de la tesis:<\/strong>\u00a0 18\/10\/2002<\/li>\n<\/ul>\n<p>&nbsp;<\/p>\n<h3>Direcci\u00f3n y tribunal<\/h3>\n<ul>\n<li><strong>Director de la tesis<\/strong>\n<ul>\n<li>Carlos Garc\u00eda V\u00e1zquez<\/li>\n<\/ul>\n<\/li>\n<li><strong>Tribunal<\/strong>\n<ul>\n<li>Presidente del tribunal: Luis Fernandez galiano <\/li>\n<li>carmen Jord\u00e1 sucoy (vocal)<\/li>\n<li>victor Perez escolano (vocal)<\/li>\n<li>ernest Garc\u00eda Garc\u00eda (vocal)<\/li>\n<\/ul>\n<\/li>\n<\/ul>\n<p>&nbsp;<\/p>\n","protected":false},"excerpt":{"rendered":"<p>Tesis doctoral de Zaida Mux\u00ed Mart\u00ednez Desvelar y entender que mecanismos operan sobre la formaci\u00f3n de la ciudad en lo [&hellip;]<\/p>\n","protected":false},"author":1,"featured_media":0,"comment_status":"open","ping_status":"open","sticky":false,"template":"","format":"standard","meta":{"site-sidebar-layout":"default","site-content-layout":"","ast-site-content-layout":"","site-content-style":"default","site-sidebar-style":"default","ast-global-header-display":"","ast-banner-title-visibility":"","ast-main-header-display":"","ast-hfb-above-header-display":"","ast-hfb-below-header-display":"","ast-hfb-mobile-header-display":"","site-post-title":"","ast-breadcrumbs-content":"","ast-featured-img":"","footer-sml-layout":"","theme-transparent-header-meta":"","adv-header-id-meta":"","stick-header-meta":"","header-above-stick-meta":"","header-main-stick-meta":"","header-below-stick-meta":"","astra-migrate-meta-layouts":"default","ast-page-background-enabled":"default","ast-page-background-meta":{"desktop":{"background-color":"var(--ast-global-color-4)","background-image":"","background-repeat":"repeat","background-position":"center center","background-size":"auto","background-attachment":"scroll","background-type":"","background-media":"","overlay-type":"","overlay-color":"","overlay-gradient":""},"tablet":{"background-color":"","background-image":"","background-repeat":"repeat","background-position":"center center","background-size":"auto","background-attachment":"scroll","background-type":"","background-media":"","overlay-type":"","overlay-color":"","overlay-gradient":""},"mobile":{"background-color":"","background-image":"","background-repeat":"repeat","background-position":"center center","background-size":"auto","background-attachment":"scroll","background-type":"","background-media":"","overlay-type":"","overlay-color":"","overlay-gradient":""}},"ast-content-background-meta":{"desktop":{"background-color":"var(--ast-global-color-5)","background-image":"","background-repeat":"repeat","background-position":"center center","background-size":"auto","background-attachment":"scroll","background-type":"","background-media":"","overlay-type":"","overlay-color":"","overlay-gradient":""},"tablet":{"background-color":"var(--ast-global-color-5)","background-image":"","background-repeat":"repeat","background-position":"center center","background-size":"auto","background-attachment":"scroll","background-type":"","background-media":"","overlay-type":"","overlay-color":"","overlay-gradient":""},"mobile":{"background-color":"var(--ast-global-color-5)","background-image":"","background-repeat":"repeat","background-position":"center center","background-size":"auto","background-attachment":"scroll","background-type":"","background-media":"","overlay-type":"","overlay-color":"","overlay-gradient":""}},"footnotes":""},"categories":[10715],"tags":[59939,59941,14190,59940,11230,59938],"class_list":["post-19531","post","type-post","status-publish","format-standard","hentry","category-sevilla","tag-carlos-garcia-vazquez","tag-carmen-jorda-sucoy","tag-ernest-garcia-garcia","tag-luis-fernandez-galiano","tag-victor-perez-escolano","tag-zaida-muxi-Martinez"],"_links":{"self":[{"href":"https:\/\/www.deberes.net\/tesis\/wp-json\/wp\/v2\/posts\/19531","targetHints":{"allow":["GET"]}}],"collection":[{"href":"https:\/\/www.deberes.net\/tesis\/wp-json\/wp\/v2\/posts"}],"about":[{"href":"https:\/\/www.deberes.net\/tesis\/wp-json\/wp\/v2\/types\/post"}],"author":[{"embeddable":true,"href":"https:\/\/www.deberes.net\/tesis\/wp-json\/wp\/v2\/users\/1"}],"replies":[{"embeddable":true,"href":"https:\/\/www.deberes.net\/tesis\/wp-json\/wp\/v2\/comments?post=19531"}],"version-history":[{"count":0,"href":"https:\/\/www.deberes.net\/tesis\/wp-json\/wp\/v2\/posts\/19531\/revisions"}],"wp:attachment":[{"href":"https:\/\/www.deberes.net\/tesis\/wp-json\/wp\/v2\/media?parent=19531"}],"wp:term":[{"taxonomy":"category","embeddable":true,"href":"https:\/\/www.deberes.net\/tesis\/wp-json\/wp\/v2\/categories?post=19531"},{"taxonomy":"post_tag","embeddable":true,"href":"https:\/\/www.deberes.net\/tesis\/wp-json\/wp\/v2\/tags?post=19531"}],"curies":[{"name":"wp","href":"https:\/\/api.w.org\/{rel}","templated":true}]}}