{"id":19542,"date":"2018-03-09T09:08:33","date_gmt":"2018-03-09T09:08:33","guid":{"rendered":"https:\/\/www.deberes.net\/tesis\/sin-categoria\/el-arsenal-de-la-carraca-en-el-siglo-xviii\/"},"modified":"2018-03-09T09:08:33","modified_gmt":"2018-03-09T09:08:33","slug":"el-arsenal-de-la-carraca-en-el-siglo-xviii","status":"publish","type":"post","link":"https:\/\/www.deberes.net\/tesis\/nacional-de-educacion-a-distancia\/el-arsenal-de-la-carraca-en-el-siglo-xviii\/","title":{"rendered":"El arsenal de la carraca en el siglo xviii"},"content":{"rendered":"<h2>Tesis doctoral de <strong> Jos\u00e9 Quintero Gonz\u00e1lez <\/strong><\/h2>\n<p>El arsenal de la carraca en el siglo xviii es el resultado de una investigaci\u00f3n, desarrollada fundamentalmente en el archivo general de simancas, que trata de estudiar globalmente la evoluci\u00f3n del citado complejo naval, analizando, en primer lugar, las causas que propiciaron su nacimiento en el marco de la marina ilustrada y las razones para construirlo sobre un pantanoso islote ubicado al fondo de la bah\u00eda de c\u00e1diz. M\u00e1s adelante se estudia la evoluci\u00f3n del proceso construido con especial atenci\u00f3n a las t\u00e9cnicas empleadas y a las dificultades surgidas en los trabajos.  los cap\u00edtulos iii y iv investigan la construccion naval y el mantenimiento de embarcaciones respectivamente, con particular detenimiento en la aportaci\u00f3n del arsenal al progreso de la marina borb\u00f3nica. Los dos apartados siguientes (cap\u00edtulos v y vi) analizan la procedencia, la adquisici\u00f3n, los procedimientos de labra y elaboraci\u00f3n de materiales como la madera, los betunes, la jarcia, la lona y dem\u00e1s pertrechos elementales para el barco del siglo xviii. Finalmente, el cap\u00edtulo vii dedica unas p\u00e1ginas a los recursos humanos, a las personas que m\u00e1s decididamente se vincularon el arsenal y, finalmente, a la vida en el complejo naval.<\/p>\n<p>&nbsp;<\/p>\n<h3>Datos acad\u00e9micos de la tesis doctoral \u00ab<strong>El arsenal de la carraca en el siglo xviii<\/strong>\u00ab<\/h3>\n<ul>\n<li><strong>T\u00edtulo de la tesis:<\/strong>\u00a0 El arsenal de la carraca en el siglo xviii <\/li>\n<li><strong>Autor:<\/strong>\u00a0 Jos\u00e9 Quintero Gonz\u00e1lez <\/li>\n<li><strong>Universidad:<\/strong>\u00a0 Nacional de educaci\u00f3n a distancia<\/li>\n<li><strong>Fecha de lectura de la tesis:<\/strong>\u00a0 18\/10\/2002<\/li>\n<\/ul>\n<p>&nbsp;<\/p>\n<h3>Direcci\u00f3n y tribunal<\/h3>\n<ul>\n<li><strong>Director de la tesis<\/strong>\n<ul>\n<li>Carlos Martinez Shaw<\/li>\n<\/ul>\n<\/li>\n<li><strong>Tribunal<\/strong>\n<ul>\n<li>Presidente del tribunal: didier Ozanam <\/li>\n<li>pablo Emilio Perez mallaina bueno (vocal)<\/li>\n<li>enrique Mart\u00ednez ruiz (vocal)<\/li>\n<li> S\u00e1nchez bel\u00e9n Juan  Antonio (vocal)<\/li>\n<\/ul>\n<\/li>\n<\/ul>\n<p>&nbsp;<\/p>\n","protected":false},"excerpt":{"rendered":"<p>Tesis doctoral de Jos\u00e9 Quintero Gonz\u00e1lez El arsenal de la carraca en el siglo xviii es el resultado de una [&hellip;]<\/p>\n","protected":false},"author":1,"featured_media":0,"comment_status":"open","ping_status":"open","sticky":false,"template":"","format":"standard","meta":{"site-sidebar-layout":"default","site-content-layout":"","ast-site-content-layout":"","site-content-style":"default","site-sidebar-style":"default","ast-global-header-display":"","ast-banner-title-visibility":"","ast-main-header-display":"","ast-hfb-above-header-display":"","ast-hfb-below-header-display":"","ast-hfb-mobile-header-display":"","site-post-title":"","ast-breadcrumbs-content":"","ast-featured-img":"","footer-sml-layout":"","theme-transparent-header-meta":"","adv-header-id-meta":"","stick-header-meta":"","header-above-stick-meta":"","header-main-stick-meta":"","header-below-stick-meta":"","astra-migrate-meta-layouts":"default","ast-page-background-enabled":"default","ast-page-background-meta":{"desktop":{"background-color":"var(--ast-global-color-4)","background-image":"","background-repeat":"repeat","background-position":"center center","background-size":"auto","background-attachment":"scroll","background-type":"","background-media":"","overlay-type":"","overlay-color":"","overlay-gradient":""},"tablet":{"background-color":"","background-image":"","background-repeat":"repeat","background-position":"center center","background-size":"auto","background-attachment":"scroll","background-type":"","background-media":"","overlay-type":"","overlay-color":"","overlay-gradient":""},"mobile":{"background-color":"","background-image":"","background-repeat":"repeat","background-position":"center center","background-size":"auto","background-attachment":"scroll","background-type":"","background-media":"","overlay-type":"","overlay-color":"","overlay-gradient":""}},"ast-content-background-meta":{"desktop":{"background-color":"var(--ast-global-color-5)","background-image":"","background-repeat":"repeat","background-position":"center center","background-size":"auto","background-attachment":"scroll","background-type":"","background-media":"","overlay-type":"","overlay-color":"","overlay-gradient":""},"tablet":{"background-color":"var(--ast-global-color-5)","background-image":"","background-repeat":"repeat","background-position":"center center","background-size":"auto","background-attachment":"scroll","background-type":"","background-media":"","overlay-type":"","overlay-color":"","overlay-gradient":""},"mobile":{"background-color":"var(--ast-global-color-5)","background-image":"","background-repeat":"repeat","background-position":"center center","background-size":"auto","background-attachment":"scroll","background-type":"","background-media":"","overlay-type":"","overlay-color":"","overlay-gradient":""}},"footnotes":""},"categories":[17070],"tags":[1356,59969,4939,59968,41602,31623],"class_list":["post-19542","post","type-post","status-publish","format-standard","hentry","category-nacional-de-educacion-a-distancia","tag-carlos-Martinez-shaw","tag-didier-ozanam","tag-enrique-Martinez-ruiz","tag-jose-quintero-gonzalez","tag-pablo-emilio-perez-mallaina-bueno","tag-sanchez-belen-juan-antonio"],"_links":{"self":[{"href":"https:\/\/www.deberes.net\/tesis\/wp-json\/wp\/v2\/posts\/19542","targetHints":{"allow":["GET"]}}],"collection":[{"href":"https:\/\/www.deberes.net\/tesis\/wp-json\/wp\/v2\/posts"}],"about":[{"href":"https:\/\/www.deberes.net\/tesis\/wp-json\/wp\/v2\/types\/post"}],"author":[{"embeddable":true,"href":"https:\/\/www.deberes.net\/tesis\/wp-json\/wp\/v2\/users\/1"}],"replies":[{"embeddable":true,"href":"https:\/\/www.deberes.net\/tesis\/wp-json\/wp\/v2\/comments?post=19542"}],"version-history":[{"count":0,"href":"https:\/\/www.deberes.net\/tesis\/wp-json\/wp\/v2\/posts\/19542\/revisions"}],"wp:attachment":[{"href":"https:\/\/www.deberes.net\/tesis\/wp-json\/wp\/v2\/media?parent=19542"}],"wp:term":[{"taxonomy":"category","embeddable":true,"href":"https:\/\/www.deberes.net\/tesis\/wp-json\/wp\/v2\/categories?post=19542"},{"taxonomy":"post_tag","embeddable":true,"href":"https:\/\/www.deberes.net\/tesis\/wp-json\/wp\/v2\/tags?post=19542"}],"curies":[{"name":"wp","href":"https:\/\/api.w.org\/{rel}","templated":true}]}}