{"id":19550,"date":"2018-03-09T09:08:34","date_gmt":"2018-03-09T09:08:34","guid":{"rendered":"https:\/\/www.deberes.net\/tesis\/sin-categoria\/la-informacion-economica-en-la-television-analisis-del-programa-diners\/"},"modified":"2018-03-09T09:08:34","modified_gmt":"2018-03-09T09:08:34","slug":"la-informacion-economica-en-la-television-analisis-del-programa-diners","status":"publish","type":"post","link":"https:\/\/www.deberes.net\/tesis\/opinion-publica\/la-informacion-economica-en-la-television-analisis-del-programa-diners\/","title":{"rendered":"La informaci\u00f3n econ\u00f3mica en la televisi\u00f3n. an\u00e1lisis del programa diners"},"content":{"rendered":"<h2>Tesis doctoral de <strong> Lourdes Ballar\u00edn EnJuan es <\/strong><\/h2>\n<p>El proyecto parte de la base que vivimos inmersos en un modelo de sociedad capitalista en el que todo aquello relacionado con la econom\u00eda interna al ciudadano para integrarse en el mismo. M\u00e1s a\u00fan a ra\u00edz del llamado capitalismo popular o generalizaci\u00f3n de las nuevas formas de ahorro. parad\u00f3jicamente esta realidad no se ha trasladado a la televisi\u00f3n, el medio de comunicaci\u00f3n de masas por excelencia en la actualidad. la investigaci\u00f3n trata de demostrar que a pesar de la crucial importancia de la informaci\u00f3n econ\u00f3mica para la inmensa mayor\u00eda de la poblaci\u00f3n, las televisiones p\u00fablicas en catalunya no le dedican un inter\u00e9s preferente ni le dan el tratamiento adecuado para que sea asequible y atractiva. Se defiende la necesidad de una mayor atenci\u00f3n a estos contenidos, as\u00ed como de centrales en los temas m\u00e1s pr\u00f3ximos al ciudadano en lugar de priorizar aspectos macro y hacerlo utilizando todos los recursos que brinda el canal audiovisual. Es decir, personalizando, humanizando, reduciendo cifras y facilitando la comprensi\u00f3n mediante gr\u00e1ficos y todo tipo de im\u00e1genes para acercar y amenizar esta informaci\u00f3n a priori \u00e1rida y abstracta al p\u00fablico masivo y heterog\u00e9neo de la televisi\u00f3n p\u00fablica.<\/p>\n<p>&nbsp;<\/p>\n<h3>Datos acad\u00e9micos de la tesis doctoral \u00ab<strong>La informaci\u00f3n econ\u00f3mica en la televisi\u00f3n. an\u00e1lisis del programa diners<\/strong>\u00ab<\/h3>\n<ul>\n<li><strong>T\u00edtulo de la tesis:<\/strong>\u00a0 La informaci\u00f3n econ\u00f3mica en la televisi\u00f3n. an\u00e1lisis del programa diners <\/li>\n<li><strong>Autor:<\/strong>\u00a0 Lourdes Ballar\u00edn EnJuan es <\/li>\n<li><strong>Universidad:<\/strong>\u00a0 Pompeu fabra<\/li>\n<li><strong>Fecha de lectura de la tesis:<\/strong>\u00a0 18\/10\/2002<\/li>\n<\/ul>\n<p>&nbsp;<\/p>\n<h3>Direcci\u00f3n y tribunal<\/h3>\n<ul>\n<li><strong>Director de la tesis<\/strong>\n<ul>\n<li>Montserrat Quesada Perez<\/li>\n<\/ul>\n<\/li>\n<li><strong>Tribunal<\/strong>\n<ul>\n<li>Presidente del tribunal: rosario De mateo perez <\/li>\n<li>elisabeth Garc\u00eda altadill (vocal)<\/li>\n<li>Francisco Esteve ramirez (vocal)<\/li>\n<li>magda Sell\u00e9s quintana (vocal)<\/li>\n<\/ul>\n<\/li>\n<\/ul>\n<p>&nbsp;<\/p>\n","protected":false},"excerpt":{"rendered":"<p>Tesis doctoral de Lourdes Ballar\u00edn EnJuan es El proyecto parte de la base que vivimos inmersos en un modelo de [&hellip;]<\/p>\n","protected":false},"author":1,"featured_media":0,"comment_status":"open","ping_status":"open","sticky":false,"template":"","format":"standard","meta":{"site-sidebar-layout":"default","site-content-layout":"","ast-site-content-layout":"","site-content-style":"default","site-sidebar-style":"default","ast-global-header-display":"","ast-banner-title-visibility":"","ast-main-header-display":"","ast-hfb-above-header-display":"","ast-hfb-below-header-display":"","ast-hfb-mobile-header-display":"","site-post-title":"","ast-breadcrumbs-content":"","ast-featured-img":"","footer-sml-layout":"","theme-transparent-header-meta":"","adv-header-id-meta":"","stick-header-meta":"","header-above-stick-meta":"","header-main-stick-meta":"","header-below-stick-meta":"","astra-migrate-meta-layouts":"default","ast-page-background-enabled":"default","ast-page-background-meta":{"desktop":{"background-color":"var(--ast-global-color-4)","background-image":"","background-repeat":"repeat","background-position":"center center","background-size":"auto","background-attachment":"scroll","background-type":"","background-media":"","overlay-type":"","overlay-color":"","overlay-gradient":""},"tablet":{"background-color":"","background-image":"","background-repeat":"repeat","background-position":"center center","background-size":"auto","background-attachment":"scroll","background-type":"","background-media":"","overlay-type":"","overlay-color":"","overlay-gradient":""},"mobile":{"background-color":"","background-image":"","background-repeat":"repeat","background-position":"center center","background-size":"auto","background-attachment":"scroll","background-type":"","background-media":"","overlay-type":"","overlay-color":"","overlay-gradient":""}},"ast-content-background-meta":{"desktop":{"background-color":"var(--ast-global-color-5)","background-image":"","background-repeat":"repeat","background-position":"center center","background-size":"auto","background-attachment":"scroll","background-type":"","background-media":"","overlay-type":"","overlay-color":"","overlay-gradient":""},"tablet":{"background-color":"var(--ast-global-color-5)","background-image":"","background-repeat":"repeat","background-position":"center center","background-size":"auto","background-attachment":"scroll","background-type":"","background-media":"","overlay-type":"","overlay-color":"","overlay-gradient":""},"mobile":{"background-color":"var(--ast-global-color-5)","background-image":"","background-repeat":"repeat","background-position":"center center","background-size":"auto","background-attachment":"scroll","background-type":"","background-media":"","overlay-type":"","overlay-color":"","overlay-gradient":""}},"footnotes":""},"categories":[4840,18712],"tags":[59988,5231,59987,59989,5212,13218],"class_list":["post-19550","post","type-post","status-publish","format-standard","hentry","category-opinion-publica","category-pompeu-fabra","tag-elisabeth-garcia-altadill","tag-francisco-esteve-ramirez","tag-lourdes-ballarin-enjuan-es","tag-magda-selles-quintana","tag-montserrat-quesada-perez","tag-rosario-de-mateo-perez"],"_links":{"self":[{"href":"https:\/\/www.deberes.net\/tesis\/wp-json\/wp\/v2\/posts\/19550","targetHints":{"allow":["GET"]}}],"collection":[{"href":"https:\/\/www.deberes.net\/tesis\/wp-json\/wp\/v2\/posts"}],"about":[{"href":"https:\/\/www.deberes.net\/tesis\/wp-json\/wp\/v2\/types\/post"}],"author":[{"embeddable":true,"href":"https:\/\/www.deberes.net\/tesis\/wp-json\/wp\/v2\/users\/1"}],"replies":[{"embeddable":true,"href":"https:\/\/www.deberes.net\/tesis\/wp-json\/wp\/v2\/comments?post=19550"}],"version-history":[{"count":0,"href":"https:\/\/www.deberes.net\/tesis\/wp-json\/wp\/v2\/posts\/19550\/revisions"}],"wp:attachment":[{"href":"https:\/\/www.deberes.net\/tesis\/wp-json\/wp\/v2\/media?parent=19550"}],"wp:term":[{"taxonomy":"category","embeddable":true,"href":"https:\/\/www.deberes.net\/tesis\/wp-json\/wp\/v2\/categories?post=19550"},{"taxonomy":"post_tag","embeddable":true,"href":"https:\/\/www.deberes.net\/tesis\/wp-json\/wp\/v2\/tags?post=19550"}],"curies":[{"name":"wp","href":"https:\/\/api.w.org\/{rel}","templated":true}]}}