{"id":19560,"date":"2018-03-09T09:08:34","date_gmt":"2018-03-09T09:08:34","guid":{"rendered":"https:\/\/www.deberes.net\/tesis\/sin-categoria\/normatividad-interpretacion-y-praxis-wittgenstein-en-un-giro-hermeneutico-nihilista\/"},"modified":"2018-03-09T09:08:34","modified_gmt":"2018-03-09T09:08:34","slug":"normatividad-interpretacion-y-praxis-wittgenstein-en-un-giro-hermeneutico-nihilista","status":"publish","type":"post","link":"https:\/\/www.deberes.net\/tesis\/salamanca\/normatividad-interpretacion-y-praxis-wittgenstein-en-un-giro-hermeneutico-nihilista\/","title":{"rendered":"Normatividad, interpretaci\u00f3n y praxis: wittgenstein en un giro hermene\u00fatico-nihilista"},"content":{"rendered":"<h2>Tesis doctoral de <strong> Miguel \u00e1ngel Quintana Paz <\/strong><\/h2>\n<p>La pregunta general a la que se enfrenta esta tesis es la pregunta por la normatividad: \u00c2\u00bfqu\u00e9 queremos decir cuando decimos que algo es obligatorio, o que una regla tiene autoridad sobre una determinada pr\u00e1ctica? En primer lugar, se trata de dar respuesta a esta pregunta en general: para ello, se describe y defiende una versi\u00f3n de lo normativo de \u00edndole postmetaf\u00edsica, esto es, dependiente de la acci\u00f3n interpretativa de los agentes humanos implicados. Los argumentos para este primer prop\u00f3sito son, sustancialmente, de estirpe wittgensteiniana; y, para ello, se trata de detectar en diversos textos de ludwig wittgenstein una concepci\u00f3n, cercana a la de la filosof\u00eda hermen\u00e9utica, en la que se subraye la idea de que la interpretaci\u00f3n intersubjetiva es imprescindible para que cualquier instancia pueda llegar a tener autoridad sobre nosotros. A continuaci\u00f3n, en la segunda parte de la tesis, se sugiere una aplicaci\u00f3n de esta idea epistemol\u00f3gica de normatividad a la filosof\u00eda moral y pol\u00edtica contempor\u00e1nea (por as\u00ed decirlo, se tratar\u00eda de ir desde la meta\u00e9tica a la \u00e9tica): y all\u00ed, se encuentra en la idea de reducci\u00f3n de la violencia de gianni vattimo una buena aplicaci\u00f3n a la praxis del programa postmetaf\u00edsico antes defendido con argumentos epistemol\u00f3gicos.<\/p>\n<p>&nbsp;<\/p>\n<h3>Datos acad\u00e9micos de la tesis doctoral \u00ab<strong>Normatividad, interpretaci\u00f3n y praxis: wittgenstein en un giro hermene\u00fatico-nihilista<\/strong>\u00ab<\/h3>\n<ul>\n<li><strong>T\u00edtulo de la tesis:<\/strong>\u00a0 Normatividad, interpretaci\u00f3n y praxis: wittgenstein en un giro hermene\u00fatico-nihilista <\/li>\n<li><strong>Autor:<\/strong>\u00a0 Miguel \u00e1ngel Quintana Paz <\/li>\n<li><strong>Universidad:<\/strong>\u00a0 Salamanca<\/li>\n<li><strong>Fecha de lectura de la tesis:<\/strong>\u00a0 21\/10\/2002<\/li>\n<\/ul>\n<p>&nbsp;<\/p>\n<h3>Direcci\u00f3n y tribunal<\/h3>\n<ul>\n<li><strong>Director de la tesis<\/strong>\n<ul>\n<li>Teresa Lopez De La Vieja Y De La Torre<\/li>\n<\/ul>\n<\/li>\n<li><strong>Tribunal<\/strong>\n<ul>\n<li>Presidente del tribunal: Jos\u00e9 Mar\u00eda Garc\u00eda g\u00f3mez-heras <\/li>\n<li>Fernando Broncano rodriguez (vocal)<\/li>\n<li>isidoro Reguera p\u00e9rez (vocal)<\/li>\n<li>Antonio Valdecantos alcaide (vocal)<\/li>\n<\/ul>\n<\/li>\n<\/ul>\n<p>&nbsp;<\/p>\n","protected":false},"excerpt":{"rendered":"<p>Tesis doctoral de Miguel \u00e1ngel Quintana Paz La pregunta general a la que se enfrenta esta tesis es la pregunta [&hellip;]<\/p>\n","protected":false},"author":1,"featured_media":0,"comment_status":"open","ping_status":"open","sticky":false,"template":"","format":"standard","meta":{"site-sidebar-layout":"default","site-content-layout":"","ast-site-content-layout":"","site-content-style":"default","site-sidebar-style":"default","ast-global-header-display":"","ast-banner-title-visibility":"","ast-main-header-display":"","ast-hfb-above-header-display":"","ast-hfb-below-header-display":"","ast-hfb-mobile-header-display":"","site-post-title":"","ast-breadcrumbs-content":"","ast-featured-img":"","footer-sml-layout":"","theme-transparent-header-meta":"","adv-header-id-meta":"","stick-header-meta":"","header-above-stick-meta":"","header-main-stick-meta":"","header-below-stick-meta":"","astra-migrate-meta-layouts":"default","ast-page-background-enabled":"default","ast-page-background-meta":{"desktop":{"background-color":"var(--ast-global-color-4)","background-image":"","background-repeat":"repeat","background-position":"center center","background-size":"auto","background-attachment":"scroll","background-type":"","background-media":"","overlay-type":"","overlay-color":"","overlay-gradient":""},"tablet":{"background-color":"","background-image":"","background-repeat":"repeat","background-position":"center center","background-size":"auto","background-attachment":"scroll","background-type":"","background-media":"","overlay-type":"","overlay-color":"","overlay-gradient":""},"mobile":{"background-color":"","background-image":"","background-repeat":"repeat","background-position":"center center","background-size":"auto","background-attachment":"scroll","background-type":"","background-media":"","overlay-type":"","overlay-color":"","overlay-gradient":""}},"ast-content-background-meta":{"desktop":{"background-color":"var(--ast-global-color-5)","background-image":"","background-repeat":"repeat","background-position":"center center","background-size":"auto","background-attachment":"scroll","background-type":"","background-media":"","overlay-type":"","overlay-color":"","overlay-gradient":""},"tablet":{"background-color":"var(--ast-global-color-5)","background-image":"","background-repeat":"repeat","background-position":"center center","background-size":"auto","background-attachment":"scroll","background-type":"","background-media":"","overlay-type":"","overlay-color":"","overlay-gradient":""},"mobile":{"background-color":"var(--ast-global-color-5)","background-image":"","background-repeat":"repeat","background-position":"center center","background-size":"auto","background-attachment":"scroll","background-type":"","background-media":"","overlay-type":"","overlay-color":"","overlay-gradient":""}},"footnotes":""},"categories":[9386],"tags":[30237,53171,23979,18379,60007,37488],"class_list":["post-19560","post","type-post","status-publish","format-standard","hentry","category-salamanca","tag-antonio-valdecantos-alcaide","tag-fernando-broncano-rodriguez","tag-isidoro-reguera-perez","tag-jose-maria-garcia-gomez-heras","tag-miguel-angel-quintana-paz","tag-teresa-lopez-de-la-vieja-y-de-la-torre"],"_links":{"self":[{"href":"https:\/\/www.deberes.net\/tesis\/wp-json\/wp\/v2\/posts\/19560","targetHints":{"allow":["GET"]}}],"collection":[{"href":"https:\/\/www.deberes.net\/tesis\/wp-json\/wp\/v2\/posts"}],"about":[{"href":"https:\/\/www.deberes.net\/tesis\/wp-json\/wp\/v2\/types\/post"}],"author":[{"embeddable":true,"href":"https:\/\/www.deberes.net\/tesis\/wp-json\/wp\/v2\/users\/1"}],"replies":[{"embeddable":true,"href":"https:\/\/www.deberes.net\/tesis\/wp-json\/wp\/v2\/comments?post=19560"}],"version-history":[{"count":0,"href":"https:\/\/www.deberes.net\/tesis\/wp-json\/wp\/v2\/posts\/19560\/revisions"}],"wp:attachment":[{"href":"https:\/\/www.deberes.net\/tesis\/wp-json\/wp\/v2\/media?parent=19560"}],"wp:term":[{"taxonomy":"category","embeddable":true,"href":"https:\/\/www.deberes.net\/tesis\/wp-json\/wp\/v2\/categories?post=19560"},{"taxonomy":"post_tag","embeddable":true,"href":"https:\/\/www.deberes.net\/tesis\/wp-json\/wp\/v2\/tags?post=19560"}],"curies":[{"name":"wp","href":"https:\/\/api.w.org\/{rel}","templated":true}]}}