{"id":19571,"date":"2018-03-09T09:08:35","date_gmt":"2018-03-09T09:08:35","guid":{"rendered":"https:\/\/www.deberes.net\/tesis\/sin-categoria\/analisis-de-la-produccion-cienta%c2%adfica-internacional-de-los-dermatologos-espanoles-a-traves-de-medline-1987-2000\/"},"modified":"2018-03-09T09:08:35","modified_gmt":"2018-03-09T09:08:35","slug":"analisis-de-la-produccion-cienta%c2%adfica-internacional-de-los-dermatologos-espanoles-a-traves-de-medline-1987-2000","status":"publish","type":"post","link":"https:\/\/www.deberes.net\/tesis\/sin-categoria\/analisis-de-la-produccion-cienta%c2%adfica-internacional-de-los-dermatologos-espanoles-a-traves-de-medline-1987-2000\/","title":{"rendered":"An\u00e1lisis de la producci\u00f3n cient\u00edfica internacional de los dermat\u00f3logos espa\u00f1oles a trav\u00e9s de medline (1987-2000)"},"content":{"rendered":"<h2>Tesis doctoral de <strong> Isabel Belinchon Romero <\/strong><\/h2>\n<p>Fundamentos  analizar la producci\u00f3n cient\u00edfica internacional de los dermat\u00f3logos de centros e instituciones espa\u00f1olas entre 1987-2000.  m\u00e9todo  se seleccionaron los documentos publicados por dermat\u00f3logos espa\u00f1oles y recogidos en la base de datos medline (webspirs) en el periodo 1987-2000. para la selecci\u00f3n de los documentos aplicamos las palabras spain o espa\u00f1a en el campo de direcci\u00f3n de los autores y se selecci\u00f3n en la revista incluida en la secci\u00f3n dermatology and venereol diseases del jorunal citation report del science citation index y en la dermatology del index medicus. Se excluyeron los documentos en los que no figurara ning\u00fan dermat\u00f3logo entre los autores (n=265). La producci\u00f3n de los documentos durante el periodo se ha analizado seg\u00fan tipo de documentos, \u00e1rea tem\u00e1tica, autores, centro de procedencia y zona geogr\u00e1fica.  resultados  se analizaron 1731 documentos; 1312 (76%) eran documentos citables y 419 (24%) no citables (cartas y editoriales). Desde 1988 hasta el 2000, el n\u00famero anual de documentos publicados pas\u00f3 de 68 documentos a 189 ur2=0,899; p&lt;0,001). La revistas con mayor n\u00famero de documentos son: contact dermatitis (n=231), journal of the american academy of dermatology (n=175) y british journal of dermatology (n=174). El tipo de documentos m\u00e1s frecuentes fue notas cl\u00ednicas (57,9%), seguido de cartas al director (24%) y art\u00edculos originales (2,4%). El \u00e1rea tem\u00e1tica de mayor producci\u00f3n fue dermatolog\u00eda (15,6%), seguido de terap\u00e9utica (14,7%), contacto\/alergia (14,7%). Los autores con mayor n\u00famero de documentos fueron requena l (135; 1,7%), s\u00e1nchez-yus e (111; 1,4) y de-moragas (91; 1,2). Las comunidades aut\u00f3nomas con mayor n\u00famero de documentos absolutos fueron Madrid (401; 30,3%) y catalu\u00f1a 348; 26,7%), tras ponderar por habitantes, producto interior bruto y n\u00famero de dermat\u00f3logos la principal comunidad fue navarra, seguida de Madrid. los centros m\u00e1s productivos fueron hospit<\/p>\n<p>&nbsp;<\/p>\n<h3>Datos acad\u00e9micos de la tesis doctoral \u00ab<strong>An\u00e1lisis de la producci\u00f3n cient\u00edfica internacional de los dermat\u00f3logos espa\u00f1oles a trav\u00e9s de medline (1987-2000)<\/strong>\u00ab<\/h3>\n<ul>\n<li><strong>T\u00edtulo de la tesis:<\/strong>\u00a0 An\u00e1lisis de la producci\u00f3n cient\u00edfica internacional de los dermat\u00f3logos espa\u00f1oles a trav\u00e9s de medline (1987-2000) <\/li>\n<li><strong>Autor:<\/strong>\u00a0 Isabel Belinchon Romero <\/li>\n<li><strong>Universidad:<\/strong>\u00a0 Complutense de Madrid<\/li>\n<li><strong>Fecha de lectura de la tesis:<\/strong>\u00a0 22\/10\/2002<\/li>\n<\/ul>\n<p>&nbsp;<\/p>\n<h3>Direcci\u00f3n y tribunal<\/h3>\n<ul>\n<li><strong>Director de la tesis<\/strong>\n<ul>\n<li>Evaristo S\u00e1nchez Yus<\/li>\n<\/ul>\n<\/li>\n<li><strong>Tribunal<\/strong>\n<ul>\n<li>Presidente del tribunal: diego Gracia guill\u00e9n <\/li>\n<li>amaro Garcia diez (vocal)<\/li>\n<li>Francisco Camacho mart\u00ednez (vocal)<\/li>\n<li>Luis Requena caballero (vocal)<\/li>\n<\/ul>\n<\/li>\n<\/ul>\n<p>&nbsp;<\/p>\n","protected":false},"excerpt":{"rendered":"<p>Tesis doctoral de Isabel Belinchon Romero Fundamentos analizar la producci\u00f3n cient\u00edfica internacional de los dermat\u00f3logos de centros e instituciones espa\u00f1olas [&hellip;]<\/p>\n","protected":false},"author":1,"featured_media":0,"comment_status":"open","ping_status":"open","sticky":false,"template":"","format":"standard","meta":{"site-sidebar-layout":"default","site-content-layout":"","ast-site-content-layout":"","site-content-style":"default","site-sidebar-style":"default","ast-global-header-display":"","ast-banner-title-visibility":"","ast-main-header-display":"","ast-hfb-above-header-display":"","ast-hfb-below-header-display":"","ast-hfb-mobile-header-display":"","site-post-title":"","ast-breadcrumbs-content":"","ast-featured-img":"","footer-sml-layout":"","theme-transparent-header-meta":"","adv-header-id-meta":"","stick-header-meta":"","header-above-stick-meta":"","header-main-stick-meta":"","header-below-stick-meta":"","astra-migrate-meta-layouts":"default","ast-page-background-enabled":"default","ast-page-background-meta":{"desktop":{"background-color":"var(--ast-global-color-4)","background-image":"","background-repeat":"repeat","background-position":"center center","background-size":"auto","background-attachment":"scroll","background-type":"","background-media":"","overlay-type":"","overlay-color":"","overlay-gradient":""},"tablet":{"background-color":"","background-image":"","background-repeat":"repeat","background-position":"center center","background-size":"auto","background-attachment":"scroll","background-type":"","background-media":"","overlay-type":"","overlay-color":"","overlay-gradient":""},"mobile":{"background-color":"","background-image":"","background-repeat":"repeat","background-position":"center center","background-size":"auto","background-attachment":"scroll","background-type":"","background-media":"","overlay-type":"","overlay-color":"","overlay-gradient":""}},"ast-content-background-meta":{"desktop":{"background-color":"var(--ast-global-color-5)","background-image":"","background-repeat":"repeat","background-position":"center center","background-size":"auto","background-attachment":"scroll","background-type":"","background-media":"","overlay-type":"","overlay-color":"","overlay-gradient":""},"tablet":{"background-color":"var(--ast-global-color-5)","background-image":"","background-repeat":"repeat","background-position":"center center","background-size":"auto","background-attachment":"scroll","background-type":"","background-media":"","overlay-type":"","overlay-color":"","overlay-gradient":""},"mobile":{"background-color":"var(--ast-global-color-5)","background-image":"","background-repeat":"repeat","background-position":"center center","background-size":"auto","background-attachment":"scroll","background-type":"","background-media":"","overlay-type":"","overlay-color":"","overlay-gradient":""}},"footnotes":""},"categories":[1],"tags":[38526,4600,15586,3672,60035,42315],"class_list":["post-19571","post","type-post","status-publish","format-standard","hentry","category-sin-categoria","tag-amaro-garcia-diez","tag-diego-gracia-guillen","tag-evaristo-sanchez-yus","tag-francisco-camacho-Martinez","tag-isabel-belinchon-romero","tag-luis-requena-caballero"],"_links":{"self":[{"href":"https:\/\/www.deberes.net\/tesis\/wp-json\/wp\/v2\/posts\/19571","targetHints":{"allow":["GET"]}}],"collection":[{"href":"https:\/\/www.deberes.net\/tesis\/wp-json\/wp\/v2\/posts"}],"about":[{"href":"https:\/\/www.deberes.net\/tesis\/wp-json\/wp\/v2\/types\/post"}],"author":[{"embeddable":true,"href":"https:\/\/www.deberes.net\/tesis\/wp-json\/wp\/v2\/users\/1"}],"replies":[{"embeddable":true,"href":"https:\/\/www.deberes.net\/tesis\/wp-json\/wp\/v2\/comments?post=19571"}],"version-history":[{"count":0,"href":"https:\/\/www.deberes.net\/tesis\/wp-json\/wp\/v2\/posts\/19571\/revisions"}],"wp:attachment":[{"href":"https:\/\/www.deberes.net\/tesis\/wp-json\/wp\/v2\/media?parent=19571"}],"wp:term":[{"taxonomy":"category","embeddable":true,"href":"https:\/\/www.deberes.net\/tesis\/wp-json\/wp\/v2\/categories?post=19571"},{"taxonomy":"post_tag","embeddable":true,"href":"https:\/\/www.deberes.net\/tesis\/wp-json\/wp\/v2\/tags?post=19571"}],"curies":[{"name":"wp","href":"https:\/\/api.w.org\/{rel}","templated":true}]}}