{"id":19591,"date":"2018-03-09T09:08:36","date_gmt":"2018-03-09T09:08:36","guid":{"rendered":"https:\/\/www.deberes.net\/tesis\/sin-categoria\/la-orientacion-al-mercado-en-el-contexto-universitario-espanol-un-analisis-de-sus-antecedentes-moderadores-y-consecuencias\/"},"modified":"2018-03-09T09:08:36","modified_gmt":"2018-03-09T09:08:36","slug":"la-orientacion-al-mercado-en-el-contexto-universitario-espanol-un-analisis-de-sus-antecedentes-moderadores-y-consecuencias","status":"publish","type":"post","link":"https:\/\/www.deberes.net\/tesis\/zaragoza\/la-orientacion-al-mercado-en-el-contexto-universitario-espanol-un-analisis-de-sus-antecedentes-moderadores-y-consecuencias\/","title":{"rendered":"La orientaci\u00f3n al mercado en el contexto universitario espa\u00f1ol: un an\u00e1lisis de sus antecedentes moderadores y consecuencias"},"content":{"rendered":"<h2>Tesis doctoral de <strong>  Lozano Vel\u00e1zquez Francisco Javier <\/strong><\/h2>\n<p>La orientaci\u00f3n al mercado aparece a principios de los a\u00f1os 90 como una alternativa para explicar la obtenci\u00f3n de resultados en las actividades desempe\u00f1adas por las organizaciones.  tomando como punto de partida los fundamentos de esta corriente de investigaci\u00f3n y utilizando como referentes te\u00f3ricos sus enfoques m\u00e1s relevantes, en esta tesis doctoral se realiza una aplicaci\u00f3n emp\u00edrica en un contexto muy particular.: la universidad p\u00fablica en espa\u00f1a, \u00e1mbito en el que en los \u00faltimos tiempos han aparecido diversos factores de competencia que justifican la adopci\u00f3n de estrategias de orientaci\u00f3n al mercado.  no obstante, y puesto que la actividad desempe\u00f1ada en la universidad p\u00fablica no tiene un car\u00e1cter \u00ablucrativo\u00bb o \u00abcomercial\u00bb, previamente se dise\u00f1a un marco te\u00f3rico a trav\u00e9s del cual se establecen las premisas que permiten dise\u00f1ar unas escalas de medida con las que configurar el cuestionario utilizado en el trabajo de campo. Dicho cuestionario se utiliz\u00f3 para realizar una encuesta dirigida a los profesores universitarios que forman el \u00e1rea de conocimiento de comercializaci\u00f3n e investigaci\u00f3n de mercados en la universidad p\u00fablica espa\u00f1ola.  tras analizar las propiedades de las escalas de medida y analizar sus propiedades psicom\u00e9tricas, se establecen diversos modelos de ecuaciones estructurales que permiten contrastar las hip\u00f3tesis planteadas en el trabajo y que relacionan los diferentes conceptos te\u00f3ricos considerados: orientaci\u00f3n al mercado actitudinal, orientaci\u00f3n al mercado comportamental, resultados obtenidos por el profesorado (docencia, investigaci\u00f3n y extensi\u00f3n), e influencia de los factores antecedentes derivados del funcionamiento del departamento universitario de pertenencia del profesorado. Finalmente, mediante modelos de regresiones moderados, se analiza tambi\u00e9n el papel desempe\u00f1ado por los factores moderados que configuran el entorno universitario y que ejercen influencias en la actitud y en<\/p>\n<p>&nbsp;<\/p>\n<h3>Datos acad\u00e9micos de la tesis doctoral \u00ab<strong>La orientaci\u00f3n al mercado en el contexto universitario espa\u00f1ol: un an\u00e1lisis de sus antecedentes moderadores y consecuencias<\/strong>\u00ab<\/h3>\n<ul>\n<li><strong>T\u00edtulo de la tesis:<\/strong>\u00a0 La orientaci\u00f3n al mercado en el contexto universitario espa\u00f1ol: un an\u00e1lisis de sus antecedentes moderadores y consecuencias <\/li>\n<li><strong>Autor:<\/strong>\u00a0  Lozano Vel\u00e1zquez Francisco Javier <\/li>\n<li><strong>Universidad:<\/strong>\u00a0 Zaragoza<\/li>\n<li><strong>Fecha de lectura de la tesis:<\/strong>\u00a0 23\/10\/2002<\/li>\n<\/ul>\n<p>&nbsp;<\/p>\n<h3>Direcci\u00f3n y tribunal<\/h3>\n<ul>\n<li><strong>Director de la tesis<\/strong>\n<ul>\n<li>Carlos Flavi\u00e1n Blanco<\/li>\n<\/ul>\n<\/li>\n<li><strong>Tribunal<\/strong>\n<ul>\n<li>Presidente del tribunal: yolanda Polo redondo <\/li>\n<li> Moliner tena Miguel \u00e1ngel (vocal)<\/li>\n<li>rodolfo Vazquez casielles (vocal)<\/li>\n<li>amparo Cervera taulet (vocal)<\/li>\n<\/ul>\n<\/li>\n<\/ul>\n<p>&nbsp;<\/p>\n","protected":false},"excerpt":{"rendered":"<p>Tesis doctoral de Lozano Vel\u00e1zquez Francisco Javier La orientaci\u00f3n al mercado aparece a principios de los a\u00f1os 90 como una [&hellip;]<\/p>\n","protected":false},"author":1,"featured_media":0,"comment_status":"open","ping_status":"open","sticky":false,"template":"","format":"standard","meta":{"site-sidebar-layout":"default","site-content-layout":"","ast-site-content-layout":"","site-content-style":"default","site-sidebar-style":"default","ast-global-header-display":"","ast-banner-title-visibility":"","ast-main-header-display":"","ast-hfb-above-header-display":"","ast-hfb-below-header-display":"","ast-hfb-mobile-header-display":"","site-post-title":"","ast-breadcrumbs-content":"","ast-featured-img":"","footer-sml-layout":"","theme-transparent-header-meta":"","adv-header-id-meta":"","stick-header-meta":"","header-above-stick-meta":"","header-main-stick-meta":"","header-below-stick-meta":"","astra-migrate-meta-layouts":"default","ast-page-background-enabled":"default","ast-page-background-meta":{"desktop":{"background-color":"var(--ast-global-color-4)","background-image":"","background-repeat":"repeat","background-position":"center center","background-size":"auto","background-attachment":"scroll","background-type":"","background-media":"","overlay-type":"","overlay-color":"","overlay-gradient":""},"tablet":{"background-color":"","background-image":"","background-repeat":"repeat","background-position":"center center","background-size":"auto","background-attachment":"scroll","background-type":"","background-media":"","overlay-type":"","overlay-color":"","overlay-gradient":""},"mobile":{"background-color":"","background-image":"","background-repeat":"repeat","background-position":"center center","background-size":"auto","background-attachment":"scroll","background-type":"","background-media":"","overlay-type":"","overlay-color":"","overlay-gradient":""}},"ast-content-background-meta":{"desktop":{"background-color":"var(--ast-global-color-5)","background-image":"","background-repeat":"repeat","background-position":"center center","background-size":"auto","background-attachment":"scroll","background-type":"","background-media":"","overlay-type":"","overlay-color":"","overlay-gradient":""},"tablet":{"background-color":"var(--ast-global-color-5)","background-image":"","background-repeat":"repeat","background-position":"center center","background-size":"auto","background-attachment":"scroll","background-type":"","background-media":"","overlay-type":"","overlay-color":"","overlay-gradient":""},"mobile":{"background-color":"var(--ast-global-color-5)","background-image":"","background-repeat":"repeat","background-position":"center center","background-size":"auto","background-attachment":"scroll","background-type":"","background-media":"","overlay-type":"","overlay-color":"","overlay-gradient":""}},"footnotes":""},"categories":[13610],"tags":[60085,60084,60083,32707,7664,6180],"class_list":["post-19591","post","type-post","status-publish","format-standard","hentry","category-zaragoza","tag-amparo-cervera-taulet","tag-carlos-flavian-blanco","tag-lozano-velazquez-francisco-javier","tag-moliner-tena-miguel-angel","tag-rodolfo-vazquez-casielles","tag-yolanda-polo-redondo"],"_links":{"self":[{"href":"https:\/\/www.deberes.net\/tesis\/wp-json\/wp\/v2\/posts\/19591","targetHints":{"allow":["GET"]}}],"collection":[{"href":"https:\/\/www.deberes.net\/tesis\/wp-json\/wp\/v2\/posts"}],"about":[{"href":"https:\/\/www.deberes.net\/tesis\/wp-json\/wp\/v2\/types\/post"}],"author":[{"embeddable":true,"href":"https:\/\/www.deberes.net\/tesis\/wp-json\/wp\/v2\/users\/1"}],"replies":[{"embeddable":true,"href":"https:\/\/www.deberes.net\/tesis\/wp-json\/wp\/v2\/comments?post=19591"}],"version-history":[{"count":0,"href":"https:\/\/www.deberes.net\/tesis\/wp-json\/wp\/v2\/posts\/19591\/revisions"}],"wp:attachment":[{"href":"https:\/\/www.deberes.net\/tesis\/wp-json\/wp\/v2\/media?parent=19591"}],"wp:term":[{"taxonomy":"category","embeddable":true,"href":"https:\/\/www.deberes.net\/tesis\/wp-json\/wp\/v2\/categories?post=19591"},{"taxonomy":"post_tag","embeddable":true,"href":"https:\/\/www.deberes.net\/tesis\/wp-json\/wp\/v2\/tags?post=19591"}],"curies":[{"name":"wp","href":"https:\/\/api.w.org\/{rel}","templated":true}]}}