{"id":19603,"date":"2018-03-09T09:08:37","date_gmt":"2018-03-09T09:08:37","guid":{"rendered":"https:\/\/www.deberes.net\/tesis\/sin-categoria\/prevalencia-y-factores-relacionados-con-asma-bronquial-sensibilizacion-alergica-y-hiperreactividad-bronquial-en-escolares-de-10-y-11-anos-de-almeria-capital-proyecto-i-s-a-a-c-fase-ii\/"},"modified":"2018-03-09T09:08:37","modified_gmt":"2018-03-09T09:08:37","slug":"prevalencia-y-factores-relacionados-con-asma-bronquial-sensibilizacion-alergica-y-hiperreactividad-bronquial-en-escolares-de-10-y-11-anos-de-almeria-capital-proyecto-i-s-a-a-c-fase-ii","status":"publish","type":"post","link":"https:\/\/www.deberes.net\/tesis\/ciencias-medicas\/prevalencia-y-factores-relacionados-con-asma-bronquial-sensibilizacion-alergica-y-hiperreactividad-bronquial-en-escolares-de-10-y-11-anos-de-almeria-capital-proyecto-i-s-a-a-c-fase-ii\/","title":{"rendered":"PreValencia y factores relacionados con asma bronquial, sensibilizaci\u00f3n al\u00e9rgica y hiperreactividad bronquial en escolares de 10 y 11 a\u00f1os de almeria capital. proyecto i.s.a.a.c. fase ii"},"content":{"rendered":"<h2>Tesis doctoral de <strong> Jeronimo Javier Momblan De Cabo <\/strong><\/h2>\n<p>El proyecto de tesis se corresponde con la 2\u00aa fase del proyecto i.S.A.A.C. en este caso se pretende como objetivo definir la preValencia y factores relacionados con asma bronquial en ni\u00f1os de 10 y 11 a\u00f1os de la provincia de almer\u00eda.  se estudiaron 1.156 ni\u00f1os. De ellos 104 sibilancias en el \u00faltimo a\u00f1os y 105 sin sibilancias en el \u00faltimo a\u00f1o. A todos se les aplica:  a,- cuestionario  b,- prick cut\u00e1neo  c,- examen clinico  d,- test de provocaci\u00f3n con suero salino  e,- anal\u00edtica b\u00e1sica de orina  se emple\u00f3 una metodolog\u00eda estad\u00edstica que incluye test de x2, regresi\u00f3n log\u00edstica y an\u00e1lisis descriptivo de los datos.  consecuencia de los resultados m\u00e1s relevantes se obtuvieron las siguientes conclusiones:  con el inicio del proyecto i.S.A.A.C., En 1992 se comenz\u00f3 una nueva etapa en el conocimiento del asma y enfermedades al\u00e9rgicas en el ni\u00f1o, ya que se trata de estudios de gran potencia epidemiol\u00f3gica con una metodolog\u00eda com\u00fan, que permitir\u00e1 conocer analog\u00edas y diferencias entre distintas \u00e1reas geogr\u00e1ficas.  cundo se desarrollan estos estudios y se contrastan sus resultados, la nueva estructura del pensamiento m\u00e9dico (pediatr\u00eda basada en la evidencia) podr\u00e1 definir aspectos puntuales y determinantes de estas enfermedades. lo que sin duda ser\u00e1 esencial para mejorar el abordaje cl\u00ednico del problema.<\/p>\n<p>&nbsp;<\/p>\n<h3>Datos acad\u00e9micos de la tesis doctoral \u00ab<strong>PreValencia y factores relacionados con asma bronquial, sensibilizaci\u00f3n al\u00e9rgica y hiperreactividad bronquial en escolares de 10 y 11 a\u00f1os de almeria capital. proyecto i.s.a.a.c. fase ii<\/strong>\u00ab<\/h3>\n<ul>\n<li><strong>T\u00edtulo de la tesis:<\/strong>\u00a0 PreValencia y factores relacionados con asma bronquial, sensibilizaci\u00f3n al\u00e9rgica y hiperreactividad bronquial en escolares de 10 y 11 a\u00f1os de almeria capital. proyecto i.s.a.a.c. fase ii <\/li>\n<li><strong>Autor:<\/strong>\u00a0 Jeronimo Javier Momblan De Cabo <\/li>\n<li><strong>Universidad:<\/strong>\u00a0 Granada<\/li>\n<li><strong>Fecha de lectura de la tesis:<\/strong>\u00a0 24\/10\/2002<\/li>\n<\/ul>\n<p>&nbsp;<\/p>\n<h3>Direcci\u00f3n y tribunal<\/h3>\n<ul>\n<li><strong>Director de la tesis<\/strong>\n<ul>\n<li>Antonio Mu\u00f1oz Hoyos<\/li>\n<\/ul>\n<\/li>\n<li><strong>Tribunal<\/strong>\n<ul>\n<li>Presidente del tribunal: gabriel Galdo mu\u00f1oz <\/li>\n<li>eduardo Gonz\u00e1lez p\u00e9rez-yarza (vocal)<\/li>\n<li>maximo Martinez g\u00f3mez (vocal)<\/li>\n<li>Luis vicente Garcia-marcos alvarez (vocal)<\/li>\n<\/ul>\n<\/li>\n<\/ul>\n<p>&nbsp;<\/p>\n","protected":false},"excerpt":{"rendered":"<p>Tesis doctoral de Jeronimo Javier Momblan De Cabo El proyecto de tesis se corresponde con la 2\u00aa fase del proyecto [&hellip;]<\/p>\n","protected":false},"author":1,"featured_media":0,"comment_status":"open","ping_status":"open","sticky":false,"template":"","format":"standard","meta":{"site-sidebar-layout":"default","site-content-layout":"","ast-site-content-layout":"","site-content-style":"default","site-sidebar-style":"default","ast-global-header-display":"","ast-banner-title-visibility":"","ast-main-header-display":"","ast-hfb-above-header-display":"","ast-hfb-below-header-display":"","ast-hfb-mobile-header-display":"","site-post-title":"","ast-breadcrumbs-content":"","ast-featured-img":"","footer-sml-layout":"","theme-transparent-header-meta":"","adv-header-id-meta":"","stick-header-meta":"","header-above-stick-meta":"","header-main-stick-meta":"","header-below-stick-meta":"","astra-migrate-meta-layouts":"default","ast-page-background-enabled":"default","ast-page-background-meta":{"desktop":{"background-color":"var(--ast-global-color-4)","background-image":"","background-repeat":"repeat","background-position":"center center","background-size":"auto","background-attachment":"scroll","background-type":"","background-media":"","overlay-type":"","overlay-color":"","overlay-gradient":""},"tablet":{"background-color":"","background-image":"","background-repeat":"repeat","background-position":"center center","background-size":"auto","background-attachment":"scroll","background-type":"","background-media":"","overlay-type":"","overlay-color":"","overlay-gradient":""},"mobile":{"background-color":"","background-image":"","background-repeat":"repeat","background-position":"center center","background-size":"auto","background-attachment":"scroll","background-type":"","background-media":"","overlay-type":"","overlay-color":"","overlay-gradient":""}},"ast-content-background-meta":{"desktop":{"background-color":"var(--ast-global-color-5)","background-image":"","background-repeat":"repeat","background-position":"center center","background-size":"auto","background-attachment":"scroll","background-type":"","background-media":"","overlay-type":"","overlay-color":"","overlay-gradient":""},"tablet":{"background-color":"var(--ast-global-color-5)","background-image":"","background-repeat":"repeat","background-position":"center center","background-size":"auto","background-attachment":"scroll","background-type":"","background-media":"","overlay-type":"","overlay-color":"","overlay-gradient":""},"mobile":{"background-color":"var(--ast-global-color-5)","background-image":"","background-repeat":"repeat","background-position":"center center","background-size":"auto","background-attachment":"scroll","background-type":"","background-media":"","overlay-type":"","overlay-color":"","overlay-gradient":""}},"footnotes":""},"categories":[1957,155,9,156,161],"tags":[3393,13258,20784,60110,47478,60111],"class_list":["post-19603","post","type-post","status-publish","format-standard","hentry","category-alergias","category-ciencias-clinicas","category-ciencias-medicas","category-patologia","category-pediatria","tag-antonio-munoz-hoyos","tag-eduardo-gonzalez-perez-yarza","tag-gabriel-galdo-munoz","tag-jeronimo-javier-momblan-de-cabo","tag-luis-vicente-garcia-marcos-alvarez","tag-maximo-Martinez-gomez"],"_links":{"self":[{"href":"https:\/\/www.deberes.net\/tesis\/wp-json\/wp\/v2\/posts\/19603","targetHints":{"allow":["GET"]}}],"collection":[{"href":"https:\/\/www.deberes.net\/tesis\/wp-json\/wp\/v2\/posts"}],"about":[{"href":"https:\/\/www.deberes.net\/tesis\/wp-json\/wp\/v2\/types\/post"}],"author":[{"embeddable":true,"href":"https:\/\/www.deberes.net\/tesis\/wp-json\/wp\/v2\/users\/1"}],"replies":[{"embeddable":true,"href":"https:\/\/www.deberes.net\/tesis\/wp-json\/wp\/v2\/comments?post=19603"}],"version-history":[{"count":0,"href":"https:\/\/www.deberes.net\/tesis\/wp-json\/wp\/v2\/posts\/19603\/revisions"}],"wp:attachment":[{"href":"https:\/\/www.deberes.net\/tesis\/wp-json\/wp\/v2\/media?parent=19603"}],"wp:term":[{"taxonomy":"category","embeddable":true,"href":"https:\/\/www.deberes.net\/tesis\/wp-json\/wp\/v2\/categories?post=19603"},{"taxonomy":"post_tag","embeddable":true,"href":"https:\/\/www.deberes.net\/tesis\/wp-json\/wp\/v2\/tags?post=19603"}],"curies":[{"name":"wp","href":"https:\/\/api.w.org\/{rel}","templated":true}]}}