{"id":19625,"date":"2018-03-09T09:08:39","date_gmt":"2018-03-09T09:08:39","guid":{"rendered":"https:\/\/www.deberes.net\/tesis\/sin-categoria\/la-teoria-de-la-oralidad\/"},"modified":"2018-03-09T09:08:39","modified_gmt":"2018-03-09T09:08:39","slug":"la-teoria-de-la-oralidad","status":"publish","type":"post","link":"https:\/\/www.deberes.net\/tesis\/linguistica\/la-teoria-de-la-oralidad\/","title":{"rendered":"La teor\u00eda de la oralidad"},"content":{"rendered":"<h2>Tesis doctoral de <strong> Mar\u00eda  Dolores Abascal Vicente <\/strong><\/h2>\n<p>Esta investigaci\u00f3n se propone reconstruir el pensamiento sobre la oralidad elaborado en el seno de diferentes disciplinas (antiguas y modernas); ling\u00ed\u00bc\u00edsticas y no ling\u00ed\u00bc\u00edsticas) y construir una noci\u00f3n de oralidad que integre las miradas parciales ofrecidas por cada una de ellas.  la primera parte, \u00abla categor\u00eda de oralidad\u00bb, trata de determinar y definir la oralidad de todo su volumen. Tras constatar la indefinici\u00f3n del t\u00e9rmino en el \u00e1mbito de la ling\u00ed\u00bc\u00edstica, se revisa el modo en que se ha contemplado la oposici\u00f3n oralidad\/escritura y se construye una noci\u00f3n de oralidad mediante una visi\u00f3n transversal a trav\u00e9s de las disciplinas. Se atiende despu\u00e9s a la historia de la oralidad y, finalmente a la categor\u00eda de voz, fundamentalmente en la abstracci\u00f3n que presenta el concepto de oralidad.  en las partes segunda y tercera se analizan separadamente las contribuciones de las diferentes disciplinas a la explicaci\u00f3n de la oralidad. La segunda est\u00e1 dedicada a la reconstrucci\u00f3n de la teor\u00eda de la oralidad que suybace en los textos de la ret\u00f3rica antigua, y se completa con el an\u00e1lisis de obras ret\u00f3ricas posteriores que muestran las pervivencia y adaptaci\u00f3n de la doctrina cl\u00e1sica sobre la pronunciaci\u00f3n del discurso en el \u00e1mbito de la educaci\u00f3n. La tercer parte trata primero la aportaci\u00f3n de las disciplinas no ling\u00ed\u00bc\u00edsticas: filosof\u00eda, antropolog\u00eda, sociolog\u00eda e historiograf\u00eda. despu\u00e9s se revisan las aportaciones de las ciencias del lenguaje: teor\u00eda literaria, ling\u00ed\u00bc\u00edstica general, fon\u00e9tica, pragm\u00e1tica, semi\u00f3tica (y otros estudios sobre la comunicaci\u00f3n no verbal) y ling\u00ed\u00bc\u00edstica del texto y el discurso, principalmente.  las conclusiones presentan una s\u00edntesis de lo que ha sido la historia de la reflexi\u00f3n sobre la oralidad y unos cuadros, fundados en el an\u00e1lisis realizado, que pretenden sintetizar los aspectos que intervienen en \u00e9sta y ofrecer una explicaci\u00f3n general de su funcionamiento.<\/p>\n<p>&nbsp;<\/p>\n<h3>Datos acad\u00e9micos de la tesis doctoral \u00ab<strong>La teor\u00eda de la oralidad<\/strong>\u00ab<\/h3>\n<ul>\n<li><strong>T\u00edtulo de la tesis:<\/strong>\u00a0 La teor\u00eda de la oralidad <\/li>\n<li><strong>Autor:<\/strong>\u00a0 Mar\u00eda  Dolores Abascal Vicente <\/li>\n<li><strong>Universidad:<\/strong>\u00a0 Alicante<\/li>\n<li><strong>Fecha de lectura de la tesis:<\/strong>\u00a0 25\/10\/2002<\/li>\n<\/ul>\n<p>&nbsp;<\/p>\n<h3>Direcci\u00f3n y tribunal<\/h3>\n<ul>\n<li><strong>Director de la tesis<\/strong>\n<ul>\n<li>Pedro Aull\u00f3n De Haro<\/li>\n<\/ul>\n<\/li>\n<li><strong>Tribunal<\/strong>\n<ul>\n<li>Presidente del tribunal:  De molina redondo  Jos\u00e9 andres <\/li>\n<li>Francisco Diaz montesinos (vocal)<\/li>\n<li>Juan  Andr\u00e9s Villena ponsoda (vocal)<\/li>\n<li> Jim\u00e9nez ruiz Juan  Luis (vocal)<\/li>\n<\/ul>\n<\/li>\n<\/ul>\n<p>&nbsp;<\/p>\n","protected":false},"excerpt":{"rendered":"<p>Tesis doctoral de Mar\u00eda Dolores Abascal Vicente Esta investigaci\u00f3n se propone reconstruir el pensamiento sobre la oralidad elaborado en el [&hellip;]<\/p>\n","protected":false},"author":1,"featured_media":0,"comment_status":"open","ping_status":"open","sticky":false,"template":"","format":"standard","meta":{"site-sidebar-layout":"default","site-content-layout":"","ast-site-content-layout":"","site-content-style":"default","site-sidebar-style":"default","ast-global-header-display":"","ast-banner-title-visibility":"","ast-main-header-display":"","ast-hfb-above-header-display":"","ast-hfb-below-header-display":"","ast-hfb-mobile-header-display":"","site-post-title":"","ast-breadcrumbs-content":"","ast-featured-img":"","footer-sml-layout":"","theme-transparent-header-meta":"","adv-header-id-meta":"","stick-header-meta":"","header-above-stick-meta":"","header-main-stick-meta":"","header-below-stick-meta":"","astra-migrate-meta-layouts":"default","ast-page-background-enabled":"default","ast-page-background-meta":{"desktop":{"background-color":"var(--ast-global-color-4)","background-image":"","background-repeat":"repeat","background-position":"center center","background-size":"auto","background-attachment":"scroll","background-type":"","background-media":"","overlay-type":"","overlay-color":"","overlay-gradient":""},"tablet":{"background-color":"","background-image":"","background-repeat":"repeat","background-position":"center center","background-size":"auto","background-attachment":"scroll","background-type":"","background-media":"","overlay-type":"","overlay-color":"","overlay-gradient":""},"mobile":{"background-color":"","background-image":"","background-repeat":"repeat","background-position":"center center","background-size":"auto","background-attachment":"scroll","background-type":"","background-media":"","overlay-type":"","overlay-color":"","overlay-gradient":""}},"ast-content-background-meta":{"desktop":{"background-color":"var(--ast-global-color-5)","background-image":"","background-repeat":"repeat","background-position":"center center","background-size":"auto","background-attachment":"scroll","background-type":"","background-media":"","overlay-type":"","overlay-color":"","overlay-gradient":""},"tablet":{"background-color":"var(--ast-global-color-5)","background-image":"","background-repeat":"repeat","background-position":"center center","background-size":"auto","background-attachment":"scroll","background-type":"","background-media":"","overlay-type":"","overlay-color":"","overlay-gradient":""},"mobile":{"background-color":"var(--ast-global-color-5)","background-image":"","background-repeat":"repeat","background-position":"center center","background-size":"auto","background-attachment":"scroll","background-type":"","background-media":"","overlay-type":"","overlay-color":"","overlay-gradient":""}},"footnotes":""},"categories":[19166,147,59,62,576,628,3016],"tags":[1517,39378,55966,7988,60159,24853],"class_list":["post-19625","post","type-post","status-publish","format-standard","hentry","category-alicante","category-ciencias-de-las-artes-y-las-letras","category-linguistica","category-linguistica-sincronica","category-retorica","category-teoria-analisis-y-critica-literarios","category-teoria-linguistica","tag-de-molina-redondo-jose-andres","tag-francisco-diaz-montesinos","tag-jimenez-ruiz-juan-luis","tag-juan-andres-villena-ponsoda","tag-maria-dolores-abascal-vicente","tag-pedro-aullon-de-haro"],"_links":{"self":[{"href":"https:\/\/www.deberes.net\/tesis\/wp-json\/wp\/v2\/posts\/19625","targetHints":{"allow":["GET"]}}],"collection":[{"href":"https:\/\/www.deberes.net\/tesis\/wp-json\/wp\/v2\/posts"}],"about":[{"href":"https:\/\/www.deberes.net\/tesis\/wp-json\/wp\/v2\/types\/post"}],"author":[{"embeddable":true,"href":"https:\/\/www.deberes.net\/tesis\/wp-json\/wp\/v2\/users\/1"}],"replies":[{"embeddable":true,"href":"https:\/\/www.deberes.net\/tesis\/wp-json\/wp\/v2\/comments?post=19625"}],"version-history":[{"count":0,"href":"https:\/\/www.deberes.net\/tesis\/wp-json\/wp\/v2\/posts\/19625\/revisions"}],"wp:attachment":[{"href":"https:\/\/www.deberes.net\/tesis\/wp-json\/wp\/v2\/media?parent=19625"}],"wp:term":[{"taxonomy":"category","embeddable":true,"href":"https:\/\/www.deberes.net\/tesis\/wp-json\/wp\/v2\/categories?post=19625"},{"taxonomy":"post_tag","embeddable":true,"href":"https:\/\/www.deberes.net\/tesis\/wp-json\/wp\/v2\/tags?post=19625"}],"curies":[{"name":"wp","href":"https:\/\/api.w.org\/{rel}","templated":true}]}}