{"id":19637,"date":"2018-03-09T09:08:40","date_gmt":"2018-03-09T09:08:40","guid":{"rendered":"https:\/\/www.deberes.net\/tesis\/sin-categoria\/la-discapacidad-como-estigma-un-analisis-interpersonal-e-intergrupal-de-la-situacion-de-desempleo-de-las-personas-con-discapacidad\/"},"modified":"2018-03-09T09:08:40","modified_gmt":"2018-03-09T09:08:40","slug":"la-discapacidad-como-estigma-un-analisis-interpersonal-e-intergrupal-de-la-situacion-de-desempleo-de-las-personas-con-discapacidad","status":"publish","type":"post","link":"https:\/\/www.deberes.net\/tesis\/psicologia\/la-discapacidad-como-estigma-un-analisis-interpersonal-e-intergrupal-de-la-situacion-de-desempleo-de-las-personas-con-discapacidad\/","title":{"rendered":"La discapacidad como estigma: un an\u00e1lisis interpersonal e intergrupal de la situaci\u00f3n de desempleo de las personas con discapacidad"},"content":{"rendered":"<h2>Tesis doctoral de <strong> Josefa Ruiz Romero <\/strong><\/h2>\n<p>La presente investigaci\u00f3n tiene como objetivo central el an\u00e1lisis psicosocial de la situaci\u00f3n de desemplo de las personas con discapacidad. Se concibe la discapacidad como estigma social, y por ello, se plantea la existencia de un paralelismo entre la experiencia del discapacitado y la de otros grupos minoritarios de nuestra sociedad como mujeres o minor\u00edas \u00e9tnicas.  se realizaron 3 estudios en los que se pretend\u00eda analizar, por un lado, el afrontamiento de una muestra de personas con discapacidad f\u00edsicas ante su situaci\u00f3n de desempleo, por otro, las actitudes y reacciones de las personas sin discapacidad hacia la implantaci\u00f3n de pol\u00edticas sociales de acci\u00f3n positiva a favor de la inserci\u00f3n laboral de las personas con discapacidad.  en el primer estudio se aplicaron las teor\u00edas sobre el afrontamiento del estr\u00e9s y las teor\u00edas intergrupales -teor\u00eda de la identidad social y teor\u00eda de la privaci\u00f3n relativa- con el fin de predecir la intenci\u00f3n, por parte de las personas estudiadas, de implicarse en acciones tanto individuales como colectivas para la consecuci\u00f3n de un cambio en su situaci\u00f3n laboral. tal como se predec\u00eda, se hall\u00f3 que la mayor percepci\u00f3n de estr\u00e9s se asociaba a una mayor frecuencia de comparaci\u00f3n social.  adem\u00e1s, cuando dicha comparaci\u00f3n era hacia arriba se encontr\u00f3 una relaci\u00f3n positiva con la intenci\u00f3n de implicarse en acciones individuales de cambio.  por otro lado, se obtuvo que la percepci\u00f3n de ilegitimidad e inestabilidad de su situaci\u00f3n laboral eran predictores de la intenci\u00f3n de realizar acciones, no solo individuales sino tambi\u00e9n colectivas, de cambio del estatus que por parte de las personas que compon\u00edan nuestra muestra. No obstante, dicha relaci\u00f3n no era directa sino que se comprob\u00f3 un efecto mediador de la autoeficacia percibida y de los sentimientos de privaci\u00f3n relativa.  los resultados del segundo estudio, mostraron la importancia de las variables de naturaleza intergrupa<\/p>\n<p>&nbsp;<\/p>\n<h3>Datos acad\u00e9micos de la tesis doctoral \u00ab<strong>La discapacidad como estigma: un an\u00e1lisis interpersonal e intergrupal de la situaci\u00f3n de desempleo de las personas con discapacidad<\/strong>\u00ab<\/h3>\n<ul>\n<li><strong>T\u00edtulo de la tesis:<\/strong>\u00a0 La discapacidad como estigma: un an\u00e1lisis interpersonal e intergrupal de la situaci\u00f3n de desempleo de las personas con discapacidad <\/li>\n<li><strong>Autor:<\/strong>\u00a0 Josefa Ruiz Romero <\/li>\n<li><strong>Universidad:<\/strong>\u00a0 Granada<\/li>\n<li><strong>Fecha de lectura de la tesis:<\/strong>\u00a0 25\/10\/2002<\/li>\n<\/ul>\n<p>&nbsp;<\/p>\n<h3>Direcci\u00f3n y tribunal<\/h3>\n<ul>\n<li><strong>Director de la tesis<\/strong>\n<ul>\n<li>Miguel Moya Morales<\/li>\n<\/ul>\n<\/li>\n<li><strong>Tribunal<\/strong>\n<ul>\n<li>Presidente del tribunal: Luis G\u00f3mez jaciento <\/li>\n<li> Navas luque Mar\u00eda soledad (vocal)<\/li>\n<li> Quiles del castillo Mar\u00eda nieves (vocal)<\/li>\n<li> Mart\u00ednez mart\u00ednez Mar\u00eda del carmen (vocal)<\/li>\n<\/ul>\n<\/li>\n<\/ul>\n<p>&nbsp;<\/p>\n","protected":false},"excerpt":{"rendered":"<p>Tesis doctoral de Josefa Ruiz Romero La presente investigaci\u00f3n tiene como objetivo central el an\u00e1lisis psicosocial de la situaci\u00f3n de [&hellip;]<\/p>\n","protected":false},"author":1,"featured_media":0,"comment_status":"open","ping_status":"open","sticky":false,"template":"","format":"standard","meta":{"site-sidebar-layout":"default","site-content-layout":"","ast-site-content-layout":"","site-content-style":"default","site-sidebar-style":"default","ast-global-header-display":"","ast-banner-title-visibility":"","ast-main-header-display":"","ast-hfb-above-header-display":"","ast-hfb-below-header-display":"","ast-hfb-mobile-header-display":"","site-post-title":"","ast-breadcrumbs-content":"","ast-featured-img":"","footer-sml-layout":"","theme-transparent-header-meta":"","adv-header-id-meta":"","stick-header-meta":"","header-above-stick-meta":"","header-main-stick-meta":"","header-below-stick-meta":"","astra-migrate-meta-layouts":"default","ast-page-background-enabled":"default","ast-page-background-meta":{"desktop":{"background-color":"var(--ast-global-color-4)","background-image":"","background-repeat":"repeat","background-position":"center center","background-size":"auto","background-attachment":"scroll","background-type":"","background-media":"","overlay-type":"","overlay-color":"","overlay-gradient":""},"tablet":{"background-color":"","background-image":"","background-repeat":"repeat","background-position":"center center","background-size":"auto","background-attachment":"scroll","background-type":"","background-media":"","overlay-type":"","overlay-color":"","overlay-gradient":""},"mobile":{"background-color":"","background-image":"","background-repeat":"repeat","background-position":"center center","background-size":"auto","background-attachment":"scroll","background-type":"","background-media":"","overlay-type":"","overlay-color":"","overlay-gradient":""}},"ast-content-background-meta":{"desktop":{"background-color":"var(--ast-global-color-5)","background-image":"","background-repeat":"repeat","background-position":"center center","background-size":"auto","background-attachment":"scroll","background-type":"","background-media":"","overlay-type":"","overlay-color":"","overlay-gradient":""},"tablet":{"background-color":"var(--ast-global-color-5)","background-image":"","background-repeat":"repeat","background-position":"center center","background-size":"auto","background-attachment":"scroll","background-type":"","background-media":"","overlay-type":"","overlay-color":"","overlay-gradient":""},"mobile":{"background-color":"var(--ast-global-color-5)","background-image":"","background-repeat":"repeat","background-position":"center center","background-size":"auto","background-attachment":"scroll","background-type":"","background-media":"","overlay-type":"","overlay-color":"","overlay-gradient":""}},"footnotes":""},"categories":[6025,6024,7125,324,7126,996],"tags":[60196,60197,60200,17252,60198,60199],"class_list":["post-19637","post","type-post","status-publish","format-standard","hentry","category-estudio-psicologico-de-cuestiones-sociales","category-fenomenos-de-grupos-minoritarios","category-motivacion-laboral-y-actitudes","category-psicologia","category-psicologia-industrial","category-psicologia-social","tag-josefa-ruiz-romero","tag-luis-gomez-jaciento","tag-Martinez-Martinez-maria-del-carmen","tag-miguel-moya-morales","tag-navas-luque-maria-soledad","tag-quiles-del-castillo-maria-nieves"],"_links":{"self":[{"href":"https:\/\/www.deberes.net\/tesis\/wp-json\/wp\/v2\/posts\/19637","targetHints":{"allow":["GET"]}}],"collection":[{"href":"https:\/\/www.deberes.net\/tesis\/wp-json\/wp\/v2\/posts"}],"about":[{"href":"https:\/\/www.deberes.net\/tesis\/wp-json\/wp\/v2\/types\/post"}],"author":[{"embeddable":true,"href":"https:\/\/www.deberes.net\/tesis\/wp-json\/wp\/v2\/users\/1"}],"replies":[{"embeddable":true,"href":"https:\/\/www.deberes.net\/tesis\/wp-json\/wp\/v2\/comments?post=19637"}],"version-history":[{"count":0,"href":"https:\/\/www.deberes.net\/tesis\/wp-json\/wp\/v2\/posts\/19637\/revisions"}],"wp:attachment":[{"href":"https:\/\/www.deberes.net\/tesis\/wp-json\/wp\/v2\/media?parent=19637"}],"wp:term":[{"taxonomy":"category","embeddable":true,"href":"https:\/\/www.deberes.net\/tesis\/wp-json\/wp\/v2\/categories?post=19637"},{"taxonomy":"post_tag","embeddable":true,"href":"https:\/\/www.deberes.net\/tesis\/wp-json\/wp\/v2\/tags?post=19637"}],"curies":[{"name":"wp","href":"https:\/\/api.w.org\/{rel}","templated":true}]}}