{"id":19652,"date":"2018-03-09T09:08:42","date_gmt":"2018-03-09T09:08:42","guid":{"rendered":"https:\/\/www.deberes.net\/tesis\/sin-categoria\/bases-tecnicas-para-el-control-de-mosquitos-de-la-costa-de-huelva\/"},"modified":"2018-03-09T09:08:42","modified_gmt":"2018-03-09T09:08:42","slug":"bases-tecnicas-para-el-control-de-mosquitos-de-la-costa-de-huelva","status":"publish","type":"post","link":"https:\/\/www.deberes.net\/tesis\/sevilla\/bases-tecnicas-para-el-control-de-mosquitos-de-la-costa-de-huelva\/","title":{"rendered":"Bases t\u00e9cnicas para el control de mosquitos de la costa de huelva"},"content":{"rendered":"<h2>Tesis doctoral de <strong> Francisco Caceres Benavides <\/strong><\/h2>\n<p>En la tesis se aborda el control integrado de las plagas de colicidos en el litoral onubense. Se estudia y determinan los distintos factores ambientales que resultan claves para la evoluci\u00f3n de las especies ochlerotatus caspios y o. Detritus. Se investiga los principios aspectos de la biolog\u00eda\/ecolog\u00eda de dichas especies.  finalmente, se aportan datos, experiencias y resultados de los distintos m\u00e9todos de control empleados en el \u00e1mbito geogr\u00e1fico de las marismas mareales onubenses.<\/p>\n<p>&nbsp;<\/p>\n<h3>Datos acad\u00e9micos de la tesis doctoral \u00ab<strong>Bases t\u00e9cnicas para el control de mosquitos de la costa de huelva<\/strong>\u00ab<\/h3>\n<ul>\n<li><strong>T\u00edtulo de la tesis:<\/strong>\u00a0 Bases t\u00e9cnicas para el control de mosquitos de la costa de huelva <\/li>\n<li><strong>Autor:<\/strong>\u00a0 Francisco Caceres Benavides <\/li>\n<li><strong>Universidad:<\/strong>\u00a0 Sevilla<\/li>\n<li><strong>Fecha de lectura de la tesis:<\/strong>\u00a0 25\/10\/2002<\/li>\n<\/ul>\n<p>&nbsp;<\/p>\n<h3>Direcci\u00f3n y tribunal<\/h3>\n<ul>\n<li><strong>Director de la tesis<\/strong>\n<ul>\n<li>Rafael Ocete Rubio<\/li>\n<\/ul>\n<\/li>\n<li><strong>Tribunal<\/strong>\n<ul>\n<li>Presidente del tribunal:  Lorenzo bethencourt carmen dolores <\/li>\n<li>osvaldo Railla (vocal)<\/li>\n<li>carmelo Prendes ayala (vocal)<\/li>\n<li>abelardo Royo rodr\u00edguez (vocal)<\/li>\n<\/ul>\n<\/li>\n<\/ul>\n<p>&nbsp;<\/p>\n","protected":false},"excerpt":{"rendered":"<p>Tesis doctoral de Francisco Caceres Benavides En la tesis se aborda el control integrado de las plagas de colicidos en [&hellip;]<\/p>\n","protected":false},"author":1,"featured_media":0,"comment_status":"open","ping_status":"open","sticky":false,"template":"","format":"standard","meta":{"site-sidebar-layout":"default","site-content-layout":"","ast-site-content-layout":"","site-content-style":"default","site-sidebar-style":"default","ast-global-header-display":"","ast-banner-title-visibility":"","ast-main-header-display":"","ast-hfb-above-header-display":"","ast-hfb-below-header-display":"","ast-hfb-mobile-header-display":"","site-post-title":"","ast-breadcrumbs-content":"","ast-featured-img":"","footer-sml-layout":"","theme-transparent-header-meta":"","adv-header-id-meta":"","stick-header-meta":"","header-above-stick-meta":"","header-main-stick-meta":"","header-below-stick-meta":"","astra-migrate-meta-layouts":"default","ast-page-background-enabled":"default","ast-page-background-meta":{"desktop":{"background-color":"var(--ast-global-color-4)","background-image":"","background-repeat":"repeat","background-position":"center center","background-size":"auto","background-attachment":"scroll","background-type":"","background-media":"","overlay-type":"","overlay-color":"","overlay-gradient":""},"tablet":{"background-color":"","background-image":"","background-repeat":"repeat","background-position":"center center","background-size":"auto","background-attachment":"scroll","background-type":"","background-media":"","overlay-type":"","overlay-color":"","overlay-gradient":""},"mobile":{"background-color":"","background-image":"","background-repeat":"repeat","background-position":"center center","background-size":"auto","background-attachment":"scroll","background-type":"","background-media":"","overlay-type":"","overlay-color":"","overlay-gradient":""}},"ast-content-background-meta":{"desktop":{"background-color":"var(--ast-global-color-5)","background-image":"","background-repeat":"repeat","background-position":"center center","background-size":"auto","background-attachment":"scroll","background-type":"","background-media":"","overlay-type":"","overlay-color":"","overlay-gradient":""},"tablet":{"background-color":"var(--ast-global-color-5)","background-image":"","background-repeat":"repeat","background-position":"center center","background-size":"auto","background-attachment":"scroll","background-type":"","background-media":"","overlay-type":"","overlay-color":"","overlay-gradient":""},"mobile":{"background-color":"var(--ast-global-color-5)","background-image":"","background-repeat":"repeat","background-position":"center center","background-size":"auto","background-attachment":"scroll","background-type":"","background-media":"","overlay-type":"","overlay-color":"","overlay-gradient":""}},"footnotes":""},"categories":[10715],"tags":[60239,10305,60235,60237,60238,60236],"class_list":["post-19652","post","type-post","status-publish","format-standard","hentry","category-sevilla","tag-abelardo-royo-rodriguez","tag-carmelo-prendes-ayala","tag-francisco-caceres-benavides","tag-lorenzo-bethencourt-carmen-dolores","tag-osvaldo-railla","tag-rafael-ocete-rubio"],"_links":{"self":[{"href":"https:\/\/www.deberes.net\/tesis\/wp-json\/wp\/v2\/posts\/19652","targetHints":{"allow":["GET"]}}],"collection":[{"href":"https:\/\/www.deberes.net\/tesis\/wp-json\/wp\/v2\/posts"}],"about":[{"href":"https:\/\/www.deberes.net\/tesis\/wp-json\/wp\/v2\/types\/post"}],"author":[{"embeddable":true,"href":"https:\/\/www.deberes.net\/tesis\/wp-json\/wp\/v2\/users\/1"}],"replies":[{"embeddable":true,"href":"https:\/\/www.deberes.net\/tesis\/wp-json\/wp\/v2\/comments?post=19652"}],"version-history":[{"count":0,"href":"https:\/\/www.deberes.net\/tesis\/wp-json\/wp\/v2\/posts\/19652\/revisions"}],"wp:attachment":[{"href":"https:\/\/www.deberes.net\/tesis\/wp-json\/wp\/v2\/media?parent=19652"}],"wp:term":[{"taxonomy":"category","embeddable":true,"href":"https:\/\/www.deberes.net\/tesis\/wp-json\/wp\/v2\/categories?post=19652"},{"taxonomy":"post_tag","embeddable":true,"href":"https:\/\/www.deberes.net\/tesis\/wp-json\/wp\/v2\/tags?post=19652"}],"curies":[{"name":"wp","href":"https:\/\/api.w.org\/{rel}","templated":true}]}}