{"id":19718,"date":"2018-03-09T09:08:48","date_gmt":"2018-03-09T09:08:48","guid":{"rendered":"https:\/\/www.deberes.net\/tesis\/sin-categoria\/la-facultad-de-edificar-en-el-suelo-urbanizable\/"},"modified":"2018-03-09T09:08:48","modified_gmt":"2018-03-09T09:08:48","slug":"la-facultad-de-edificar-en-el-suelo-urbanizable","status":"publish","type":"post","link":"https:\/\/www.deberes.net\/tesis\/sin-categoria\/la-facultad-de-edificar-en-el-suelo-urbanizable\/","title":{"rendered":"La facultad de edificar en el suelo urbanizable"},"content":{"rendered":"<h2>Tesis doctoral de <strong> Fabiola Meco Tebar <\/strong><\/h2>\n<p>El objeto de esta memoria de investigaci\u00f3n consiste en el an\u00e1lisis de los presupuestos adquisitivos de la facultad de edificar. El trabajo de investigaci\u00f3n comienza con una aproximaci\u00f3n hist\u00f3rica a fin de determinar c\u00f3mo adquir\u00edra el propietario la facultad de edificar en el estado liberal.  la segunda parte dela tesis aborda la cuesit\u00f3n de los nuevos condicionantes de la facultad de edificar en el estado social, donde se realiza un estudio comparativo entre las distintas leyes del suelo, en particular entre la ley 8\/1990 y la ley 6\/1998. Los resultados alcanzados en esta parte de la investigaci\u00f3n, ponen de relieve las diferencias existentes en orden a la adquisici\u00f3n de la facultad de edificar en el suelo urbanizable.  por \u00faltimo, la tesis finaliza con una mirada al panorama legislativo urbanistico de car\u00e1cter auton\u00f3mico con el fin de poner de relieve la falta de homogeneidad legislativa en la materia y su repercusi\u00f3n en orden a garantizar la existencia de un r\u00e9gimen unitario del derecho de propiedad del suelo que grantice la existencia de unas posiciones jur\u00eddicas fundamentales.<\/p>\n<p>&nbsp;<\/p>\n<h3>Datos acad\u00e9micos de la tesis doctoral \u00ab<strong>La facultad de edificar en el suelo urbanizable<\/strong>\u00ab<\/h3>\n<ul>\n<li><strong>T\u00edtulo de la tesis:<\/strong>\u00a0 La facultad de edificar en el suelo urbanizable <\/li>\n<li><strong>Autor:<\/strong>\u00a0 Fabiola Meco Tebar <\/li>\n<li><strong>Universidad:<\/strong>\u00a0 Universitat de val\u00e9ncia (estudi general)<\/li>\n<li><strong>Fecha de lectura de la tesis:<\/strong>\u00a0 30\/10\/2002<\/li>\n<\/ul>\n<p>&nbsp;<\/p>\n<h3>Direcci\u00f3n y tribunal<\/h3>\n<ul>\n<li><strong>Director de la tesis<\/strong>\n<ul>\n<li> Mont\u00e9s Penad\u00e9s Vicente L.<\/li>\n<\/ul>\n<\/li>\n<li><strong>Tribunal<\/strong>\n<ul>\n<li>Presidente del tribunal: ramon Martin mateo <\/li>\n<li>lorenzo Prats albentosa (vocal)<\/li>\n<li>Rafael G\u00f3mez-ferrer morant (vocal)<\/li>\n<li>Ana Ca\u00f1izares laso (vocal)<\/li>\n<\/ul>\n<\/li>\n<\/ul>\n<p>&nbsp;<\/p>\n","protected":false},"excerpt":{"rendered":"<p>Tesis doctoral de Fabiola Meco Tebar El objeto de esta memoria de investigaci\u00f3n consiste en el an\u00e1lisis de los presupuestos [&hellip;]<\/p>\n","protected":false},"author":1,"featured_media":0,"comment_status":"open","ping_status":"open","sticky":false,"template":"","format":"standard","meta":{"site-sidebar-layout":"default","site-content-layout":"","ast-site-content-layout":"","site-content-style":"default","site-sidebar-style":"default","ast-global-header-display":"","ast-banner-title-visibility":"","ast-main-header-display":"","ast-hfb-above-header-display":"","ast-hfb-below-header-display":"","ast-hfb-mobile-header-display":"","site-post-title":"","ast-breadcrumbs-content":"","ast-featured-img":"","footer-sml-layout":"","theme-transparent-header-meta":"","adv-header-id-meta":"","stick-header-meta":"","header-above-stick-meta":"","header-main-stick-meta":"","header-below-stick-meta":"","astra-migrate-meta-layouts":"default","ast-page-background-enabled":"default","ast-page-background-meta":{"desktop":{"background-color":"var(--ast-global-color-4)","background-image":"","background-repeat":"repeat","background-position":"center center","background-size":"auto","background-attachment":"scroll","background-type":"","background-media":"","overlay-type":"","overlay-color":"","overlay-gradient":""},"tablet":{"background-color":"","background-image":"","background-repeat":"repeat","background-position":"center center","background-size":"auto","background-attachment":"scroll","background-type":"","background-media":"","overlay-type":"","overlay-color":"","overlay-gradient":""},"mobile":{"background-color":"","background-image":"","background-repeat":"repeat","background-position":"center center","background-size":"auto","background-attachment":"scroll","background-type":"","background-media":"","overlay-type":"","overlay-color":"","overlay-gradient":""}},"ast-content-background-meta":{"desktop":{"background-color":"var(--ast-global-color-5)","background-image":"","background-repeat":"repeat","background-position":"center center","background-size":"auto","background-attachment":"scroll","background-type":"","background-media":"","overlay-type":"","overlay-color":"","overlay-gradient":""},"tablet":{"background-color":"var(--ast-global-color-5)","background-image":"","background-repeat":"repeat","background-position":"center center","background-size":"auto","background-attachment":"scroll","background-type":"","background-media":"","overlay-type":"","overlay-color":"","overlay-gradient":""},"mobile":{"background-color":"var(--ast-global-color-5)","background-image":"","background-repeat":"repeat","background-position":"center center","background-size":"auto","background-attachment":"scroll","background-type":"","background-media":"","overlay-type":"","overlay-color":"","overlay-gradient":""}},"footnotes":""},"categories":[1],"tags":[41456,60396,43963,46403,3455,18453],"class_list":["post-19718","post","type-post","status-publish","format-standard","hentry","category-sin-categoria","tag-ana-canizares-laso","tag-fabiola-meco-tebar","tag-lorenzo-prats-albentosa","tag-montes-penades-vicente-l","tag-rafael-gomez-ferrer-morant","tag-ramon-martin-mateo"],"_links":{"self":[{"href":"https:\/\/www.deberes.net\/tesis\/wp-json\/wp\/v2\/posts\/19718","targetHints":{"allow":["GET"]}}],"collection":[{"href":"https:\/\/www.deberes.net\/tesis\/wp-json\/wp\/v2\/posts"}],"about":[{"href":"https:\/\/www.deberes.net\/tesis\/wp-json\/wp\/v2\/types\/post"}],"author":[{"embeddable":true,"href":"https:\/\/www.deberes.net\/tesis\/wp-json\/wp\/v2\/users\/1"}],"replies":[{"embeddable":true,"href":"https:\/\/www.deberes.net\/tesis\/wp-json\/wp\/v2\/comments?post=19718"}],"version-history":[{"count":0,"href":"https:\/\/www.deberes.net\/tesis\/wp-json\/wp\/v2\/posts\/19718\/revisions"}],"wp:attachment":[{"href":"https:\/\/www.deberes.net\/tesis\/wp-json\/wp\/v2\/media?parent=19718"}],"wp:term":[{"taxonomy":"category","embeddable":true,"href":"https:\/\/www.deberes.net\/tesis\/wp-json\/wp\/v2\/categories?post=19718"},{"taxonomy":"post_tag","embeddable":true,"href":"https:\/\/www.deberes.net\/tesis\/wp-json\/wp\/v2\/tags?post=19718"}],"curies":[{"name":"wp","href":"https:\/\/api.w.org\/{rel}","templated":true}]}}