{"id":19756,"date":"2002-04-11T00:00:00","date_gmt":"2002-04-11T00:00:00","guid":{"rendered":"https:\/\/www.deberes.net\/tesis\/sin-categoria\/aspectos-laborales-de-las-transformaciones-de-empresas-y-entes-publicos\/"},"modified":"2002-04-11T00:00:00","modified_gmt":"2002-04-11T00:00:00","slug":"aspectos-laborales-de-las-transformaciones-de-empresas-y-entes-publicos","status":"publish","type":"post","link":"https:\/\/www.deberes.net\/tesis\/sevilla\/aspectos-laborales-de-las-transformaciones-de-empresas-y-entes-publicos\/","title":{"rendered":"Aspectos laborales de las transformaciones de empresas y entes p\u00fablicos"},"content":{"rendered":"<h2>Tesis doctoral de <strong> Tom\u00e1s G\u00f3mez \u00e1lvarez <\/strong><\/h2>\n<p>El proceso de reestructuraci\u00f3n y forma de las diversas administraciones p\u00fablicas existentes tanto en nuestro pa\u00eds como en otros pa\u00edses europeos, ha tenido como consecuencia la aparici\u00f3n de nuevas formas de organizaci\u00f3n dentro del sector p\u00fablico.  las modificaciones producidas en la persona del empleador p\u00fablico han supuesto, en muchas ocasiones, una repercusi\u00f3n sobre el personal al servicio de la misma. As\u00ed, trabajadjores que estaban vinculados a un organismo p\u00fablico psasan a estar sometidos a entes a los que se aplica, en gran parte, el ordenamiento jur\u00eddico privado.  dichos fen\u00f3menos organizativos van a producir una incidencia sobre los derechos de los trabajadores afectados. Este es el objeto del presente estudio: analizar cu\u00e1les son las consecuencias que se producen para los trabajadores como consecuencia de las operaciones de reestructuraci\u00f3n y reordenaci\u00f3n administrativa. Para tal fin, se analizan tanto la afectaci\u00f3n de los derechos individuales como de los colectivos respecto de los trabajadores al servicio de la administraci\u00f3n p\u00fablica. Asimismo, para dar una visi\u00f3n global de las posibles consecuencias que se producen, se analiza el supuesto de los funcionarios p\u00fablicos que puedan verse afectados.  una vez analizado el proceso seguido y las consecuencias que se desprenden para los trabajadores y funcionarios, se construye un sistema jur\u00eddico que permita defender los derechos de \u00e9stos frente a sus empresarios p\u00fablicos.<\/p>\n<p>&nbsp;<\/p>\n<h3>Datos acad\u00e9micos de la tesis doctoral \u00ab<strong>Aspectos laborales de las transformaciones de empresas y entes p\u00fablicos<\/strong>\u00ab<\/h3>\n<ul>\n<li><strong>T\u00edtulo de la tesis:<\/strong>\u00a0 Aspectos laborales de las transformaciones de empresas y entes p\u00fablicos <\/li>\n<li><strong>Autor:<\/strong>\u00a0 Tom\u00e1s G\u00f3mez \u00e1lvarez <\/li>\n<li><strong>Universidad:<\/strong>\u00a0 Sevilla<\/li>\n<li><strong>Fecha de lectura de la tesis:<\/strong>\u00a0 04\/11\/2002<\/li>\n<\/ul>\n<p>&nbsp;<\/p>\n<h3>Direcci\u00f3n y tribunal<\/h3>\n<ul>\n<li><strong>Director de la tesis<\/strong>\n<ul>\n<li>Antonio Ojeda Avil\u00e9s<\/li>\n<\/ul>\n<\/li>\n<li><strong>Tribunal<\/strong>\n<ul>\n<li>Presidente del tribunal: Miguel Rodriguez pi\u00f1ero bravo ferrer <\/li>\n<li>alfredo Montoya melgar (vocal)<\/li>\n<li>salvador Del rey guanter (vocal)<\/li>\n<li>Juan Rivero lamas (vocal)<\/li>\n<\/ul>\n<\/li>\n<\/ul>\n<p>&nbsp;<\/p>\n","protected":false},"excerpt":{"rendered":"<p>Tesis doctoral de Tom\u00e1s G\u00f3mez \u00e1lvarez El proceso de reestructuraci\u00f3n y forma de las diversas administraciones p\u00fablicas existentes tanto en [&hellip;]<\/p>\n","protected":false},"author":1,"featured_media":0,"comment_status":"open","ping_status":"open","sticky":false,"template":"","format":"standard","meta":{"site-sidebar-layout":"default","site-content-layout":"","ast-site-content-layout":"","site-content-style":"default","site-sidebar-style":"default","ast-global-header-display":"","ast-banner-title-visibility":"","ast-main-header-display":"","ast-hfb-above-header-display":"","ast-hfb-below-header-display":"","ast-hfb-mobile-header-display":"","site-post-title":"","ast-breadcrumbs-content":"","ast-featured-img":"","footer-sml-layout":"","theme-transparent-header-meta":"","adv-header-id-meta":"","stick-header-meta":"","header-above-stick-meta":"","header-main-stick-meta":"","header-below-stick-meta":"","astra-migrate-meta-layouts":"default","ast-page-background-enabled":"default","ast-page-background-meta":{"desktop":{"background-color":"var(--ast-global-color-4)","background-image":"","background-repeat":"repeat","background-position":"center center","background-size":"auto","background-attachment":"scroll","background-type":"","background-media":"","overlay-type":"","overlay-color":"","overlay-gradient":""},"tablet":{"background-color":"","background-image":"","background-repeat":"repeat","background-position":"center center","background-size":"auto","background-attachment":"scroll","background-type":"","background-media":"","overlay-type":"","overlay-color":"","overlay-gradient":""},"mobile":{"background-color":"","background-image":"","background-repeat":"repeat","background-position":"center center","background-size":"auto","background-attachment":"scroll","background-type":"","background-media":"","overlay-type":"","overlay-color":"","overlay-gradient":""}},"ast-content-background-meta":{"desktop":{"background-color":"var(--ast-global-color-5)","background-image":"","background-repeat":"repeat","background-position":"center center","background-size":"auto","background-attachment":"scroll","background-type":"","background-media":"","overlay-type":"","overlay-color":"","overlay-gradient":""},"tablet":{"background-color":"var(--ast-global-color-5)","background-image":"","background-repeat":"repeat","background-position":"center center","background-size":"auto","background-attachment":"scroll","background-type":"","background-media":"","overlay-type":"","overlay-color":"","overlay-gradient":""},"mobile":{"background-color":"var(--ast-global-color-5)","background-image":"","background-repeat":"repeat","background-position":"center center","background-size":"auto","background-attachment":"scroll","background-type":"","background-media":"","overlay-type":"","overlay-color":"","overlay-gradient":""}},"footnotes":""},"categories":[10715],"tags":[5169,39728,23031,3701,2175,60489],"class_list":["post-19756","post","type-post","status-publish","format-standard","hentry","category-sevilla","tag-alfredo-montoya-melgar","tag-antonio-ojeda-aviles","tag-juan-rivero-lamas","tag-miguel-rodriguez-pinero-bravo-ferrer","tag-salvador-del-rey-guanter","tag-tomas-gomez-alvarez"],"_links":{"self":[{"href":"https:\/\/www.deberes.net\/tesis\/wp-json\/wp\/v2\/posts\/19756","targetHints":{"allow":["GET"]}}],"collection":[{"href":"https:\/\/www.deberes.net\/tesis\/wp-json\/wp\/v2\/posts"}],"about":[{"href":"https:\/\/www.deberes.net\/tesis\/wp-json\/wp\/v2\/types\/post"}],"author":[{"embeddable":true,"href":"https:\/\/www.deberes.net\/tesis\/wp-json\/wp\/v2\/users\/1"}],"replies":[{"embeddable":true,"href":"https:\/\/www.deberes.net\/tesis\/wp-json\/wp\/v2\/comments?post=19756"}],"version-history":[{"count":0,"href":"https:\/\/www.deberes.net\/tesis\/wp-json\/wp\/v2\/posts\/19756\/revisions"}],"wp:attachment":[{"href":"https:\/\/www.deberes.net\/tesis\/wp-json\/wp\/v2\/media?parent=19756"}],"wp:term":[{"taxonomy":"category","embeddable":true,"href":"https:\/\/www.deberes.net\/tesis\/wp-json\/wp\/v2\/categories?post=19756"},{"taxonomy":"post_tag","embeddable":true,"href":"https:\/\/www.deberes.net\/tesis\/wp-json\/wp\/v2\/tags?post=19756"}],"curies":[{"name":"wp","href":"https:\/\/api.w.org\/{rel}","templated":true}]}}