{"id":19757,"date":"2002-04-11T00:00:00","date_gmt":"2002-04-11T00:00:00","guid":{"rendered":"https:\/\/www.deberes.net\/tesis\/sin-categoria\/el-ejercicio-de-accion-por-despido\/"},"modified":"2002-04-11T00:00:00","modified_gmt":"2002-04-11T00:00:00","slug":"el-ejercicio-de-accion-por-despido","status":"publish","type":"post","link":"https:\/\/www.deberes.net\/tesis\/sin-categoria\/el-ejercicio-de-accion-por-despido\/","title":{"rendered":"El ejercicio de acci\u00f3n por despido"},"content":{"rendered":"<h2>Tesis doctoral de <strong> Manuel Alegre Nueno <\/strong><\/h2>\n<p>La tesis versa sobre la impugnaci\u00f3n judicial del despido. En particular, se analizan los distintos escollos que encuentra el trabajador que pretende impugnar la decisi\u00f3n empresarial de poner fin a la relaci\u00f3n laboral, de forma unilateral.  el hilo conductor del trabajo es el iter procedimental conducente al acto de juicio oral, finalizando la investigaci\u00f3n con la demanda, sin entrar en el an\u00e1lisis del proceso por despido.  la tesis se estructura en cinco cap\u00edtulos dedicados cada uno de ellos a los siguientes temas: el primero, dedicado al an\u00e1lisis de los conceptos de despido y de acci\u00f3n; el segundo, en el que se aborda el estudio de los sujetos legitimados para el ejercicio de la acci\u00f3n por despido; el tercero, donde se examina el plazo para el ejercicio de la acci\u00f3n por despido; el cuarto, dedicado a las actividades obligatorias previas a la interposici\u00f3n de la demanda y, por \u00faltimo, el cap\u00edtulo quinto, donde se estudia la demanda por despido. Estos temas son abordados desde una perspectiva pr\u00e1ctica, sin descuidar el m\u00e9todo cient\u00edfico y las aportaciones doctrinales, pero donde priman las soluciones jurisprudenciales a los numerosos problemas que genera el ejercicio de la acci\u00f3n por despido.<\/p>\n<p>&nbsp;<\/p>\n<h3>Datos acad\u00e9micos de la tesis doctoral \u00ab<strong>El ejercicio de acci\u00f3n por despido<\/strong>\u00ab<\/h3>\n<ul>\n<li><strong>T\u00edtulo de la tesis:<\/strong>\u00a0 El ejercicio de acci\u00f3n por despido <\/li>\n<li><strong>Autor:<\/strong>\u00a0 Manuel Alegre Nueno <\/li>\n<li><strong>Universidad:<\/strong>\u00a0 Universitat de val\u00e9ncia (estudi general)<\/li>\n<li><strong>Fecha de lectura de la tesis:<\/strong>\u00a0 04\/11\/2002<\/li>\n<\/ul>\n<p>&nbsp;<\/p>\n<h3>Direcci\u00f3n y tribunal<\/h3>\n<ul>\n<li><strong>Director de la tesis<\/strong>\n<ul>\n<li>\u00e1ngel Antonio Blasco Pellicer<\/li>\n<\/ul>\n<\/li>\n<li><strong>Tribunal<\/strong>\n<ul>\n<li>Presidente del tribunal: tom\u00e1s Sala franco <\/li>\n<li> L\u00f3pez tarruedla Martinez Francisco (vocal)<\/li>\n<li>Jes\u00fas Mart\u00ednez gir\u00f3n (vocal)<\/li>\n<li>silvia Barona vilar (vocal)<\/li>\n<\/ul>\n<\/li>\n<\/ul>\n<p>&nbsp;<\/p>\n","protected":false},"excerpt":{"rendered":"<p>Tesis doctoral de Manuel Alegre Nueno La tesis versa sobre la impugnaci\u00f3n judicial del despido. En particular, se analizan los [&hellip;]<\/p>\n","protected":false},"author":1,"featured_media":0,"comment_status":"open","ping_status":"open","sticky":false,"template":"","format":"standard","meta":{"site-sidebar-layout":"default","site-content-layout":"","ast-site-content-layout":"","site-content-style":"default","site-sidebar-style":"default","ast-global-header-display":"","ast-banner-title-visibility":"","ast-main-header-display":"","ast-hfb-above-header-display":"","ast-hfb-below-header-display":"","ast-hfb-mobile-header-display":"","site-post-title":"","ast-breadcrumbs-content":"","ast-featured-img":"","footer-sml-layout":"","theme-transparent-header-meta":"","adv-header-id-meta":"","stick-header-meta":"","header-above-stick-meta":"","header-main-stick-meta":"","header-below-stick-meta":"","astra-migrate-meta-layouts":"default","ast-page-background-enabled":"default","ast-page-background-meta":{"desktop":{"background-color":"var(--ast-global-color-4)","background-image":"","background-repeat":"repeat","background-position":"center center","background-size":"auto","background-attachment":"scroll","background-type":"","background-media":"","overlay-type":"","overlay-color":"","overlay-gradient":""},"tablet":{"background-color":"","background-image":"","background-repeat":"repeat","background-position":"center center","background-size":"auto","background-attachment":"scroll","background-type":"","background-media":"","overlay-type":"","overlay-color":"","overlay-gradient":""},"mobile":{"background-color":"","background-image":"","background-repeat":"repeat","background-position":"center center","background-size":"auto","background-attachment":"scroll","background-type":"","background-media":"","overlay-type":"","overlay-color":"","overlay-gradient":""}},"ast-content-background-meta":{"desktop":{"background-color":"var(--ast-global-color-5)","background-image":"","background-repeat":"repeat","background-position":"center center","background-size":"auto","background-attachment":"scroll","background-type":"","background-media":"","overlay-type":"","overlay-color":"","overlay-gradient":""},"tablet":{"background-color":"var(--ast-global-color-5)","background-image":"","background-repeat":"repeat","background-position":"center center","background-size":"auto","background-attachment":"scroll","background-type":"","background-media":"","overlay-type":"","overlay-color":"","overlay-gradient":""},"mobile":{"background-color":"var(--ast-global-color-5)","background-image":"","background-repeat":"repeat","background-position":"center center","background-size":"auto","background-attachment":"scroll","background-type":"","background-media":"","overlay-type":"","overlay-color":"","overlay-gradient":""}},"footnotes":""},"categories":[1],"tags":[11487,5170,60491,60490,44053,11488],"class_list":["post-19757","post","type-post","status-publish","format-standard","hentry","category-sin-categoria","tag-angel-antonio-blasco-pellicer","tag-jesus-Martinez-giron","tag-lopez-tarruedla-Martinez-francisco","tag-manuel-alegre-nueno","tag-silvia-barona-vilar","tag-tomas-sala-franco"],"_links":{"self":[{"href":"https:\/\/www.deberes.net\/tesis\/wp-json\/wp\/v2\/posts\/19757","targetHints":{"allow":["GET"]}}],"collection":[{"href":"https:\/\/www.deberes.net\/tesis\/wp-json\/wp\/v2\/posts"}],"about":[{"href":"https:\/\/www.deberes.net\/tesis\/wp-json\/wp\/v2\/types\/post"}],"author":[{"embeddable":true,"href":"https:\/\/www.deberes.net\/tesis\/wp-json\/wp\/v2\/users\/1"}],"replies":[{"embeddable":true,"href":"https:\/\/www.deberes.net\/tesis\/wp-json\/wp\/v2\/comments?post=19757"}],"version-history":[{"count":0,"href":"https:\/\/www.deberes.net\/tesis\/wp-json\/wp\/v2\/posts\/19757\/revisions"}],"wp:attachment":[{"href":"https:\/\/www.deberes.net\/tesis\/wp-json\/wp\/v2\/media?parent=19757"}],"wp:term":[{"taxonomy":"category","embeddable":true,"href":"https:\/\/www.deberes.net\/tesis\/wp-json\/wp\/v2\/categories?post=19757"},{"taxonomy":"post_tag","embeddable":true,"href":"https:\/\/www.deberes.net\/tesis\/wp-json\/wp\/v2\/tags?post=19757"}],"curies":[{"name":"wp","href":"https:\/\/api.w.org\/{rel}","templated":true}]}}