{"id":19782,"date":"2002-05-11T00:00:00","date_gmt":"2002-05-11T00:00:00","guid":{"rendered":"https:\/\/www.deberes.net\/tesis\/sin-categoria\/el-regimen-jura%c2%addico-del-comite-de-empresa-europeo\/"},"modified":"2002-05-11T00:00:00","modified_gmt":"2002-05-11T00:00:00","slug":"el-regimen-jura%c2%addico-del-comite-de-empresa-europeo","status":"publish","type":"post","link":"https:\/\/www.deberes.net\/tesis\/pablo-de-olavide\/el-regimen-jura%c2%addico-del-comite-de-empresa-europeo\/","title":{"rendered":"El regimen jur\u00eddico del comit\u00e9 de empresa europeo"},"content":{"rendered":"<h2>Tesis doctoral de <strong> Rafael G\u00f3mez Gordillo <\/strong><\/h2>\n<p>La directiva ceu promueve la celebraci\u00f3n de un proceso de negociaci\u00f3n en las empresas y grupos de empresas de dimensi\u00f3n comunitaria ubicadas en territorio comunitario. La iniciativa negocial, reconocida a direcci\u00f3n central y representantes de los trabajadores en t\u00e9rminos de igualdad, actuliza un derecho deber de negociar que sustenta una obligaci\u00f3n de resultados, que supera los l\u00edmites tradicionales del deber de negociar en nuestro ordenamiento laboral. El objeto de este procedimiento de negociaci\u00f3n es la constituci\u00f3n de un mecanismo que garantice y adapte a las particulares condiciones de cada empresa, el ejercicio de los derechos de informaci\u00f3n y consulta transnacional, aunque la norma comunitaria permite en determinadas circunstancias eludir tales obligaciones. El legislador comunitario reconoce facultades de autoconfiguraci\u00f3n del modelo con car\u00e1cter casi absoluto a la autonom\u00eda colectiva, aunque el recurso a la v\u00eda convencional para la aplicaci\u00f3n de la directiva, no es ni la \u00fanica, ni la m\u00e1s trascendente novedad t\u00e9cnico-jur\u00eddica que aporta la norma comunitaria.  la aplicaci\u00f3n extaterritorial de las normas nacionales de transposici\u00f3n que soportan e impulsan el proceso de negociaci\u00f3n, que en cada caso quedar\u00e1 determinada en atenci\u00f3n al lugar en que se encuentra la direcci\u00f3n central de la empresa o grupo, resulta un elemento novedosos que condiciona el funcionamiento del conjunto del sistema comunitario de informaci\u00f3n y consulta.<\/p>\n<p>&nbsp;<\/p>\n<h3>Datos acad\u00e9micos de la tesis doctoral \u00ab<strong>El regimen jur\u00eddico del comit\u00e9 de empresa europeo<\/strong>\u00ab<\/h3>\n<ul>\n<li><strong>T\u00edtulo de la tesis:<\/strong>\u00a0 El regimen jur\u00eddico del comit\u00e9 de empresa europeo <\/li>\n<li><strong>Autor:<\/strong>\u00a0 Rafael G\u00f3mez Gordillo <\/li>\n<li><strong>Universidad:<\/strong>\u00a0 Pablo de olavide<\/li>\n<li><strong>Fecha de lectura de la tesis:<\/strong>\u00a0 05\/11\/2002<\/li>\n<\/ul>\n<p>&nbsp;<\/p>\n<h3>Direcci\u00f3n y tribunal<\/h3>\n<ul>\n<li><strong>Director de la tesis<\/strong>\n<ul>\n<li>Jes\u00fas Cruz Villal\u00f3n<\/li>\n<\/ul>\n<\/li>\n<li><strong>Tribunal<\/strong>\n<ul>\n<li>Presidente del tribunal: fermin Rodriguez-sa\u00f1udo gutierrez <\/li>\n<li>Santiago Gonzalez ortega (vocal)<\/li>\n<li>Mar\u00eda  emilia Casas baamonde (vocal)<\/li>\n<li>Manuel ramon Alarcon caracuel (vocal)<\/li>\n<\/ul>\n<\/li>\n<\/ul>\n<p>&nbsp;<\/p>\n","protected":false},"excerpt":{"rendered":"<p>Tesis doctoral de Rafael G\u00f3mez Gordillo La directiva ceu promueve la celebraci\u00f3n de un proceso de negociaci\u00f3n en las empresas [&hellip;]<\/p>\n","protected":false},"author":1,"featured_media":0,"comment_status":"open","ping_status":"open","sticky":false,"template":"","format":"standard","meta":{"site-sidebar-layout":"default","site-content-layout":"","ast-site-content-layout":"","site-content-style":"default","site-sidebar-style":"default","ast-global-header-display":"","ast-banner-title-visibility":"","ast-main-header-display":"","ast-hfb-above-header-display":"","ast-hfb-below-header-display":"","ast-hfb-mobile-header-display":"","site-post-title":"","ast-breadcrumbs-content":"","ast-featured-img":"","footer-sml-layout":"","theme-transparent-header-meta":"","adv-header-id-meta":"","stick-header-meta":"","header-above-stick-meta":"","header-main-stick-meta":"","header-below-stick-meta":"","astra-migrate-meta-layouts":"default","ast-page-background-enabled":"default","ast-page-background-meta":{"desktop":{"background-color":"var(--ast-global-color-4)","background-image":"","background-repeat":"repeat","background-position":"center center","background-size":"auto","background-attachment":"scroll","background-type":"","background-media":"","overlay-type":"","overlay-color":"","overlay-gradient":""},"tablet":{"background-color":"","background-image":"","background-repeat":"repeat","background-position":"center center","background-size":"auto","background-attachment":"scroll","background-type":"","background-media":"","overlay-type":"","overlay-color":"","overlay-gradient":""},"mobile":{"background-color":"","background-image":"","background-repeat":"repeat","background-position":"center center","background-size":"auto","background-attachment":"scroll","background-type":"","background-media":"","overlay-type":"","overlay-color":"","overlay-gradient":""}},"ast-content-background-meta":{"desktop":{"background-color":"var(--ast-global-color-5)","background-image":"","background-repeat":"repeat","background-position":"center center","background-size":"auto","background-attachment":"scroll","background-type":"","background-media":"","overlay-type":"","overlay-color":"","overlay-gradient":""},"tablet":{"background-color":"var(--ast-global-color-5)","background-image":"","background-repeat":"repeat","background-position":"center center","background-size":"auto","background-attachment":"scroll","background-type":"","background-media":"","overlay-type":"","overlay-color":"","overlay-gradient":""},"mobile":{"background-color":"var(--ast-global-color-5)","background-image":"","background-repeat":"repeat","background-position":"center center","background-size":"auto","background-attachment":"scroll","background-type":"","background-media":"","overlay-type":"","overlay-color":"","overlay-gradient":""}},"footnotes":""},"categories":[37286],"tags":[60553,26865,13967,9456,60552,22763],"class_list":["post-19782","post","type-post","status-publish","format-standard","hentry","category-pablo-de-olavide","tag-fermin-rodriguez-sanudo-gutierrez","tag-jesus-cruz-villalon","tag-manuel-ramon-alarcon-caracuel","tag-maria-emilia-casas-baamonde","tag-rafael-gomez-gordillo","tag-santiago-gonzalez-ortega"],"_links":{"self":[{"href":"https:\/\/www.deberes.net\/tesis\/wp-json\/wp\/v2\/posts\/19782","targetHints":{"allow":["GET"]}}],"collection":[{"href":"https:\/\/www.deberes.net\/tesis\/wp-json\/wp\/v2\/posts"}],"about":[{"href":"https:\/\/www.deberes.net\/tesis\/wp-json\/wp\/v2\/types\/post"}],"author":[{"embeddable":true,"href":"https:\/\/www.deberes.net\/tesis\/wp-json\/wp\/v2\/users\/1"}],"replies":[{"embeddable":true,"href":"https:\/\/www.deberes.net\/tesis\/wp-json\/wp\/v2\/comments?post=19782"}],"version-history":[{"count":0,"href":"https:\/\/www.deberes.net\/tesis\/wp-json\/wp\/v2\/posts\/19782\/revisions"}],"wp:attachment":[{"href":"https:\/\/www.deberes.net\/tesis\/wp-json\/wp\/v2\/media?parent=19782"}],"wp:term":[{"taxonomy":"category","embeddable":true,"href":"https:\/\/www.deberes.net\/tesis\/wp-json\/wp\/v2\/categories?post=19782"},{"taxonomy":"post_tag","embeddable":true,"href":"https:\/\/www.deberes.net\/tesis\/wp-json\/wp\/v2\/tags?post=19782"}],"curies":[{"name":"wp","href":"https:\/\/api.w.org\/{rel}","templated":true}]}}