{"id":19797,"date":"2002-06-11T00:00:00","date_gmt":"2002-06-11T00:00:00","guid":{"rendered":"https:\/\/www.deberes.net\/tesis\/sin-categoria\/adaptacion-al-transplante-de-arbustos-ornamentales-cultivados-en-contenedor-evaluacion-de-la-eficiencia-ha%c2%addrica\/"},"modified":"2002-06-11T00:00:00","modified_gmt":"2002-06-11T00:00:00","slug":"adaptacion-al-transplante-de-arbustos-ornamentales-cultivados-en-contenedor-evaluacion-de-la-eficiencia-ha%c2%addrica","status":"publish","type":"post","link":"https:\/\/www.deberes.net\/tesis\/lleida\/adaptacion-al-transplante-de-arbustos-ornamentales-cultivados-en-contenedor-evaluacion-de-la-eficiencia-ha%c2%addrica\/","title":{"rendered":"Adaptaci\u00f3n al transplante de arbustos ornamentales cultivados en contenedor. evaluaci\u00f3n de la eficiencia h\u00eddrica"},"content":{"rendered":"<h2>Tesis doctoral de <strong>  Pastor S\u00e1ez Jos\u00e9 Narciso <\/strong><\/h2>\n<p>Durante los \u00faltimos a\u00f1os nuestro pa\u00eds est\u00e1 padeciendo innumerables situaciones de sequ\u00eda, centradas especialmente en el \u00e1rea mediterr\u00e1nea. Esta situaci\u00f3n coincide adem\u00e1s con la tendencia mundial respecto de la mala distribuci\u00f3n y menor disponibilidad de recursos h\u00eddricos. La reducci\u00f3n en la disponibilidad de recursos h\u00eddricos en espa\u00f1a se ha cobrado numerosas p\u00e9rdidas en el terreno de la producci\u00f3n agraria, y afecta tambi\u00e9n al consumo de agua de boca de bastantes localidades distribuidas por el territorio nacional. Por otro lado, distintas referencias ponen en evidencia que la agricultura es la mayor consumidora de agua en nuestro pa\u00eds, con cifras que rondan el 80% del consumo total; adem\u00e1s, es el sector de la jardiner\u00eda y zonas verdes el receptor de buena parte de las cr\u00edticas debido al consumo de agua que se le atribuye. Estas cr\u00edticas provienen de una sociedad cada vez m\u00e1s susceptible y sensibilizada con temas medioambientales y con la preservaci\u00f3n de los recursos naturales.  esta tesis doctoral trata de fijar una metodolog\u00eda de trabajo durante la fase de vivero de las plantas ornamentales cultivada en contenedor, de manera que se obtengan plantas que sean m\u00e1s eficientes y competitivas respecto de los recursos h\u00eddricos en el momento de su transplante al terreno definitivo. es precisamente este momento, uno de los cr\u00edticos para la supervivencia de las plantas, y de los que m\u00e1s agua requieren para poder superarlo con \u00e9xito. Se persigue obtener por tanto plantas que sean capaces de prosperar satisfactoriamente tras el transplante con una menor cantidad de agua, de manera que registren un menor n\u00famero de muertes, junto con un mejor aspecto ornamental.  para ello se dise\u00f1aron viveros en los que se hicieron crecer plantas ornamentales con distintos tama\u00f1os de contenedor, disntintos tipos de sustratos, diferentes dosis de riego y diferentes dosis de co2 en aire.  para estudiar la respuesta de las planta tr<\/p>\n<p>&nbsp;<\/p>\n<h3>Datos acad\u00e9micos de la tesis doctoral \u00ab<strong>Adaptaci\u00f3n al transplante de arbustos ornamentales cultivados en contenedor. evaluaci\u00f3n de la eficiencia h\u00eddrica<\/strong>\u00ab<\/h3>\n<ul>\n<li><strong>T\u00edtulo de la tesis:<\/strong>\u00a0 Adaptaci\u00f3n al transplante de arbustos ornamentales cultivados en contenedor. evaluaci\u00f3n de la eficiencia h\u00eddrica <\/li>\n<li><strong>Autor:<\/strong>\u00a0  Pastor S\u00e1ez Jos\u00e9 Narciso <\/li>\n<li><strong>Universidad:<\/strong>\u00a0 Lleida<\/li>\n<li><strong>Fecha de lectura de la tesis:<\/strong>\u00a0 06\/11\/2002<\/li>\n<\/ul>\n<p>&nbsp;<\/p>\n<h3>Direcci\u00f3n y tribunal<\/h3>\n<ul>\n<li><strong>Director de la tesis<\/strong>\n<ul>\n<li>Oriol Marf\u00c1\u00a0<\/li>\n<\/ul>\n<\/li>\n<li><strong>Tribunal<\/strong>\n<ul>\n<li>Presidente del tribunal: jaume Porta casanellas <\/li>\n<li>maite Aguado abril (vocal)<\/li>\n<li>francesc xavier Mart\u00ednez farr\u00e9 (vocal)<\/li>\n<li>ignacio Romagosa clariana (vocal)<\/li>\n<\/ul>\n<\/li>\n<\/ul>\n<p>&nbsp;<\/p>\n","protected":false},"excerpt":{"rendered":"<p>Tesis doctoral de Pastor S\u00e1ez Jos\u00e9 Narciso Durante los \u00faltimos a\u00f1os nuestro pa\u00eds est\u00e1 padeciendo innumerables situaciones de sequ\u00eda, centradas [&hellip;]<\/p>\n","protected":false},"author":1,"featured_media":0,"comment_status":"open","ping_status":"open","sticky":false,"template":"","format":"standard","meta":{"site-sidebar-layout":"default","site-content-layout":"","ast-site-content-layout":"","site-content-style":"default","site-sidebar-style":"default","ast-global-header-display":"","ast-banner-title-visibility":"","ast-main-header-display":"","ast-hfb-above-header-display":"","ast-hfb-below-header-display":"","ast-hfb-mobile-header-display":"","site-post-title":"","ast-breadcrumbs-content":"","ast-featured-img":"","footer-sml-layout":"","theme-transparent-header-meta":"","adv-header-id-meta":"","stick-header-meta":"","header-above-stick-meta":"","header-main-stick-meta":"","header-below-stick-meta":"","astra-migrate-meta-layouts":"default","ast-page-background-enabled":"default","ast-page-background-meta":{"desktop":{"background-color":"var(--ast-global-color-4)","background-image":"","background-repeat":"repeat","background-position":"center center","background-size":"auto","background-attachment":"scroll","background-type":"","background-media":"","overlay-type":"","overlay-color":"","overlay-gradient":""},"tablet":{"background-color":"","background-image":"","background-repeat":"repeat","background-position":"center center","background-size":"auto","background-attachment":"scroll","background-type":"","background-media":"","overlay-type":"","overlay-color":"","overlay-gradient":""},"mobile":{"background-color":"","background-image":"","background-repeat":"repeat","background-position":"center center","background-size":"auto","background-attachment":"scroll","background-type":"","background-media":"","overlay-type":"","overlay-color":"","overlay-gradient":""}},"ast-content-background-meta":{"desktop":{"background-color":"var(--ast-global-color-5)","background-image":"","background-repeat":"repeat","background-position":"center center","background-size":"auto","background-attachment":"scroll","background-type":"","background-media":"","overlay-type":"","overlay-color":"","overlay-gradient":""},"tablet":{"background-color":"var(--ast-global-color-5)","background-image":"","background-repeat":"repeat","background-position":"center center","background-size":"auto","background-attachment":"scroll","background-type":"","background-media":"","overlay-type":"","overlay-color":"","overlay-gradient":""},"mobile":{"background-color":"var(--ast-global-color-5)","background-image":"","background-repeat":"repeat","background-position":"center center","background-size":"auto","background-attachment":"scroll","background-type":"","background-media":"","overlay-type":"","overlay-color":"","overlay-gradient":""}},"footnotes":""},"categories":[18842],"tags":[11136,20902,2504,60582,60581,60580],"class_list":["post-19797","post","type-post","status-publish","format-standard","hentry","category-lleida","tag-francesc-xavier-Martinez-farre","tag-ignacio-romagosa-clariana","tag-jaume-porta-casanellas","tag-maite-aguado-abril","tag-oriol-marfa","tag-pastor-saez-jose-narciso"],"_links":{"self":[{"href":"https:\/\/www.deberes.net\/tesis\/wp-json\/wp\/v2\/posts\/19797","targetHints":{"allow":["GET"]}}],"collection":[{"href":"https:\/\/www.deberes.net\/tesis\/wp-json\/wp\/v2\/posts"}],"about":[{"href":"https:\/\/www.deberes.net\/tesis\/wp-json\/wp\/v2\/types\/post"}],"author":[{"embeddable":true,"href":"https:\/\/www.deberes.net\/tesis\/wp-json\/wp\/v2\/users\/1"}],"replies":[{"embeddable":true,"href":"https:\/\/www.deberes.net\/tesis\/wp-json\/wp\/v2\/comments?post=19797"}],"version-history":[{"count":0,"href":"https:\/\/www.deberes.net\/tesis\/wp-json\/wp\/v2\/posts\/19797\/revisions"}],"wp:attachment":[{"href":"https:\/\/www.deberes.net\/tesis\/wp-json\/wp\/v2\/media?parent=19797"}],"wp:term":[{"taxonomy":"category","embeddable":true,"href":"https:\/\/www.deberes.net\/tesis\/wp-json\/wp\/v2\/categories?post=19797"},{"taxonomy":"post_tag","embeddable":true,"href":"https:\/\/www.deberes.net\/tesis\/wp-json\/wp\/v2\/tags?post=19797"}],"curies":[{"name":"wp","href":"https:\/\/api.w.org\/{rel}","templated":true}]}}