{"id":19898,"date":"2002-12-11T00:00:00","date_gmt":"2002-12-11T00:00:00","guid":{"rendered":"https:\/\/www.deberes.net\/tesis\/sin-categoria\/metodologa%c2%ada-para-caracterizar-la-movilidad-con-fines-de-planeacion-urbana%c2%adstica-en-ciudades-pequenas-y-medias-aplicacion-a-colombia\/"},"modified":"2002-12-11T00:00:00","modified_gmt":"2002-12-11T00:00:00","slug":"metodologa%c2%ada-para-caracterizar-la-movilidad-con-fines-de-planeacion-urbana%c2%adstica-en-ciudades-pequenas-y-medias-aplicacion-a-colombia","status":"publish","type":"post","link":"https:\/\/www.deberes.net\/tesis\/politecnica-de-valencia\/metodologa%c2%ada-para-caracterizar-la-movilidad-con-fines-de-planeacion-urbana%c2%adstica-en-ciudades-pequenas-y-medias-aplicacion-a-colombia\/","title":{"rendered":"Metodolog\u00eda para caracterizar la movilidad con fines de planeaci\u00f3n urban\u00edstica en ciudades peque\u00f1as y medias: aplicaci\u00f3n a colombia"},"content":{"rendered":"<h2>Tesis doctoral de <strong>  C\u00e1rdenas Guevara Daniel Humberto <\/strong><\/h2>\n<p>Los municipios colombianos de tama\u00f1o peque\u00f1o y medio (20.000 a 500.000 habitantes) no disponen de recursos adecuados para afrontar la planificaci\u00f3n del transporte usando las herramientas convencionales de modelaci\u00f3n y el ministerio de transporte de colombia exige realizar estudios, como ayuda a la planificaci\u00f3n del transprote urbano, con base en la informaci\u00f3n de encuestas domiciliarias de movilidad.  existe la necesidad de apoyar a los municipios de tama\u00f1o peque\u00f1o y medio, para que avancen en la cultura del manejo de la informaci\u00f3n y en la planificaci\u00f3n del transporte, planteando un m\u00e9todo que les permita aprovechar los datos de la encuesta domiciliaria de movilidad, para prever los impactos en los viajes, originados por las nuevas urbanizaciones y que utilizando relaciones simples puedan estimar los viajes producidos por cada zona, su distribuci\u00f3n espacial y modal, los incrementos de movilidad en puntos espec\u00edficos de la red, los per\u00edodos t\u00edpicos durante un d\u00eda h\u00e1bil y relacionar los distintos patrones de comportamiento, principalmente con la hora punta, para reproducir la magnitud de los viajes en otros momentos y para diversas combinaciones de variables.  se aporta, con la presente tesis, el m\u00e9todo y un software preliminar que permite procesar las encuestas domiciliarias de movilidad, ensayar modelos de transporte simplificados, determinar per\u00edodos t\u00edpicos y apreciar el impacto que las nuevas urbanizaciones producen en el tr\u00e1nsito, para sitios espec\u00edficos de la red; igualmente, se propone un modelo para estimar la distribuci\u00f3n de viajes, sin considerar el costo generalizado entre zonas y tomando en cuenta la atracci\u00f3n relativa o peso de cada una de ellas, el cual ha representado adecuadamente diversas matrices de distribuci\u00f3n de viajes, con informaci\u00f3n de la ciudad piloto: tunja.<\/p>\n<p>&nbsp;<\/p>\n<h3>Datos acad\u00e9micos de la tesis doctoral \u00ab<strong>Metodolog\u00eda para caracterizar la movilidad con fines de planeaci\u00f3n urban\u00edstica en ciudades peque\u00f1as y medias: aplicaci\u00f3n a colombia<\/strong>\u00ab<\/h3>\n<ul>\n<li><strong>T\u00edtulo de la tesis:<\/strong>\u00a0 Metodolog\u00eda para caracterizar la movilidad con fines de planeaci\u00f3n urban\u00edstica en ciudades peque\u00f1as y medias: aplicaci\u00f3n a colombia <\/li>\n<li><strong>Autor:<\/strong>\u00a0  C\u00e1rdenas Guevara Daniel Humberto <\/li>\n<li><strong>Universidad:<\/strong>\u00a0 Polit\u00e9cnica de Valencia<\/li>\n<li><strong>Fecha de lectura de la tesis:<\/strong>\u00a0 12\/11\/2002<\/li>\n<\/ul>\n<p>&nbsp;<\/p>\n<h3>Direcci\u00f3n y tribunal<\/h3>\n<ul>\n<li><strong>Director de la tesis<\/strong>\n<ul>\n<li>Jos\u00e9 Vicente Colomer Ferrandiz<\/li>\n<\/ul>\n<\/li>\n<li><strong>Tribunal<\/strong>\n<ul>\n<li>Presidente del tribunal:  Izquierdo de bartolome rafael <\/li>\n<li>Antonio  Jos\u00e9 Torres Martinez (vocal)<\/li>\n<li>Jos\u00e9 Mar\u00eda Diaz perez de la lastra (vocal)<\/li>\n<li> Men\u00e9ndez mart\u00ednez Jos\u00e9 m. (vocal)<\/li>\n<\/ul>\n<\/li>\n<\/ul>\n<p>&nbsp;<\/p>\n","protected":false},"excerpt":{"rendered":"<p>Tesis doctoral de C\u00e1rdenas Guevara Daniel Humberto Los municipios colombianos de tama\u00f1o peque\u00f1o y medio (20.000 a 500.000 habitantes) no [&hellip;]<\/p>\n","protected":false},"author":1,"featured_media":0,"comment_status":"open","ping_status":"open","sticky":false,"template":"","format":"standard","meta":{"site-sidebar-layout":"default","site-content-layout":"","ast-site-content-layout":"","site-content-style":"default","site-sidebar-style":"default","ast-global-header-display":"","ast-banner-title-visibility":"","ast-main-header-display":"","ast-hfb-above-header-display":"","ast-hfb-below-header-display":"","ast-hfb-mobile-header-display":"","site-post-title":"","ast-breadcrumbs-content":"","ast-featured-img":"","footer-sml-layout":"","theme-transparent-header-meta":"","adv-header-id-meta":"","stick-header-meta":"","header-above-stick-meta":"","header-main-stick-meta":"","header-below-stick-meta":"","astra-migrate-meta-layouts":"default","ast-page-background-enabled":"default","ast-page-background-meta":{"desktop":{"background-color":"var(--ast-global-color-4)","background-image":"","background-repeat":"repeat","background-position":"center center","background-size":"auto","background-attachment":"scroll","background-type":"","background-media":"","overlay-type":"","overlay-color":"","overlay-gradient":""},"tablet":{"background-color":"","background-image":"","background-repeat":"repeat","background-position":"center center","background-size":"auto","background-attachment":"scroll","background-type":"","background-media":"","overlay-type":"","overlay-color":"","overlay-gradient":""},"mobile":{"background-color":"","background-image":"","background-repeat":"repeat","background-position":"center center","background-size":"auto","background-attachment":"scroll","background-type":"","background-media":"","overlay-type":"","overlay-color":"","overlay-gradient":""}},"ast-content-background-meta":{"desktop":{"background-color":"var(--ast-global-color-5)","background-image":"","background-repeat":"repeat","background-position":"center center","background-size":"auto","background-attachment":"scroll","background-type":"","background-media":"","overlay-type":"","overlay-color":"","overlay-gradient":""},"tablet":{"background-color":"var(--ast-global-color-5)","background-image":"","background-repeat":"repeat","background-position":"center center","background-size":"auto","background-attachment":"scroll","background-type":"","background-media":"","overlay-type":"","overlay-color":"","overlay-gradient":""},"mobile":{"background-color":"var(--ast-global-color-5)","background-image":"","background-repeat":"repeat","background-position":"center center","background-size":"auto","background-attachment":"scroll","background-type":"","background-media":"","overlay-type":"","overlay-color":"","overlay-gradient":""}},"footnotes":""},"categories":[16820],"tags":[60840,60839,16606,26289,16373,60841],"class_list":["post-19898","post","type-post","status-publish","format-standard","hentry","category-politecnica-de-valencia","tag-antonio-jose-torres-Martinez","tag-cardenas-guevara-daniel-humberto","tag-izquierdo-de-bartolome-rafael","tag-jose-maria-diaz-perez-de-la-lastra","tag-jose-vicente-colomer-ferrandiz","tag-menendez-Martinez-jose-m"],"_links":{"self":[{"href":"https:\/\/www.deberes.net\/tesis\/wp-json\/wp\/v2\/posts\/19898","targetHints":{"allow":["GET"]}}],"collection":[{"href":"https:\/\/www.deberes.net\/tesis\/wp-json\/wp\/v2\/posts"}],"about":[{"href":"https:\/\/www.deberes.net\/tesis\/wp-json\/wp\/v2\/types\/post"}],"author":[{"embeddable":true,"href":"https:\/\/www.deberes.net\/tesis\/wp-json\/wp\/v2\/users\/1"}],"replies":[{"embeddable":true,"href":"https:\/\/www.deberes.net\/tesis\/wp-json\/wp\/v2\/comments?post=19898"}],"version-history":[{"count":0,"href":"https:\/\/www.deberes.net\/tesis\/wp-json\/wp\/v2\/posts\/19898\/revisions"}],"wp:attachment":[{"href":"https:\/\/www.deberes.net\/tesis\/wp-json\/wp\/v2\/media?parent=19898"}],"wp:term":[{"taxonomy":"category","embeddable":true,"href":"https:\/\/www.deberes.net\/tesis\/wp-json\/wp\/v2\/categories?post=19898"},{"taxonomy":"post_tag","embeddable":true,"href":"https:\/\/www.deberes.net\/tesis\/wp-json\/wp\/v2\/tags?post=19898"}],"curies":[{"name":"wp","href":"https:\/\/api.w.org\/{rel}","templated":true}]}}