{"id":19971,"date":"2018-03-09T09:09:08","date_gmt":"2018-03-09T09:09:08","guid":{"rendered":"https:\/\/www.deberes.net\/tesis\/sin-categoria\/implantacion-de-un-programa-de-ciruga%c2%ada-menor-en-una-zona-basica-de-salud\/"},"modified":"2018-03-09T09:09:08","modified_gmt":"2018-03-09T09:09:08","slug":"implantacion-de-un-programa-de-ciruga%c2%ada-menor-en-una-zona-basica-de-salud","status":"publish","type":"post","link":"https:\/\/www.deberes.net\/tesis\/sin-categoria\/implantacion-de-un-programa-de-ciruga%c2%ada-menor-en-una-zona-basica-de-salud\/","title":{"rendered":"Implantaci\u00f3n de un programa de cirugia menor en una zona b\u00e1sica de salud"},"content":{"rendered":"<h2>Tesis doctoral de <strong>  P\u00e9rez Rodr\u00edguez M. Teresa <\/strong><\/h2>\n<p>Este trabajo se ha orientado para efectuar una valoraci\u00f3n de las t\u00e9cnicas quir\u00fargicas m\u00e1s utilizadas en atenci\u00f3n primaria, determinar las lesiones m\u00e1s frecuentes tratadas mediante estas t\u00e9cnicas, complicaciones derivadas de la pr\u00e1ctica de estas intervenciones, an\u00e1lisis coste-efectividad y su comparaci\u00f3n con los costes hospitalarios, posible reducci\u00f3n de listas de espera, posible disminuci\u00f3n de interconsultas a nivel especializado y nivel de satisfacci\u00f3n del usuario.  el estudio se desarrolla durante 36 meses, comprendidos desde el uno de julio de 1998 al uno de julio del 2001 participando 711 pacientes intervenidos por patolog\u00edas subsidiarias de cirug\u00eda menor pertenecientes a la zona b\u00e1sica de salud de san lorenzo de la parrilla.  realizamos un estudio econ\u00f3mico valorando los costes de esta pr\u00e1ctica en los centros de salud y compar\u00e1ndolos con los costes en centros especializados privados.  posteriormente, para evaluar el grado de satisfacci\u00f3n de los usuarios se realiz\u00f3 una encuesta a la poblaic\u00f3n, seleccionada de forma aleatoria.<\/p>\n<p>&nbsp;<\/p>\n<h3>Datos acad\u00e9micos de la tesis doctoral \u00ab<strong>Implantaci\u00f3n de un programa de cirugia menor en una zona b\u00e1sica de salud<\/strong>\u00ab<\/h3>\n<ul>\n<li><strong>T\u00edtulo de la tesis:<\/strong>\u00a0 Implantaci\u00f3n de un programa de cirugia menor en una zona b\u00e1sica de salud <\/li>\n<li><strong>Autor:<\/strong>\u00a0  P\u00e9rez Rodr\u00edguez M. Teresa <\/li>\n<li><strong>Universidad:<\/strong>\u00a0 Aut\u00f3noma de Madrid<\/li>\n<li><strong>Fecha de lectura de la tesis:<\/strong>\u00a0 15\/11\/2002<\/li>\n<\/ul>\n<p>&nbsp;<\/p>\n<h3>Direcci\u00f3n y tribunal<\/h3>\n<ul>\n<li><strong>Director de la tesis<\/strong>\n<ul>\n<li>Pedro Juan Tarraga  Lopez<\/li>\n<\/ul>\n<\/li>\n<li><strong>Tribunal<\/strong>\n<ul>\n<li>Presidente del tribunal: Luis Garcia  sancho martin <\/li>\n<li>Jes\u00fas Cifuentes tebar (vocal)<\/li>\n<li>Jes\u00fas Culebras fern\u00e1ndez (vocal)<\/li>\n<li>pablo V\u00e1zquez arag\u00f3n (vocal)<\/li>\n<\/ul>\n<\/li>\n<\/ul>\n<p>&nbsp;<\/p>\n","protected":false},"excerpt":{"rendered":"<p>Tesis doctoral de P\u00e9rez Rodr\u00edguez M. Teresa Este trabajo se ha orientado para efectuar una valoraci\u00f3n de las t\u00e9cnicas quir\u00fargicas [&hellip;]<\/p>\n","protected":false},"author":1,"featured_media":0,"comment_status":"open","ping_status":"open","sticky":false,"template":"","format":"standard","meta":{"site-sidebar-layout":"default","site-content-layout":"","ast-site-content-layout":"","site-content-style":"default","site-sidebar-style":"default","ast-global-header-display":"","ast-banner-title-visibility":"","ast-main-header-display":"","ast-hfb-above-header-display":"","ast-hfb-below-header-display":"","ast-hfb-mobile-header-display":"","site-post-title":"","ast-breadcrumbs-content":"","ast-featured-img":"","footer-sml-layout":"","theme-transparent-header-meta":"","adv-header-id-meta":"","stick-header-meta":"","header-above-stick-meta":"","header-main-stick-meta":"","header-below-stick-meta":"","astra-migrate-meta-layouts":"default","ast-page-background-enabled":"default","ast-page-background-meta":{"desktop":{"background-color":"var(--ast-global-color-4)","background-image":"","background-repeat":"repeat","background-position":"center center","background-size":"auto","background-attachment":"scroll","background-type":"","background-media":"","overlay-type":"","overlay-color":"","overlay-gradient":""},"tablet":{"background-color":"","background-image":"","background-repeat":"repeat","background-position":"center center","background-size":"auto","background-attachment":"scroll","background-type":"","background-media":"","overlay-type":"","overlay-color":"","overlay-gradient":""},"mobile":{"background-color":"","background-image":"","background-repeat":"repeat","background-position":"center center","background-size":"auto","background-attachment":"scroll","background-type":"","background-media":"","overlay-type":"","overlay-color":"","overlay-gradient":""}},"ast-content-background-meta":{"desktop":{"background-color":"var(--ast-global-color-5)","background-image":"","background-repeat":"repeat","background-position":"center center","background-size":"auto","background-attachment":"scroll","background-type":"","background-media":"","overlay-type":"","overlay-color":"","overlay-gradient":""},"tablet":{"background-color":"var(--ast-global-color-5)","background-image":"","background-repeat":"repeat","background-position":"center center","background-size":"auto","background-attachment":"scroll","background-type":"","background-media":"","overlay-type":"","overlay-color":"","overlay-gradient":""},"mobile":{"background-color":"var(--ast-global-color-5)","background-image":"","background-repeat":"repeat","background-position":"center center","background-size":"auto","background-attachment":"scroll","background-type":"","background-media":"","overlay-type":"","overlay-color":"","overlay-gradient":""}},"footnotes":""},"categories":[1],"tags":[24959,14400,3776,61023,61022,61021],"class_list":["post-19971","post","type-post","status-publish","format-standard","hentry","category-sin-categoria","tag-jesus-cifuentes-tebar","tag-jesus-culebras-fernandez","tag-luis-garcia-sancho-martin","tag-pablo-vazquez-aragon","tag-pedro-juan-tarraga-lopez","tag-perez-rodriguez-m-teresa"],"_links":{"self":[{"href":"https:\/\/www.deberes.net\/tesis\/wp-json\/wp\/v2\/posts\/19971","targetHints":{"allow":["GET"]}}],"collection":[{"href":"https:\/\/www.deberes.net\/tesis\/wp-json\/wp\/v2\/posts"}],"about":[{"href":"https:\/\/www.deberes.net\/tesis\/wp-json\/wp\/v2\/types\/post"}],"author":[{"embeddable":true,"href":"https:\/\/www.deberes.net\/tesis\/wp-json\/wp\/v2\/users\/1"}],"replies":[{"embeddable":true,"href":"https:\/\/www.deberes.net\/tesis\/wp-json\/wp\/v2\/comments?post=19971"}],"version-history":[{"count":0,"href":"https:\/\/www.deberes.net\/tesis\/wp-json\/wp\/v2\/posts\/19971\/revisions"}],"wp:attachment":[{"href":"https:\/\/www.deberes.net\/tesis\/wp-json\/wp\/v2\/media?parent=19971"}],"wp:term":[{"taxonomy":"category","embeddable":true,"href":"https:\/\/www.deberes.net\/tesis\/wp-json\/wp\/v2\/categories?post=19971"},{"taxonomy":"post_tag","embeddable":true,"href":"https:\/\/www.deberes.net\/tesis\/wp-json\/wp\/v2\/tags?post=19971"}],"curies":[{"name":"wp","href":"https:\/\/api.w.org\/{rel}","templated":true}]}}