{"id":19988,"date":"2018-03-09T09:09:10","date_gmt":"2018-03-09T09:09:10","guid":{"rendered":"https:\/\/www.deberes.net\/tesis\/sin-categoria\/el-patrimonio-constitucional-europeo-su-asimilacion-por-el-orden-jura%c2%addico-comunitario-analisis-especa%c2%adfico-del-patrimonio-europeo-de-los-derechos-fundamentales\/"},"modified":"2018-03-09T09:09:10","modified_gmt":"2018-03-09T09:09:10","slug":"el-patrimonio-constitucional-europeo-su-asimilacion-por-el-orden-jura%c2%addico-comunitario-analisis-especa%c2%adfico-del-patrimonio-europeo-de-los-derechos-fundamentales","status":"publish","type":"post","link":"https:\/\/www.deberes.net\/tesis\/sin-categoria\/el-patrimonio-constitucional-europeo-su-asimilacion-por-el-orden-jura%c2%addico-comunitario-analisis-especa%c2%adfico-del-patrimonio-europeo-de-los-derechos-fundamentales\/","title":{"rendered":"El patrimonio constitucional europeo: su asimilaci\u00f3n por el orden jur\u00eddico comunitario. (an\u00e1lisis espec\u00edfico del patrimonio europeo de los derechos fundamentales)"},"content":{"rendered":"<h2>Tesis doctoral de <strong>  Ortiz Pica M. Isabel <\/strong><\/h2>\n<p>El proceso de integraci\u00f3n europea ha venido marcado desde sus inicios por su dinamismo; por la adaptaci\u00f3n de sus presupuestos, objetivos y fines a la consecuci\u00f3n de retos cada vez m\u00e1s comprometidos. As\u00ed, de la comunidad econ\u00f3mica se ha pasado, en menos de medio siglo, a la uni\u00f3n pol\u00edtica, y todo ello sin rupturas, sin grandes crisis &#8230;, A \u00abpeque\u00f1os pasos\u00bb.  los resultados de esta evoluci\u00f3n son f\u00e1cilmente perceptibles en la pr\u00e1ctica, pero tambi\u00e9n lo son las carencias estructurales generadas por este proceso en la uni\u00f3n europea. Carencias fundamentalmente de orden constitucional.  en este marco, la investigaci\u00f3n se ha consagrado a argumentar la necesidad de acometer reformas de \u00edndole constitucional en la estructura comunitaria. el planteamiento de la tesis parte de una premisa clara: en el estado actual en que se encuentra el proceso de integraci\u00f3n, la uni\u00f3n europea necesita materializar modificaciones estructurales de relevancia constitucional que permitan salvar su d\u00e9ficit democr\u00e1tico y de legitimidad.  una vez aceptada la necesidad de modificar en profundidad la estructura constitucional de la uni\u00f3n europea, la segunda premisa concierne al m\u00e9todo que debe utilizarse para propiciar la transformaci\u00f3n constitucional requerida. el m\u00e9todo elegido no es sino la adaptaci\u00f3n del patrimonio constitucional de los estados miembros de la uni\u00f3n europea a la original estructura comunitaria.  la identificaci\u00f3n del contenido y alcance del patrimonio constitucional europeo aparece como el punto de partida de nuestra reflexi\u00f3n. Una reflexi\u00f3n que comienza con la elecic\u00f3n de aquellos principos de derecho b\u00e1sicos en torno a los que posteriormente gira la totalidad del estudio: la democracia, el estado de derecho y la protecci\u00f3n de los derechos fundamentales. En el contexto de la tesis, estos principios nos sirven como criterio inspirador de la necesaria transformaci\u00f3n del orden jur\u00eddico comunitario.  la \u00faltima parte de<\/p>\n<p>&nbsp;<\/p>\n<h3>Datos acad\u00e9micos de la tesis doctoral \u00ab<strong>El patrimonio constitucional europeo: su asimilaci\u00f3n por el orden jur\u00eddico comunitario. (an\u00e1lisis espec\u00edfico del patrimonio europeo de los derechos fundamentales)<\/strong>\u00ab<\/h3>\n<ul>\n<li><strong>T\u00edtulo de la tesis:<\/strong>\u00a0 El patrimonio constitucional europeo: su asimilaci\u00f3n por el orden jur\u00eddico comunitario. (an\u00e1lisis espec\u00edfico del patrimonio europeo de los derechos fundamentales) <\/li>\n<li><strong>Autor:<\/strong>\u00a0  Ortiz Pica M. Isabel <\/li>\n<li><strong>Universidad:<\/strong>\u00a0 Aut\u00f3noma de barcelona<\/li>\n<li><strong>Fecha de lectura de la tesis:<\/strong>\u00a0 16\/11\/2002<\/li>\n<\/ul>\n<p>&nbsp;<\/p>\n<h3>Direcci\u00f3n y tribunal<\/h3>\n<ul>\n<li><strong>Director de la tesis<\/strong>\n<ul>\n<li>Teresa Freixes SanJuan<\/li>\n<\/ul>\n<\/li>\n<li><strong>Tribunal<\/strong>\n<ul>\n<li>Presidente del tribunal: francis Delperee <\/li>\n<li>tom Eijsbouts (vocal)<\/li>\n<li>dominique Rousseau (vocal)<\/li>\n<li>teresa Freixes (vocal)<\/li>\n<\/ul>\n<\/li>\n<\/ul>\n<p>&nbsp;<\/p>\n","protected":false},"excerpt":{"rendered":"<p>Tesis doctoral de Ortiz Pica M. Isabel El proceso de integraci\u00f3n europea ha venido marcado desde sus inicios por su [&hellip;]<\/p>\n","protected":false},"author":1,"featured_media":0,"comment_status":"open","ping_status":"open","sticky":false,"template":"","format":"standard","meta":{"site-sidebar-layout":"default","site-content-layout":"","ast-site-content-layout":"","site-content-style":"default","site-sidebar-style":"default","ast-global-header-display":"","ast-banner-title-visibility":"","ast-main-header-display":"","ast-hfb-above-header-display":"","ast-hfb-below-header-display":"","ast-hfb-mobile-header-display":"","site-post-title":"","ast-breadcrumbs-content":"","ast-featured-img":"","footer-sml-layout":"","theme-transparent-header-meta":"","adv-header-id-meta":"","stick-header-meta":"","header-above-stick-meta":"","header-main-stick-meta":"","header-below-stick-meta":"","astra-migrate-meta-layouts":"default","ast-page-background-enabled":"default","ast-page-background-meta":{"desktop":{"background-color":"var(--ast-global-color-4)","background-image":"","background-repeat":"repeat","background-position":"center center","background-size":"auto","background-attachment":"scroll","background-type":"","background-media":"","overlay-type":"","overlay-color":"","overlay-gradient":""},"tablet":{"background-color":"","background-image":"","background-repeat":"repeat","background-position":"center center","background-size":"auto","background-attachment":"scroll","background-type":"","background-media":"","overlay-type":"","overlay-color":"","overlay-gradient":""},"mobile":{"background-color":"","background-image":"","background-repeat":"repeat","background-position":"center center","background-size":"auto","background-attachment":"scroll","background-type":"","background-media":"","overlay-type":"","overlay-color":"","overlay-gradient":""}},"ast-content-background-meta":{"desktop":{"background-color":"var(--ast-global-color-5)","background-image":"","background-repeat":"repeat","background-position":"center center","background-size":"auto","background-attachment":"scroll","background-type":"","background-media":"","overlay-type":"","overlay-color":"","overlay-gradient":""},"tablet":{"background-color":"var(--ast-global-color-5)","background-image":"","background-repeat":"repeat","background-position":"center center","background-size":"auto","background-attachment":"scroll","background-type":"","background-media":"","overlay-type":"","overlay-color":"","overlay-gradient":""},"mobile":{"background-color":"var(--ast-global-color-5)","background-image":"","background-repeat":"repeat","background-position":"center center","background-size":"auto","background-attachment":"scroll","background-type":"","background-media":"","overlay-type":"","overlay-color":"","overlay-gradient":""}},"footnotes":""},"categories":[1],"tags":[61065,61063,61062,61066,45417,61064],"class_list":["post-19988","post","type-post","status-publish","format-standard","hentry","category-sin-categoria","tag-dominique-rousseau","tag-francis-delperee","tag-ortiz-pica-m-isabel","tag-teresa-freixes","tag-teresa-freixes-sanjuan","tag-tom-eijsbouts"],"_links":{"self":[{"href":"https:\/\/www.deberes.net\/tesis\/wp-json\/wp\/v2\/posts\/19988","targetHints":{"allow":["GET"]}}],"collection":[{"href":"https:\/\/www.deberes.net\/tesis\/wp-json\/wp\/v2\/posts"}],"about":[{"href":"https:\/\/www.deberes.net\/tesis\/wp-json\/wp\/v2\/types\/post"}],"author":[{"embeddable":true,"href":"https:\/\/www.deberes.net\/tesis\/wp-json\/wp\/v2\/users\/1"}],"replies":[{"embeddable":true,"href":"https:\/\/www.deberes.net\/tesis\/wp-json\/wp\/v2\/comments?post=19988"}],"version-history":[{"count":0,"href":"https:\/\/www.deberes.net\/tesis\/wp-json\/wp\/v2\/posts\/19988\/revisions"}],"wp:attachment":[{"href":"https:\/\/www.deberes.net\/tesis\/wp-json\/wp\/v2\/media?parent=19988"}],"wp:term":[{"taxonomy":"category","embeddable":true,"href":"https:\/\/www.deberes.net\/tesis\/wp-json\/wp\/v2\/categories?post=19988"},{"taxonomy":"post_tag","embeddable":true,"href":"https:\/\/www.deberes.net\/tesis\/wp-json\/wp\/v2\/tags?post=19988"}],"curies":[{"name":"wp","href":"https:\/\/api.w.org\/{rel}","templated":true}]}}