{"id":19990,"date":"2018-03-09T09:09:10","date_gmt":"2018-03-09T09:09:10","guid":{"rendered":"https:\/\/www.deberes.net\/tesis\/sin-categoria\/les-rutines-de-parla-en-el-catala-col-loquial\/"},"modified":"2018-03-09T09:09:10","modified_gmt":"2018-03-09T09:09:10","slug":"les-rutines-de-parla-en-el-catala-col-loquial","status":"publish","type":"post","link":"https:\/\/www.deberes.net\/tesis\/historia\/les-rutines-de-parla-en-el-catala-col-loquial\/","title":{"rendered":"Les rutines de parla en el catal\u00e1 col.loquial"},"content":{"rendered":"<h2>Tesis doctoral de <strong> Oscar Bladas Mart\u00ed <\/strong><\/h2>\n<p>El objetivo de la tesis es aportar nuevos datos sobre el comportamiento de los llamados \u00ab\u00bbenunciados fraseol\u00f3gicos\u00bb\u00bb o \u00ab\u00bbestereotipos de habla\u00bb\u00bb (en catal\u00e1n, \u00ab\u00bbrutines de parla\u00bb\u00bb, p.E.: \u00ab\u00bbAra ve quan el maten\u00bb\u00bb, \u00ab\u00bbcom va aix\u00ed\u00b2?\u00bb\u00bb, \u00ab\u00bbpara el carro!). Para ello, se analizan 11 grabaciones de conversaciones informales del catal\u00e1n de la zona metropolitana de barcelona y se propone la hip\u00f3tesis, desde una perspectiva estrictamente pragm\u00e1tica, que dichos enunciados, a diferencia de otros menos estereotipados, no pueden modificar ni su forma l\u00e9xica ni sus \u00ab\u00bbcoordenadas de\u00edcticas\u00bb\u00bb (t\u00e9rmino empleado en este trabajo para referirse a la variaci\u00f3n espacio-temporal de cualquier enunciado) sin que su aceptabilidad pragm\u00e1tica se vea afectada. Estos datos sirven para precisar mejor el concepto de \u00ab\u00bbasociaci\u00f3n a una funci\u00f3n pragm\u00e1tica\u00bb\u00bb que muchas definiciones sobre los estereotipos de habla incluyen sin especificar, no obstante, en qu\u00e9 consiste exactamente.  adem\u00e1s tambi\u00e9n se propone una clasificaci\u00f3n de los enunciados fraseol\u00f3gicos m\u00e1s habituales del catal\u00e1n de la zona de barcelona y se presenta un peque\u00f1o estudio cuantitativo que sit\u00faa en el 15% aproximadamente, el porcentaje de discurso estereotipado que suele parecer en las conversaciones informales del catal\u00e1n hablado en esta zona.<\/p>\n<p>&nbsp;<\/p>\n<h3>Datos acad\u00e9micos de la tesis doctoral \u00ab<strong>Les rutines de parla en el catal\u00e1 col.loquial<\/strong>\u00ab<\/h3>\n<ul>\n<li><strong>T\u00edtulo de la tesis:<\/strong>\u00a0 Les rutines de parla en el catal\u00e1 col.loquial <\/li>\n<li><strong>Autor:<\/strong>\u00a0 Oscar Bladas Mart\u00ed <\/li>\n<li><strong>Universidad:<\/strong>\u00a0 Barcelona<\/li>\n<li><strong>Fecha de lectura de la tesis:<\/strong>\u00a0 18\/11\/2002<\/li>\n<\/ul>\n<p>&nbsp;<\/p>\n<h3>Direcci\u00f3n y tribunal<\/h3>\n<ul>\n<li><strong>Director de la tesis<\/strong>\n<ul>\n<li>Llu\u00eds Payrat\u00f3 Gim\u00e9nez<\/li>\n<\/ul>\n<\/li>\n<li><strong>Tribunal<\/strong>\n<ul>\n<li>Presidente del tribunal: joan Veny clar <\/li>\n<li>vicent Manuel Salvador liern (vocal)<\/li>\n<li>margarida Bassols puig (vocal)<\/li>\n<li>amadeu Viana san andres (vocal)<\/li>\n<\/ul>\n<\/li>\n<\/ul>\n<p>&nbsp;<\/p>\n","protected":false},"excerpt":{"rendered":"<p>Tesis doctoral de Oscar Bladas Mart\u00ed El objetivo de la tesis es aportar nuevos datos sobre el comportamiento de los [&hellip;]<\/p>\n","protected":false},"author":1,"featured_media":0,"comment_status":"open","ping_status":"open","sticky":false,"template":"","format":"standard","meta":{"site-sidebar-layout":"default","site-content-layout":"","ast-site-content-layout":"","site-content-style":"default","site-sidebar-style":"default","ast-global-header-display":"","ast-banner-title-visibility":"","ast-main-header-display":"","ast-hfb-above-header-display":"","ast-hfb-below-header-display":"","ast-hfb-mobile-header-display":"","site-post-title":"","ast-breadcrumbs-content":"","ast-featured-img":"","footer-sml-layout":"","theme-transparent-header-meta":"","adv-header-id-meta":"","stick-header-meta":"","header-above-stick-meta":"","header-main-stick-meta":"","header-below-stick-meta":"","astra-migrate-meta-layouts":"default","ast-page-background-enabled":"default","ast-page-background-meta":{"desktop":{"background-color":"var(--ast-global-color-4)","background-image":"","background-repeat":"repeat","background-position":"center center","background-size":"auto","background-attachment":"scroll","background-type":"","background-media":"","overlay-type":"","overlay-color":"","overlay-gradient":""},"tablet":{"background-color":"","background-image":"","background-repeat":"repeat","background-position":"center center","background-size":"auto","background-attachment":"scroll","background-type":"","background-media":"","overlay-type":"","overlay-color":"","overlay-gradient":""},"mobile":{"background-color":"","background-image":"","background-repeat":"repeat","background-position":"center center","background-size":"auto","background-attachment":"scroll","background-type":"","background-media":"","overlay-type":"","overlay-color":"","overlay-gradient":""}},"ast-content-background-meta":{"desktop":{"background-color":"var(--ast-global-color-5)","background-image":"","background-repeat":"repeat","background-position":"center center","background-size":"auto","background-attachment":"scroll","background-type":"","background-media":"","overlay-type":"","overlay-color":"","overlay-gradient":""},"tablet":{"background-color":"var(--ast-global-color-5)","background-image":"","background-repeat":"repeat","background-position":"center center","background-size":"auto","background-attachment":"scroll","background-type":"","background-media":"","overlay-type":"","overlay-color":"","overlay-gradient":""},"mobile":{"background-color":"var(--ast-global-color-5)","background-image":"","background-repeat":"repeat","background-position":"center center","background-size":"auto","background-attachment":"scroll","background-type":"","background-media":"","overlay-type":"","overlay-color":"","overlay-gradient":""}},"footnotes":""},"categories":[951,1624,2142,104],"tags":[11474,13535,11476,37386,61070,11472],"class_list":["post-19990","post","type-post","status-publish","format-standard","hentry","category-barcelona","category-ciencias-auxiliares-de-la-historia","category-filologia","category-historia","tag-amadeu-viana-san-andres","tag-joan-veny-clar","tag-lluis-payrato-gimenez","tag-margarida-bassols-puig","tag-oscar-bladas-marti","tag-vicent-manuel-salvador-liern"],"_links":{"self":[{"href":"https:\/\/www.deberes.net\/tesis\/wp-json\/wp\/v2\/posts\/19990","targetHints":{"allow":["GET"]}}],"collection":[{"href":"https:\/\/www.deberes.net\/tesis\/wp-json\/wp\/v2\/posts"}],"about":[{"href":"https:\/\/www.deberes.net\/tesis\/wp-json\/wp\/v2\/types\/post"}],"author":[{"embeddable":true,"href":"https:\/\/www.deberes.net\/tesis\/wp-json\/wp\/v2\/users\/1"}],"replies":[{"embeddable":true,"href":"https:\/\/www.deberes.net\/tesis\/wp-json\/wp\/v2\/comments?post=19990"}],"version-history":[{"count":0,"href":"https:\/\/www.deberes.net\/tesis\/wp-json\/wp\/v2\/posts\/19990\/revisions"}],"wp:attachment":[{"href":"https:\/\/www.deberes.net\/tesis\/wp-json\/wp\/v2\/media?parent=19990"}],"wp:term":[{"taxonomy":"category","embeddable":true,"href":"https:\/\/www.deberes.net\/tesis\/wp-json\/wp\/v2\/categories?post=19990"},{"taxonomy":"post_tag","embeddable":true,"href":"https:\/\/www.deberes.net\/tesis\/wp-json\/wp\/v2\/tags?post=19990"}],"curies":[{"name":"wp","href":"https:\/\/api.w.org\/{rel}","templated":true}]}}