{"id":20022,"date":"2018-03-09T09:09:12","date_gmt":"2018-03-09T09:09:12","guid":{"rendered":"https:\/\/www.deberes.net\/tesis\/sin-categoria\/valle-inclan-orador\/"},"modified":"2018-03-09T09:09:12","modified_gmt":"2018-03-09T09:09:12","slug":"valle-inclan-orador","status":"publish","type":"post","link":"https:\/\/www.deberes.net\/tesis\/sin-categoria\/valle-inclan-orador\/","title":{"rendered":"Valle-incl\u00e1n orador"},"content":{"rendered":"<h2>Tesis doctoral de <strong>  S\u00e1nchez-colomer Ruiz M. Fernanda <\/strong><\/h2>\n<p>Valle-incl\u00e1n no fue un orador ocasional, sino que dio conferencias a lo largo de toda su vida. Hasta el momento, disponemos de un total de cincuenta y siete conferencias documentadas, y ello sin contar con los discursos pronunciados en banquetes y homenajes, que se excluyen de este estudio por su car\u00e1cter meramente circunstancial.  el contenido de las conferencias nos ha llegado a trav\u00e9s de rese\u00f1as period\u00edsticas, algunas de las cuales ya hab\u00edan sido objeto de estudios espec\u00edficos. Faltaba, sin embargo, un estudio de conjunto, tanto de la figura del valle-incl\u00e1n orador como del contenido de sus disertaciones. Esta tesis doctoral aborda dicho an\u00e1lisis en un triple sentido. En primer lugar, se traza el panorama de la oratoria en la \u00e9poca de valle-incl\u00e1n -haci\u00e9ndose referencia tanto a la predicaci\u00f3n religiosa como al discurso p\u00fablico de pol\u00edticos e intelectuales-, y, paralelamente, se rastrea la presencia de oradores en la obra valleinclana. en segundo lugar, se reconstruyen la figura del valle-incl\u00e1n orador y su idea de la oratoria, poni\u00e9ndose de relieve las conexiones entre sus conceptos te\u00f3ricos y la tradici\u00f3n ret\u00f3rica; asimismo, se constata la evoluci\u00f3n del estilo oratorio del escritor y se indaga en la recepci\u00f3n de sus discurso. por \u00faltimo, se efect\u00faa un an\u00e1lisis tem\u00e1tico de las disertaciones, que se ci\u00f1e a estos grandes bloques: el quietismo est\u00e9tico, la visi\u00f3n de espa\u00f1a, las artes pl\u00e1sticas, el estilo literario y las ideas sobre la novela. En el aparato bibliogr\u00e1fico, se incluye una tabla con todas las conferencias documentadas hasta la fecha, y, en el ap\u00e9ndice documental, se transcriben tres rese\u00f1as desconocidas de conferencias valleinclanianas.<\/p>\n<p>&nbsp;<\/p>\n<h3>Datos acad\u00e9micos de la tesis doctoral \u00ab<strong>Valle-incl\u00e1n orador<\/strong>\u00ab<\/h3>\n<ul>\n<li><strong>T\u00edtulo de la tesis:<\/strong>\u00a0 Valle-incl\u00e1n orador <\/li>\n<li><strong>Autor:<\/strong>\u00a0  S\u00e1nchez-colomer Ruiz M. Fernanda <\/li>\n<li><strong>Universidad:<\/strong>\u00a0 Aut\u00f3noma de barcelona<\/li>\n<li><strong>Fecha de lectura de la tesis:<\/strong>\u00a0 19\/11\/2002<\/li>\n<\/ul>\n<p>&nbsp;<\/p>\n<h3>Direcci\u00f3n y tribunal<\/h3>\n<ul>\n<li><strong>Director de la tesis<\/strong>\n<ul>\n<li>Manuel Aznar Soler<\/li>\n<\/ul>\n<\/li>\n<li><strong>Tribunal<\/strong>\n<ul>\n<li>Presidente del tribunal: eliane Lavaud-fage <\/li>\n<li>dru Dougherty (vocal)<\/li>\n<li>serge Sala\u00ed\u00bcn (vocal)<\/li>\n<li>Javier Serrano (vocal)<\/li>\n<\/ul>\n<\/li>\n<\/ul>\n<p>&nbsp;<\/p>\n","protected":false},"excerpt":{"rendered":"<p>Tesis doctoral de S\u00e1nchez-colomer Ruiz M. Fernanda Valle-incl\u00e1n no fue un orador ocasional, sino que dio conferencias a lo largo [&hellip;]<\/p>\n","protected":false},"author":1,"featured_media":0,"comment_status":"open","ping_status":"open","sticky":false,"template":"","format":"standard","meta":{"site-sidebar-layout":"default","site-content-layout":"","ast-site-content-layout":"","site-content-style":"default","site-sidebar-style":"default","ast-global-header-display":"","ast-banner-title-visibility":"","ast-main-header-display":"","ast-hfb-above-header-display":"","ast-hfb-below-header-display":"","ast-hfb-mobile-header-display":"","site-post-title":"","ast-breadcrumbs-content":"","ast-featured-img":"","footer-sml-layout":"","theme-transparent-header-meta":"","adv-header-id-meta":"","stick-header-meta":"","header-above-stick-meta":"","header-main-stick-meta":"","header-below-stick-meta":"","astra-migrate-meta-layouts":"default","ast-page-background-enabled":"default","ast-page-background-meta":{"desktop":{"background-color":"var(--ast-global-color-4)","background-image":"","background-repeat":"repeat","background-position":"center center","background-size":"auto","background-attachment":"scroll","background-type":"","background-media":"","overlay-type":"","overlay-color":"","overlay-gradient":""},"tablet":{"background-color":"","background-image":"","background-repeat":"repeat","background-position":"center center","background-size":"auto","background-attachment":"scroll","background-type":"","background-media":"","overlay-type":"","overlay-color":"","overlay-gradient":""},"mobile":{"background-color":"","background-image":"","background-repeat":"repeat","background-position":"center center","background-size":"auto","background-attachment":"scroll","background-type":"","background-media":"","overlay-type":"","overlay-color":"","overlay-gradient":""}},"ast-content-background-meta":{"desktop":{"background-color":"var(--ast-global-color-5)","background-image":"","background-repeat":"repeat","background-position":"center center","background-size":"auto","background-attachment":"scroll","background-type":"","background-media":"","overlay-type":"","overlay-color":"","overlay-gradient":""},"tablet":{"background-color":"var(--ast-global-color-5)","background-image":"","background-repeat":"repeat","background-position":"center center","background-size":"auto","background-attachment":"scroll","background-type":"","background-media":"","overlay-type":"","overlay-color":"","overlay-gradient":""},"mobile":{"background-color":"var(--ast-global-color-5)","background-image":"","background-repeat":"repeat","background-position":"center center","background-size":"auto","background-attachment":"scroll","background-type":"","background-media":"","overlay-type":"","overlay-color":"","overlay-gradient":""}},"footnotes":""},"categories":[1],"tags":[35013,61143,61145,13642,61142,61144],"class_list":["post-20022","post","type-post","status-publish","format-standard","hentry","category-sin-categoria","tag-dru-dougherty","tag-eliane-lavaud-fage","tag-javier-serrano","tag-manuel-aznar-soler","tag-sanchez-colomer-ruiz-m-fernanda","tag-serge-salain"],"_links":{"self":[{"href":"https:\/\/www.deberes.net\/tesis\/wp-json\/wp\/v2\/posts\/20022","targetHints":{"allow":["GET"]}}],"collection":[{"href":"https:\/\/www.deberes.net\/tesis\/wp-json\/wp\/v2\/posts"}],"about":[{"href":"https:\/\/www.deberes.net\/tesis\/wp-json\/wp\/v2\/types\/post"}],"author":[{"embeddable":true,"href":"https:\/\/www.deberes.net\/tesis\/wp-json\/wp\/v2\/users\/1"}],"replies":[{"embeddable":true,"href":"https:\/\/www.deberes.net\/tesis\/wp-json\/wp\/v2\/comments?post=20022"}],"version-history":[{"count":0,"href":"https:\/\/www.deberes.net\/tesis\/wp-json\/wp\/v2\/posts\/20022\/revisions"}],"wp:attachment":[{"href":"https:\/\/www.deberes.net\/tesis\/wp-json\/wp\/v2\/media?parent=20022"}],"wp:term":[{"taxonomy":"category","embeddable":true,"href":"https:\/\/www.deberes.net\/tesis\/wp-json\/wp\/v2\/categories?post=20022"},{"taxonomy":"post_tag","embeddable":true,"href":"https:\/\/www.deberes.net\/tesis\/wp-json\/wp\/v2\/tags?post=20022"}],"curies":[{"name":"wp","href":"https:\/\/api.w.org\/{rel}","templated":true}]}}