{"id":20024,"date":"2018-03-09T09:09:13","date_gmt":"2018-03-09T09:09:13","guid":{"rendered":"https:\/\/www.deberes.net\/tesis\/sin-categoria\/ordenacion-minero-ambiental-de-recursos-de-rocas-industriales-aplicacion-a-la-reserva-estatal-de-pizarras-de-la-cabrera\/"},"modified":"2018-03-09T09:09:13","modified_gmt":"2018-03-09T09:09:13","slug":"ordenacion-minero-ambiental-de-recursos-de-rocas-industriales-aplicacion-a-la-reserva-estatal-de-pizarras-de-la-cabrera","status":"publish","type":"post","link":"https:\/\/www.deberes.net\/tesis\/politecnica-de-madrid\/ordenacion-minero-ambiental-de-recursos-de-rocas-industriales-aplicacion-a-la-reserva-estatal-de-pizarras-de-la-cabrera\/","title":{"rendered":"Ordenaci\u00f3n minero-ambiental de recursos de rocas industriales. aplicaci\u00f3n a la reserva estatal de pizarras de la cabrera"},"content":{"rendered":"<h2>Tesis doctoral de <strong> Daniel Barettino Fraile <\/strong><\/h2>\n<p>La tesis tiene como objetivo principal el dise\u00f1o de una metodolog\u00eda general, soportada y gestionada en sistemas de informaci\u00f3n geogr\u00e1fica (sig), para la realizaci\u00f3n de mapas de ordenaci\u00f3n minero &#8211; ambiental de los recursos de rocas y minerales industriales. Para el dise\u00f1o y puesta a punto de esta metodolog\u00eda se ha realizado un estudio piloto de investigaci\u00f3n metodol\u00f3gica en el reserva estatal de pizarras de la cabrera (le\u00f3n), que ha tenido como resultado primario y directo la realizaci\u00f3n del \u00ab\u00bbmapa de ordenaci\u00f3n minero &#8211; ambiental del yacimiento de pizarras de la cabrera (le\u00f3n).  este estudio piloto se inicia con un cap\u00edtulo donde se describe el inventario ambiental de la comarca natural de la cabrera, donde se analizan los diferentes elementos que constituyen el medio, tanto f\u00edsico como socio socioec\u00f3mico y cultural;  a continuaci\u00f3n sigue un cap\u00edtulo dedicado a la explotaci\u00f3n minera de la pizarra.  se aborda a continuaci\u00f3n el estudio de diagn\u00f3stico territorial, cuyo objetivo es el an\u00e1lisis de la capacidad de acogida del territorio de la cabrera parala explotaci\u00f3n de sus recursos de pizarra, mediante la definici\u00f3n de un modelo impacto\/aptitud.  para las evaluaci\u00f3n del valor para la conservaci\u00f3n, del impacto, y de la aptitud para la explotaci\u00f3n mionera de cada una unidad territorial se ha dise\u00f1ado un m\u00e9todo basado en la desagradaci\u00f3n en componentes, y obtenci\u00f3n de los valores agregados mediante la asignaci\u00f3n de coeficientes de ponderaci\u00f3n a cada componente.  el an\u00e1lisis de la capacidad de acogida del territorio para la actividad minera se basa en el establecimiento de un modelo de impacto\/aptitud, en el cual, sobre una matriz de doble entrada (rangos de impacto y rangos de aptitud), se definen las clases de capacidad de acogida.  el mapa de ordenaci\u00f3n minero &#8211; ambiental se obtiene a partir de una zonificaci\u00f3n del territorio basada en la capacidad de acogida y en la aplicaci\u00f3n de criterios excluye<\/p>\n<p>&nbsp;<\/p>\n<h3>Datos acad\u00e9micos de la tesis doctoral \u00ab<strong>Ordenaci\u00f3n minero-ambiental de recursos de rocas industriales. aplicaci\u00f3n a la reserva estatal de pizarras de la cabrera<\/strong>\u00ab<\/h3>\n<ul>\n<li><strong>T\u00edtulo de la tesis:<\/strong>\u00a0 Ordenaci\u00f3n minero-ambiental de recursos de rocas industriales. aplicaci\u00f3n a la reserva estatal de pizarras de la cabrera <\/li>\n<li><strong>Autor:<\/strong>\u00a0 Daniel Barettino Fraile <\/li>\n<li><strong>Universidad:<\/strong>\u00a0 Polit\u00e9cnica de Madrid<\/li>\n<li><strong>Fecha de lectura de la tesis:<\/strong>\u00a0 19\/11\/2002<\/li>\n<\/ul>\n<p>&nbsp;<\/p>\n<h3>Direcci\u00f3n y tribunal<\/h3>\n<ul>\n<li><strong>Director de la tesis<\/strong>\n<ul>\n<li>Angel Garc\u00eda Cortes<\/li>\n<\/ul>\n<\/li>\n<li><strong>Tribunal<\/strong>\n<ul>\n<li>Presidente del tribunal: hermenegildo Mansilla izquierdo <\/li>\n<li>Jorge Loredo l\u00f3pez (vocal)<\/li>\n<li>domingo G\u00f3mez orea (vocal)<\/li>\n<li>Jos\u00e9 Mar\u00eda Lanaja del busto (vocal)<\/li>\n<\/ul>\n<\/li>\n<\/ul>\n<p>&nbsp;<\/p>\n","protected":false},"excerpt":{"rendered":"<p>Tesis doctoral de Daniel Barettino Fraile La tesis tiene como objetivo principal el dise\u00f1o de una metodolog\u00eda general, soportada y [&hellip;]<\/p>\n","protected":false},"author":1,"featured_media":0,"comment_status":"open","ping_status":"open","sticky":false,"template":"","format":"standard","meta":{"site-sidebar-layout":"default","site-content-layout":"","ast-site-content-layout":"","site-content-style":"default","site-sidebar-style":"default","ast-global-header-display":"","ast-banner-title-visibility":"","ast-main-header-display":"","ast-hfb-above-header-display":"","ast-hfb-below-header-display":"","ast-hfb-mobile-header-display":"","site-post-title":"","ast-breadcrumbs-content":"","ast-featured-img":"","footer-sml-layout":"","theme-transparent-header-meta":"","adv-header-id-meta":"","stick-header-meta":"","header-above-stick-meta":"","header-main-stick-meta":"","header-below-stick-meta":"","astra-migrate-meta-layouts":"default","ast-page-background-enabled":"default","ast-page-background-meta":{"desktop":{"background-color":"var(--ast-global-color-4)","background-image":"","background-repeat":"repeat","background-position":"center center","background-size":"auto","background-attachment":"scroll","background-type":"","background-media":"","overlay-type":"","overlay-color":"","overlay-gradient":""},"tablet":{"background-color":"","background-image":"","background-repeat":"repeat","background-position":"center center","background-size":"auto","background-attachment":"scroll","background-type":"","background-media":"","overlay-type":"","overlay-color":"","overlay-gradient":""},"mobile":{"background-color":"","background-image":"","background-repeat":"repeat","background-position":"center center","background-size":"auto","background-attachment":"scroll","background-type":"","background-media":"","overlay-type":"","overlay-color":"","overlay-gradient":""}},"ast-content-background-meta":{"desktop":{"background-color":"var(--ast-global-color-5)","background-image":"","background-repeat":"repeat","background-position":"center center","background-size":"auto","background-attachment":"scroll","background-type":"","background-media":"","overlay-type":"","overlay-color":"","overlay-gradient":""},"tablet":{"background-color":"var(--ast-global-color-5)","background-image":"","background-repeat":"repeat","background-position":"center center","background-size":"auto","background-attachment":"scroll","background-type":"","background-media":"","overlay-type":"","overlay-color":"","overlay-gradient":""},"mobile":{"background-color":"var(--ast-global-color-5)","background-image":"","background-repeat":"repeat","background-position":"center center","background-size":"auto","background-attachment":"scroll","background-type":"","background-media":"","overlay-type":"","overlay-color":"","overlay-gradient":""}},"footnotes":""},"categories":[16008],"tags":[37414,61148,27482,30841,61149,16112],"class_list":["post-20024","post","type-post","status-publish","format-standard","hentry","category-politecnica-de-madrid","tag-angel-garcia-cortes","tag-daniel-barettino-fraile","tag-domingo-gomez-orea","tag-hermenegildo-mansilla-izquierdo","tag-jorge-loredo-lopez","tag-jose-maria-lanaja-del-busto"],"_links":{"self":[{"href":"https:\/\/www.deberes.net\/tesis\/wp-json\/wp\/v2\/posts\/20024","targetHints":{"allow":["GET"]}}],"collection":[{"href":"https:\/\/www.deberes.net\/tesis\/wp-json\/wp\/v2\/posts"}],"about":[{"href":"https:\/\/www.deberes.net\/tesis\/wp-json\/wp\/v2\/types\/post"}],"author":[{"embeddable":true,"href":"https:\/\/www.deberes.net\/tesis\/wp-json\/wp\/v2\/users\/1"}],"replies":[{"embeddable":true,"href":"https:\/\/www.deberes.net\/tesis\/wp-json\/wp\/v2\/comments?post=20024"}],"version-history":[{"count":0,"href":"https:\/\/www.deberes.net\/tesis\/wp-json\/wp\/v2\/posts\/20024\/revisions"}],"wp:attachment":[{"href":"https:\/\/www.deberes.net\/tesis\/wp-json\/wp\/v2\/media?parent=20024"}],"wp:term":[{"taxonomy":"category","embeddable":true,"href":"https:\/\/www.deberes.net\/tesis\/wp-json\/wp\/v2\/categories?post=20024"},{"taxonomy":"post_tag","embeddable":true,"href":"https:\/\/www.deberes.net\/tesis\/wp-json\/wp\/v2\/tags?post=20024"}],"curies":[{"name":"wp","href":"https:\/\/api.w.org\/{rel}","templated":true}]}}