{"id":20027,"date":"2018-03-09T09:09:13","date_gmt":"2018-03-09T09:09:13","guid":{"rendered":"https:\/\/www.deberes.net\/tesis\/sin-categoria\/diseno-construccion-y-validacion-de-una-escala-de-insatisfaccion-corporal-para-adolescentes\/"},"modified":"2018-03-09T09:09:13","modified_gmt":"2018-03-09T09:09:13","slug":"diseno-construccion-y-validacion-de-una-escala-de-insatisfaccion-corporal-para-adolescentes","status":"publish","type":"post","link":"https:\/\/www.deberes.net\/tesis\/publica-de-navarra\/diseno-construccion-y-validacion-de-una-escala-de-insatisfaccion-corporal-para-adolescentes\/","title":{"rendered":"Dise\u00f1o, construcci\u00f3n y validaci\u00f3n de una escala de insatisfacci\u00f3n corporal para adolescentes"},"content":{"rendered":"<h2>Tesis doctoral de <strong> Jos\u00e9 Ignacio Baile Ayensa <\/strong><\/h2>\n<p>Introducci\u00f3n  dentro del estudio de los trastornos de la conducta alimentaria se ha considerado que la insatisfacci\u00f3n corporal, como una alteraci\u00f3n de la imagen corporal, es uno de los factores de riesgo que mejore predice el inicio de conductas alimenticias alteradas. En espa\u00f1a se carece de instrumentos espec\u00edficos para evaluar imagen corporal y sus alteraciones en adolescentes, por tanto el objetivo de esta tesis es el desarrollo de una escala para ello.  metodolog\u00eda  se han seguido los principios psicom\u00e9tricos en la elaboraci\u00f3n de escalas tipo likert y de c\u00e1lculos de fiabilidad y validez. Para ello se han realizado 6 estudios. En los estudios 1, 2 y 3 se propusieron los \u00edtems experimentales, se depuraron por el sistema de jueces especialistas y se calcul\u00f3 su poder discriminante por el sistema de la correlaci\u00f3n corregida \u00edtem\/escala y por el sistema de discriminaci\u00f3n entre grupo de mayor y menor puntuaci\u00f3n. en el estuido 4 se determin\u00f3 la fiabilidad por tres m\u00e9todos: el alfa de crombach, fiabilidad de dos mitades y t\u00e9cnica test-retest a una semana. en el estudio 5 se calcul\u00f3 la validez, para ello se correlacion\u00f3 la nueva escala con cuestionarios ya validados, el bsq, el eat-40 y la subescala de insatisfacci\u00f3n corporal del edi-2, igualmente se hall\u00f3 la estructura factorial del cuestionario y se determin\u00f3 la validez cl\u00ednica por m\u00e9todos estad\u00edsticos. El \u00faltimo estudio, el 6\u00c2\u00ba se dedic\u00f3 a crear una tabla de percentiles por sexo y grupos de edad.  para realizar todos estos trabajos se cont\u00f3 con una muestra de 569 adolescentes de 12 a 19 a\u00f1os de ambos sexos, provenientes de dos institutos (uno privado y otro p\u00fablico) de tudela y pamplona en navarra.  resultados  tras la realizaci\u00f3n de los estudios 1, 2 y 3 la escala definitiva qued\u00f3 compuesta por 32 \u00edtems, los cuales tienen una correlaci\u00f3n corregida de c\u00f3mo m\u00ednimo 0.20 y son capaces de discriminar entre grupos extremos con una significaci\u00f3n de 0.05<\/p>\n<p>&nbsp;<\/p>\n<h3>Datos acad\u00e9micos de la tesis doctoral \u00ab<strong>Dise\u00f1o, construcci\u00f3n y validaci\u00f3n de una escala de insatisfacci\u00f3n corporal para adolescentes<\/strong>\u00ab<\/h3>\n<ul>\n<li><strong>T\u00edtulo de la tesis:<\/strong>\u00a0 Dise\u00f1o, construcci\u00f3n y validaci\u00f3n de una escala de insatisfacci\u00f3n corporal para adolescentes <\/li>\n<li><strong>Autor:<\/strong>\u00a0 Jos\u00e9 Ignacio Baile Ayensa <\/li>\n<li><strong>Universidad:<\/strong>\u00a0 P\u00fablica de navarra<\/li>\n<li><strong>Fecha de lectura de la tesis:<\/strong>\u00a0 19\/11\/2002<\/li>\n<\/ul>\n<p>&nbsp;<\/p>\n<h3>Direcci\u00f3n y tribunal<\/h3>\n<ul>\n<li><strong>Director de la tesis<\/strong>\n<ul>\n<li>Emilio Garrido Land\u00edvar<\/li>\n<\/ul>\n<\/li>\n<li><strong>Tribunal<\/strong>\n<ul>\n<li>Presidente del tribunal: salvador Cervera enguix <\/li>\n<li>milagros Poll\u00e1n rufo (vocal)<\/li>\n<li>rosa Mar\u00eda Raich escursell (vocal)<\/li>\n<li>ricardo Zapata garcia (vocal)<\/li>\n<\/ul>\n<\/li>\n<\/ul>\n<p>&nbsp;<\/p>\n","protected":false},"excerpt":{"rendered":"<p>Tesis doctoral de Jos\u00e9 Ignacio Baile Ayensa Introducci\u00f3n dentro del estudio de los trastornos de la conducta alimentaria se ha [&hellip;]<\/p>\n","protected":false},"author":1,"featured_media":0,"comment_status":"open","ping_status":"open","sticky":false,"template":"","format":"standard","meta":{"site-sidebar-layout":"default","site-content-layout":"","ast-site-content-layout":"","site-content-style":"default","site-sidebar-style":"default","ast-global-header-display":"","ast-banner-title-visibility":"","ast-main-header-display":"","ast-hfb-above-header-display":"","ast-hfb-below-header-display":"","ast-hfb-mobile-header-display":"","site-post-title":"","ast-breadcrumbs-content":"","ast-featured-img":"","footer-sml-layout":"","theme-transparent-header-meta":"","adv-header-id-meta":"","stick-header-meta":"","header-above-stick-meta":"","header-main-stick-meta":"","header-below-stick-meta":"","astra-migrate-meta-layouts":"default","ast-page-background-enabled":"default","ast-page-background-meta":{"desktop":{"background-color":"var(--ast-global-color-4)","background-image":"","background-repeat":"repeat","background-position":"center center","background-size":"auto","background-attachment":"scroll","background-type":"","background-media":"","overlay-type":"","overlay-color":"","overlay-gradient":""},"tablet":{"background-color":"","background-image":"","background-repeat":"repeat","background-position":"center center","background-size":"auto","background-attachment":"scroll","background-type":"","background-media":"","overlay-type":"","overlay-color":"","overlay-gradient":""},"mobile":{"background-color":"","background-image":"","background-repeat":"repeat","background-position":"center center","background-size":"auto","background-attachment":"scroll","background-type":"","background-media":"","overlay-type":"","overlay-color":"","overlay-gradient":""}},"ast-content-background-meta":{"desktop":{"background-color":"var(--ast-global-color-5)","background-image":"","background-repeat":"repeat","background-position":"center center","background-size":"auto","background-attachment":"scroll","background-type":"","background-media":"","overlay-type":"","overlay-color":"","overlay-gradient":""},"tablet":{"background-color":"var(--ast-global-color-5)","background-image":"","background-repeat":"repeat","background-position":"center center","background-size":"auto","background-attachment":"scroll","background-type":"","background-media":"","overlay-type":"","overlay-color":"","overlay-gradient":""},"mobile":{"background-color":"var(--ast-global-color-5)","background-image":"","background-repeat":"repeat","background-position":"center center","background-size":"auto","background-attachment":"scroll","background-type":"","background-media":"","overlay-type":"","overlay-color":"","overlay-gradient":""}},"footnotes":""},"categories":[18529],"tags":[54249,61153,52471,13082,1180,1410],"class_list":["post-20027","post","type-post","status-publish","format-standard","hentry","category-publica-de-navarra","tag-emilio-garrido-landivar","tag-jose-ignacio-baile-ayensa","tag-milagros-pollan-rufo","tag-ricardo-zapata-garcia","tag-rosa-maria-raich-escursell","tag-salvador-cervera-enguix"],"_links":{"self":[{"href":"https:\/\/www.deberes.net\/tesis\/wp-json\/wp\/v2\/posts\/20027","targetHints":{"allow":["GET"]}}],"collection":[{"href":"https:\/\/www.deberes.net\/tesis\/wp-json\/wp\/v2\/posts"}],"about":[{"href":"https:\/\/www.deberes.net\/tesis\/wp-json\/wp\/v2\/types\/post"}],"author":[{"embeddable":true,"href":"https:\/\/www.deberes.net\/tesis\/wp-json\/wp\/v2\/users\/1"}],"replies":[{"embeddable":true,"href":"https:\/\/www.deberes.net\/tesis\/wp-json\/wp\/v2\/comments?post=20027"}],"version-history":[{"count":0,"href":"https:\/\/www.deberes.net\/tesis\/wp-json\/wp\/v2\/posts\/20027\/revisions"}],"wp:attachment":[{"href":"https:\/\/www.deberes.net\/tesis\/wp-json\/wp\/v2\/media?parent=20027"}],"wp:term":[{"taxonomy":"category","embeddable":true,"href":"https:\/\/www.deberes.net\/tesis\/wp-json\/wp\/v2\/categories?post=20027"},{"taxonomy":"post_tag","embeddable":true,"href":"https:\/\/www.deberes.net\/tesis\/wp-json\/wp\/v2\/tags?post=20027"}],"curies":[{"name":"wp","href":"https:\/\/api.w.org\/{rel}","templated":true}]}}