{"id":20035,"date":"2018-03-09T09:09:13","date_gmt":"2018-03-09T09:09:13","guid":{"rendered":"https:\/\/www.deberes.net\/tesis\/sin-categoria\/el-cantar-de-los-nibelungos-en-el-contexto-comunicativo-de-la-sociedad-feudal\/"},"modified":"2018-03-09T09:09:13","modified_gmt":"2018-03-09T09:09:13","slug":"el-cantar-de-los-nibelungos-en-el-contexto-comunicativo-de-la-sociedad-feudal","status":"publish","type":"post","link":"https:\/\/www.deberes.net\/tesis\/valladolid\/el-cantar-de-los-nibelungos-en-el-contexto-comunicativo-de-la-sociedad-feudal\/","title":{"rendered":"El cantar de los nibelungos en el contexto comunicativo de la sociedad feudal"},"content":{"rendered":"<h2>Tesis doctoral de <strong> Jes\u00fas P\u00e9rez Garc\u00eda <\/strong><\/h2>\n<p>El trabajo analiza el contexto que rode\u00f3 la producci\u00f3n y la recepci\u00f3n del cantar de los nibelungos. En un nivel de detalle se tratan los siguientes aspectos: ra\u00edces cl\u00e1sicas del g\u00e9nero \u00e9pico, atendiendo a su car\u00e1cter oral (o pseudo-oral) y narrativo: realizaciones de la macroforma \u00e9pica en el espacio de las lenguas germ\u00e1nicas; las leyendas como cauce sub\u00e9pico que favorec\u00eda la preservaci\u00f3n y transmisi\u00f3n de los materiales \u00e9picos; el concepto \u00abpoes\u00eda popular\u00bb y la relaci\u00f3n con el \u00abfolclore\u00bb; el esp\u00edritu nacional, tal como se manifiesta en la edad media; la relaci\u00f3n entre oralidad y escritura, dos formas de codificaic\u00f3n que en el medievo muestran una imbricaci\u00f3n muy distinta a la de la era tipogr\u00e1fica; la funci\u00f3n de la \u00e9pica como soporte que atesora y modela la informaci\u00f3n hist\u00f3rica; y la reflexi\u00f3n creativa en torno a la realidad pol\u00edtica y jur\u00eddica del feudalismo.<\/p>\n<p>&nbsp;<\/p>\n<h3>Datos acad\u00e9micos de la tesis doctoral \u00ab<strong>El cantar de los nibelungos en el contexto comunicativo de la sociedad feudal<\/strong>\u00ab<\/h3>\n<ul>\n<li><strong>T\u00edtulo de la tesis:<\/strong>\u00a0 El cantar de los nibelungos en el contexto comunicativo de la sociedad feudal <\/li>\n<li><strong>Autor:<\/strong>\u00a0 Jes\u00fas P\u00e9rez Garc\u00eda <\/li>\n<li><strong>Universidad:<\/strong>\u00a0 Valladolid<\/li>\n<li><strong>Fecha de lectura de la tesis:<\/strong>\u00a0 20\/11\/2002<\/li>\n<\/ul>\n<p>&nbsp;<\/p>\n<h3>Direcci\u00f3n y tribunal<\/h3>\n<ul>\n<li><strong>Director de la tesis<\/strong>\n<ul>\n<li>Francisco Manuel Mari\u00f1o G\u00f3mez<\/li>\n<\/ul>\n<\/li>\n<li><strong>Tribunal<\/strong>\n<ul>\n<li>Presidente del tribunal: Luis angel Acosta gomez <\/li>\n<li>eva Parra membriles (vocal)<\/li>\n<li>Rafael L\u00f3pez-campos bodineau (vocal)<\/li>\n<li>berta Raposo fern\u00e1ndez (vocal)<\/li>\n<\/ul>\n<\/li>\n<\/ul>\n<p>&nbsp;<\/p>\n","protected":false},"excerpt":{"rendered":"<p>Tesis doctoral de Jes\u00fas P\u00e9rez Garc\u00eda El trabajo analiza el contexto que rode\u00f3 la producci\u00f3n y la recepci\u00f3n del cantar [&hellip;]<\/p>\n","protected":false},"author":1,"featured_media":0,"comment_status":"open","ping_status":"open","sticky":false,"template":"","format":"standard","meta":{"site-sidebar-layout":"default","site-content-layout":"","ast-site-content-layout":"","site-content-style":"default","site-sidebar-style":"default","ast-global-header-display":"","ast-banner-title-visibility":"","ast-main-header-display":"","ast-hfb-above-header-display":"","ast-hfb-below-header-display":"","ast-hfb-mobile-header-display":"","site-post-title":"","ast-breadcrumbs-content":"","ast-featured-img":"","footer-sml-layout":"","theme-transparent-header-meta":"","adv-header-id-meta":"","stick-header-meta":"","header-above-stick-meta":"","header-main-stick-meta":"","header-below-stick-meta":"","astra-migrate-meta-layouts":"default","ast-page-background-enabled":"default","ast-page-background-meta":{"desktop":{"background-color":"var(--ast-global-color-4)","background-image":"","background-repeat":"repeat","background-position":"center center","background-size":"auto","background-attachment":"scroll","background-type":"","background-media":"","overlay-type":"","overlay-color":"","overlay-gradient":""},"tablet":{"background-color":"","background-image":"","background-repeat":"repeat","background-position":"center center","background-size":"auto","background-attachment":"scroll","background-type":"","background-media":"","overlay-type":"","overlay-color":"","overlay-gradient":""},"mobile":{"background-color":"","background-image":"","background-repeat":"repeat","background-position":"center center","background-size":"auto","background-attachment":"scroll","background-type":"","background-media":"","overlay-type":"","overlay-color":"","overlay-gradient":""}},"ast-content-background-meta":{"desktop":{"background-color":"var(--ast-global-color-5)","background-image":"","background-repeat":"repeat","background-position":"center center","background-size":"auto","background-attachment":"scroll","background-type":"","background-media":"","overlay-type":"","overlay-color":"","overlay-gradient":""},"tablet":{"background-color":"var(--ast-global-color-5)","background-image":"","background-repeat":"repeat","background-position":"center center","background-size":"auto","background-attachment":"scroll","background-type":"","background-media":"","overlay-type":"","overlay-color":"","overlay-gradient":""},"mobile":{"background-color":"var(--ast-global-color-5)","background-image":"","background-repeat":"repeat","background-position":"center center","background-size":"auto","background-attachment":"scroll","background-type":"","background-media":"","overlay-type":"","overlay-color":"","overlay-gradient":""}},"footnotes":""},"categories":[12451],"tags":[43640,61174,61173,61172,6246,44500],"class_list":["post-20035","post","type-post","status-publish","format-standard","hentry","category-valladolid","tag-berta-raposo-fernandez","tag-eva-parra-membriles","tag-francisco-manuel-marino-gomez","tag-jesus-perez-garcia","tag-luis-angel-acosta-gomez","tag-rafael-lopez-campos-bodineau"],"_links":{"self":[{"href":"https:\/\/www.deberes.net\/tesis\/wp-json\/wp\/v2\/posts\/20035","targetHints":{"allow":["GET"]}}],"collection":[{"href":"https:\/\/www.deberes.net\/tesis\/wp-json\/wp\/v2\/posts"}],"about":[{"href":"https:\/\/www.deberes.net\/tesis\/wp-json\/wp\/v2\/types\/post"}],"author":[{"embeddable":true,"href":"https:\/\/www.deberes.net\/tesis\/wp-json\/wp\/v2\/users\/1"}],"replies":[{"embeddable":true,"href":"https:\/\/www.deberes.net\/tesis\/wp-json\/wp\/v2\/comments?post=20035"}],"version-history":[{"count":0,"href":"https:\/\/www.deberes.net\/tesis\/wp-json\/wp\/v2\/posts\/20035\/revisions"}],"wp:attachment":[{"href":"https:\/\/www.deberes.net\/tesis\/wp-json\/wp\/v2\/media?parent=20035"}],"wp:term":[{"taxonomy":"category","embeddable":true,"href":"https:\/\/www.deberes.net\/tesis\/wp-json\/wp\/v2\/categories?post=20035"},{"taxonomy":"post_tag","embeddable":true,"href":"https:\/\/www.deberes.net\/tesis\/wp-json\/wp\/v2\/tags?post=20035"}],"curies":[{"name":"wp","href":"https:\/\/api.w.org\/{rel}","templated":true}]}}